{"id":6220,"date":"2012-11-21T10:20:28","date_gmt":"2012-11-21T13:20:28","guid":{"rendered":"http:\/\/www.24baires.com\/?p=6220"},"modified":"2012-11-21T10:58:37","modified_gmt":"2012-11-21T13:58:37","slug":"autonomistas-vuelven-a-reclamar-cortando-rutas","status":"publish","type":"post","link":"https:\/\/www.24baires.com\/?p=6220","title":{"rendered":"Autonomistas vuelven a reclamar cortando rutas"},"content":{"rendered":"<p><img data-recalc-dims=\"1\" loading=\"lazy\" decoding=\"async\" class=\"alignleft size-medium wp-image-6222\" title=\"autonomistasquequen\" src=\"https:\/\/i0.wp.com\/www.24baires.com\/wp-content\/uploads\/2012\/11\/autonomistasquequen1.jpg?resize=300%2C198\" alt=\"\" width=\"300\" height=\"198\" srcset=\"https:\/\/i0.wp.com\/www.24baires.com\/wp-content\/uploads\/2012\/11\/autonomistasquequen1.jpg?resize=300%2C198&amp;ssl=1 300w, https:\/\/i0.wp.com\/www.24baires.com\/wp-content\/uploads\/2012\/11\/autonomistasquequen1.jpg?w=500&amp;ssl=1 500w\" sizes=\"auto, (max-width: 300px) 100vw, 300px\" \/>Un grupo de movimientos autonomistas de la Provincia decidi\u00f3 endurecer sus reclamos y realizar\u00e1 durante el fin de semana largo cortes en la ruta 2 y en distintas lugares del Conurbano.<!--more--><\/p>\n<p>En medio del fuerte movimiento que se aguarda por el fin de semana largo, la Asociaci\u00f3n Nuevos Municipios resolvi\u00f3 realizar un corte de ruta 2 el viernes a partir de las 18 a la altura de Alpargatas.<\/p>\n<p>Pero adem\u00e1s, el lunes, habr\u00e1 otro corte tambi\u00e9n en la ruta 2, que afectar\u00e1 el regreso de turistas con destino a La Plata y Capital Federal. Ser\u00e1 a la altura de Coronel Vidal -a 60 kil\u00f3metros de Mar del Plata-, que protagonizar\u00e1n los movimientos autonomistas de Quequ\u00e9n y Huanguel\u00e9n.<\/p>\n<p>\u201cNos obligan a adoptar estas medidas ante la inacci\u00f3n oficial\u201d, dijeron voceros de la Asociaci\u00f3n, quienes se quejaron por la falta de tratamiento de la Legislatura de los proyectos de ley que se han presentado para la formaci\u00f3n de los nuevos distritos \u201cy los rumores de que los mismos no ser\u00e1n tratados y archivados\u201d.<\/p>\n<p>Los movimientos autonomistas no solo impulsan sus proyectos en forma individual, sino que adem\u00e1s han pedido ser recibidos por el gobernador Daniel Scioli y la ministra de Gobierno \u00c1lvarez Rodr\u00edguez, pero a\u00fan no consiguieron las entrevistas.<\/p>\n","protected":false},"excerpt":{"rendered":"<p>Un grupo de movimientos autonomistas de la Provincia decidi\u00f3 endurecer sus reclamos y realizar\u00e1 durante el fin de semana largo cortes en la ruta 2 y en distintas lugares del Conurbano.<\/p>\n","protected":false},"author":4,"featured_media":0,"comment_status":"open","ping_status":"open","sticky":false,"template":"","format":"standard","meta":{"_jetpack_newsletter_access":"","_jetpack_dont_email_post_to_subs":false,"_jetpack_newsletter_tier_id":0,"_jetpack_memberships_contains_paywalled_content":false,"_jetpack_memberships_contains_paid_content":false,"footnotes":""},"categories":[1],"tags":[],"class_list":["post-6220","post","type-post","status-publish","format-standard","hentry","category-sociedad"],"jetpack_featured_media_url":"","jetpack_shortlink":"https:\/\/wp.me\/p2JWE0-1Ck","jetpack-related-posts":[{"id":6383,"url":"https:\/\/www.24baires.com\/?p=6383","url_meta":{"origin":6220,"position":0},"title":"Autonomistas volver\u00e1n a cortar rutas durante el pr\u00f3ximo fin de semana largo","author":"AF","date":"22\/11\/2012","format":false,"excerpt":"La Asociaci\u00f3n Nuevos Municipios, resolvi\u00f3 realizar un corte en Ruta N\u00ba 2, el pr\u00f3ximo viernes 23 a partir de las 18, a la altura de Alpargatas. La medida prevista para el fin de semana largo, es en reclamo por el avance de los proyectos para crear nuevas comunas y la\u2026","rel":"","context":"En \u00abSociedad\u00bb","block_context":{"text":"Sociedad","link":"https:\/\/www.24baires.com\/?cat=1"},"img":{"alt_text":"","src":"https:\/\/i0.wp.com\/www.24baires.com\/wp-content\/uploads\/2012\/11\/autonomistas-quequ%C3%A9n.jpg?resize=350%2C200","width":350,"height":200,"srcset":"https:\/\/i0.wp.com\/www.24baires.com\/wp-content\/uploads\/2012\/11\/autonomistas-quequ%C3%A9n.jpg?resize=350%2C200 1x, https:\/\/i0.wp.com\/www.24baires.com\/wp-content\/uploads\/2012\/11\/autonomistas-quequ%C3%A9n.jpg?resize=525%2C300 1.5x"},"classes":[]},{"id":10523,"url":"https:\/\/www.24baires.com\/?p=10523","url_meta":{"origin":6220,"position":1},"title":"Autonomistas volver\u00e1n a cortar la autopista 2 para intensificar sus reclamos","author":"AF","date":"27\/12\/2012","format":false,"excerpt":"Los movimientos autonomistas de la provincia de Buenos Aires realizar\u00e1n un corte de ruta el pr\u00f3ximo s\u00e1bado en la ruta 2 a 13 kil\u00f3metros del ingreso a Mar del Plata, a la altura del parque acu\u00e1tico, y prometen realizar manifestaciones a lo largo de todo el verano. La decisi\u00f3n adoptada\u2026","rel":"","context":"En \u00abSociedad\u00bb","block_context":{"text":"Sociedad","link":"https:\/\/www.24baires.com\/?cat=1"},"img":{"alt_text":"","src":"","width":0,"height":0},"classes":[]},{"id":53773,"url":"https:\/\/www.24baires.com\/?p=53773","url_meta":{"origin":6220,"position":2},"title":"Piden nuevos municipios mediante cortes de ruta","author":"Grupo Sierra","date":"16\/09\/2014","format":false,"excerpt":"Movimientos autonomistas reclaman la sanci\u00f3n de una ley en la Legislatura. Y advierten que saldr\u00e1n a la Ruta 2 el pr\u00f3ximo fin de semana. Vecinos de distintos puntos de la Provincia enrolados en un movimiento que reclama la autonom\u00eda de sus pueblos anunciaron ayer que saldr\u00e1n a realizar una protesta\u2026","rel":"","context":"En \u00abProvincia\u00bb","block_context":{"text":"Provincia","link":"https:\/\/www.24baires.com\/?cat=40"},"img":{"alt_text":"corte ruta 2","src":"https:\/\/i0.wp.com\/www.24baires.com\/wp-content\/uploads\/2014\/09\/corte-ruta-2-300x168.jpg?resize=350%2C200","width":350,"height":200},"classes":[]},{"id":4505,"url":"https:\/\/www.24baires.com\/?p=4505","url_meta":{"origin":6220,"position":3},"title":"El pr\u00f3ximo fin de semana largo los autonomistas volver\u00e1n a las rutas","author":"Grupo Sierra","date":"05\/11\/2012","format":false,"excerpt":"Aseguran que \u201cnadie\u201d los atiende en el Gobierno y que no avanzan los proyectos para crear nuevos distritos. La idea que se maneja por estas horas es producir un corte en la ruta 2 a la altura de Alpargatas, justo cuando se inicie el fin de semana largo de los\u2026","rel":"","context":"En \u00abPol\u00edtica\u00bb","block_context":{"text":"Pol\u00edtica","link":"https:\/\/www.24baires.com\/?cat=51"},"img":{"alt_text":"","src":"https:\/\/i0.wp.com\/www.24baires.com\/wp-content\/uploads\/2012\/11\/quequen-automistas-300x183.jpg?resize=350%2C200","width":350,"height":200},"classes":[]},{"id":9997,"url":"https:\/\/www.24baires.com\/?p=9997","url_meta":{"origin":6220,"position":4},"title":"Autonomistas vuelven a cortar las rutas para hacer o\u00edr sus reclamos","author":"AF","date":"21\/12\/2012","format":false,"excerpt":"El s\u00e1bado 29 ocupar\u00e1n ruta 2 a la altura de Lezama, en el inicio de la temporada. Seguir\u00e1n todo el verano. Los movimientos autonomistas de la Provincia resolvieron intensificar las protestas y anunciaron que realizar\u00e1n cortes de ruta durante todo el verano. La decisi\u00f3n fue adoptada este jueves luego de\u2026","rel":"","context":"En \u00abSociedad\u00bb","block_context":{"text":"Sociedad","link":"https:\/\/www.24baires.com\/?cat=1"},"img":{"alt_text":"autonomistas quequ\u00e9n","src":"https:\/\/i0.wp.com\/www.24baires.com\/wp-content\/uploads\/2012\/11\/autonomistas-quequ%C3%A9n-300x191.jpg?resize=350%2C200","width":350,"height":200},"classes":[]},{"id":53792,"url":"https:\/\/www.24baires.com\/?p=53792","url_meta":{"origin":6220,"position":5},"title":"Autonomistas amenazan con cortar la Ruta 2 a la altura de Dolores","author":"AF","date":"17\/09\/2014","format":false,"excerpt":"Vecinos de distintas ciudades de la provincia que integran la Asociaci\u00f3n para el Reconocimiento de Nuevos Municipios amenazaron con cortar el tr\u00e1nsito en la autov\u00eda 2, en jurisdicci\u00f3n de Dolores, si la Legislatura bonaerense no sanciona un proyecto de ley para la creaci\u00f3n de nuevos distritos en territorio bonaerense. La\u2026","rel":"","context":"En \u00abMunicipios\u00bb","block_context":{"text":"Municipios","link":"https:\/\/www.24baires.com\/?cat=44"},"img":{"alt_text":"autonomistas quequ\u00e9n","src":"https:\/\/i0.wp.com\/www.24baires.com\/wp-content\/uploads\/2012\/11\/autonomistas-quequ%C3%A9n.jpg?resize=350%2C200","width":350,"height":200,"srcset":"https:\/\/i0.wp.com\/www.24baires.com\/wp-content\/uploads\/2012\/11\/autonomistas-quequ%C3%A9n.jpg?resize=350%2C200 1x, https:\/\/i0.wp.com\/www.24baires.com\/wp-content\/uploads\/2012\/11\/autonomistas-quequ%C3%A9n.jpg?resize=525%2C300 1.5x"},"classes":[]}],"jetpack_sharing_enabled":true,"jetpack_likes_enabled":true,"_links":{"self":[{"href":"https:\/\/www.24baires.com\/index.php?rest_route=\/wp\/v2\/posts\/6220","targetHints":{"allow":["GET"]}}],"collection":[{"href":"https:\/\/www.24baires.com\/index.php?rest_route=\/wp\/v2\/posts"}],"about":[{"href":"https:\/\/www.24baires.com\/index.php?rest_route=\/wp\/v2\/types\/post"}],"author":[{"embeddable":true,"href":"https:\/\/www.24baires.com\/index.php?rest_route=\/wp\/v2\/users\/4"}],"replies":[{"embeddable":true,"href":"https:\/\/www.24baires.com\/index.php?rest_route=%2Fwp%2Fv2%2Fcomments&post=6220"}],"version-history":[{"count":2,"href":"https:\/\/www.24baires.com\/index.php?rest_route=\/wp\/v2\/posts\/6220\/revisions"}],"predecessor-version":[{"id":6224,"href":"https:\/\/www.24baires.com\/index.php?rest_route=\/wp\/v2\/posts\/6220\/revisions\/6224"}],"wp:attachment":[{"href":"https:\/\/www.24baires.com\/index.php?rest_route=%2Fwp%2Fv2%2Fmedia&parent=6220"}],"wp:term":[{"taxonomy":"category","embeddable":true,"href":"https:\/\/www.24baires.com\/index.php?rest_route=%2Fwp%2Fv2%2Fcategories&post=6220"},{"taxonomy":"post_tag","embeddable":true,"href":"https:\/\/www.24baires.com\/index.php?rest_route=%2Fwp%2Fv2%2Ftags&post=6220"}],"curies":[{"name":"wp","href":"https:\/\/api.w.org\/{rel}","templated":true}]}}