{"id":6213,"date":"2012-11-21T10:40:33","date_gmt":"2012-11-21T13:40:33","guid":{"rendered":"http:\/\/www.24baires.com\/?p=6213"},"modified":"2012-11-21T10:40:41","modified_gmt":"2012-11-21T13:40:41","slug":"lanzaron-linea-de-credito-para-riego-en-el-sur-bonaerense","status":"publish","type":"post","link":"https:\/\/www.24baires.com\/?p=6213","title":{"rendered":"Lanzaron l\u00ednea de cr\u00e9dito para riego en el sur bonaerense"},"content":{"rendered":"<p>Una l\u00ednea de cr\u00e9ditos del Banco de la Provincia de Buenos Aires (BAPRO) con una partida de 50 millones de pesos fue anunciada para productores de la zona de CORFO-R\u00edo Colorado, destinada a riego en el sur bonaerense.<!--more--><\/p>\n<p>El pr\u00e9stamo ser\u00e1 con un 15 por ciento de inter\u00e9s fijo anual durante los primeros tres a\u00f1os, explicaron el presidente del Banco Provincia, Gustavo Marangoni y el ministro de la Producci\u00f3n, Ciencia y Tecnolog\u00eda bonaerense, Cristian Breitenstein.<\/p>\n<p>En tanto el anuncio se realiz\u00f3 durante los festejos por el 99 aniversario de la localidad de Pedro Luro y all\u00ed se explic\u00f3 que la financiaci\u00f3n est\u00e1 destinada a \u00abproyectos de inversi\u00f3n\u00bb para la zona, que comprende los partidos de Villarino y Carmen de Patagones.<\/p>\n<p>\u00abPodr\u00e1 destinarse a infraestructura de riego y drenaje, nivelaci\u00f3n de canales, limpieza y mejora de bombas, entre otras acciones que favorezcan el \u00e1rea de bajo riego\u00bb, se inform\u00f3 en un comunicado.<\/p>\n<p>La financiaci\u00f3n de proyectos de inversi\u00f3n, otorgada por el BAPRO tiene un plazo de cinco a\u00f1os con un 15 por ciento de inter\u00e9s en tasa fija durante 36 meses y variable para los 24 meses siguientes.<\/p>\n<p>\u00abEsta nueva herramienta que beneficiar\u00e1 a los productores de la regi\u00f3n de CORFO complementa una serie de acciones que el gobierno provincial est\u00e1 desarrollando para la zona con la finalidad de mejorar la situaci\u00f3n de riego\u00bb, asegur\u00f3 Breitenstein.<\/p>\n<p>Adem\u00e1s se\u00f1al\u00f3 que los lineamientos de la l\u00ednea de financiamiento se definir\u00e1 en los pr\u00f3ximos d\u00edas entre funcionarios de la la gerencia zonal de Bah\u00eda Blanca del BAPRO y del Ministerio.<\/p>\n","protected":false},"excerpt":{"rendered":"<p>Una l\u00ednea de cr\u00e9ditos del Banco de la Provincia de Buenos Aires (BAPRO) con una partida de 50 millones de pesos fue anunciada para productores de la zona de CORFO-R\u00edo Colorado, destinada a riego en el sur bonaerense.<\/p>\n","protected":false},"author":4,"featured_media":0,"comment_status":"open","ping_status":"open","sticky":false,"template":"","format":"standard","meta":{"_jetpack_newsletter_access":"","_jetpack_dont_email_post_to_subs":false,"_jetpack_newsletter_tier_id":0,"_jetpack_memberships_contains_paywalled_content":false,"_jetpack_memberships_contains_paid_content":false,"footnotes":""},"categories":[45],"tags":[],"class_list":["post-6213","post","type-post","status-publish","format-standard","hentry","category-economia"],"jetpack_featured_media_url":"","jetpack_shortlink":"https:\/\/wp.me\/p2JWE0-1Cd","jetpack-related-posts":[{"id":100810,"url":"https:\/\/www.24baires.com\/?p=100810","url_meta":{"origin":6213,"position":0},"title":"La provincia avanza en proyectos de riego","author":"AF","date":"01\/03\/2018","format":false,"excerpt":"El Gobierno bonaerense en conjunto con otros sectores avanzaron en la necesidad de elaborar un proyecto ejecutivo para desarrollar nuevas zonas de riego a partir de la extracci\u00f3n de agua del R\u00edo Negro. As\u00ed se estableci\u00f3 en una reuni\u00f3n que encabez\u00f3 el subsecretario de Agricultura, Ganader\u00eda y Pesca bonaerense, Miguel\u2026","rel":"","context":"En \u00abProvincia\u00bb","block_context":{"text":"Provincia","link":"https:\/\/www.24baires.com\/?cat=40"},"img":{"alt_text":"","src":"https:\/\/i0.wp.com\/www.24baires.com\/wp-content\/uploads\/2017\/09\/trigo-campo.jpg?resize=350%2C200","width":350,"height":200,"srcset":"https:\/\/i0.wp.com\/www.24baires.com\/wp-content\/uploads\/2017\/09\/trigo-campo.jpg?resize=350%2C200 1x, https:\/\/i0.wp.com\/www.24baires.com\/wp-content\/uploads\/2017\/09\/trigo-campo.jpg?resize=525%2C300 1.5x"},"classes":[]},{"id":122689,"url":"https:\/\/www.24baires.com\/?p=122689","url_meta":{"origin":6213,"position":1},"title":"Provincia lanza promociones y cr\u00e9ditos para reactivar el turismo","author":"GB","date":"06\/11\/2025","format":false,"excerpt":"El gobierno bonaerense present\u00f3 un paquete de beneficios con cr\u00e9ditos, descuentos y promociones para incentivar el turismo y el consumo en la Costa Atl\u00e1ntica. Con el objetivo de incentivar el consumo y sostener la actividad tur\u00edstica en un contexto econ\u00f3mico adverso, el ministro de Producci\u00f3n, Ciencia e Innovaci\u00f3n Tecnol\u00f3gica bonaerense,\u2026","rel":"","context":"En \u00abProvincia\u00bb","block_context":{"text":"Provincia","link":"https:\/\/www.24baires.com\/?cat=40"},"img":{"alt_text":"","src":"https:\/\/i0.wp.com\/www.24baires.com\/wp-content\/uploads\/2025\/11\/turismo-mar-del-plata-invierno-rambla-lobo-marinojpg-1.jpg?resize=350%2C200","width":350,"height":200,"srcset":"https:\/\/i0.wp.com\/www.24baires.com\/wp-content\/uploads\/2025\/11\/turismo-mar-del-plata-invierno-rambla-lobo-marinojpg-1.jpg?resize=350%2C200 1x, https:\/\/i0.wp.com\/www.24baires.com\/wp-content\/uploads\/2025\/11\/turismo-mar-del-plata-invierno-rambla-lobo-marinojpg-1.jpg?resize=525%2C300 1.5x, https:\/\/i0.wp.com\/www.24baires.com\/wp-content\/uploads\/2025\/11\/turismo-mar-del-plata-invierno-rambla-lobo-marinojpg-1.jpg?resize=700%2C400 2x"},"classes":[]},{"id":122476,"url":"https:\/\/www.24baires.com\/?p=122476","url_meta":{"origin":6213,"position":2},"title":"Kicillof anunci\u00f3 un paquete de medidas para asistir a pymes","author":"GB","date":"22\/08\/2025","format":false,"excerpt":"El plan incluye $1 bill\u00f3n en cr\u00e9ditos del Banco Provincia, alivio fiscal de ARBA y l\u00edneas de apoyo productivo del Ministerio de Desarrollo Agrario. El gobernador de la provincia de Buenos Aires, Axel Kicillof, present\u00f3 un conjunto de medidas econ\u00f3micas y tributarias destinadas a respaldar a las pymes bonaerenses, en\u2026","rel":"","context":"En \u00abProvincia\u00bb","block_context":{"text":"Provincia","link":"https:\/\/www.24baires.com\/?cat=40"},"img":{"alt_text":"","src":"https:\/\/i0.wp.com\/www.24baires.com\/wp-content\/uploads\/2025\/05\/kici-saludo.webp?resize=350%2C200","width":350,"height":200,"srcset":"https:\/\/i0.wp.com\/www.24baires.com\/wp-content\/uploads\/2025\/05\/kici-saludo.webp?resize=350%2C200 1x, https:\/\/i0.wp.com\/www.24baires.com\/wp-content\/uploads\/2025\/05\/kici-saludo.webp?resize=525%2C300 1.5x, https:\/\/i0.wp.com\/www.24baires.com\/wp-content\/uploads\/2025\/05\/kici-saludo.webp?resize=700%2C400 2x"},"classes":[]},{"id":101637,"url":"https:\/\/www.24baires.com\/?p=101637","url_meta":{"origin":6213,"position":3},"title":"Provincia anunci\u00f3 cr\u00e9ditos para que los colectivos tengan c\u00e1maras de seguridad","author":"GB","date":"17\/04\/2018","format":false,"excerpt":"El ministro de Seguridad bonaerense, Cristian Ritondo, anunci\u00f3 que el Banco Provincia otorgar\u00e1 cr\u00e9ditos para instalar c\u00e1maras de seguridad en los colectivos que trabajan de noche, tras el crimen del colectivero. En medio de un fuerte reclamo por seguridad en el municipio bonaerense de La Matanza tras el crimen de\u2026","rel":"","context":"En \u00abProvincia\u00bb","block_context":{"text":"Provincia","link":"https:\/\/www.24baires.com\/?cat=40"},"img":{"alt_text":"","src":"https:\/\/i0.wp.com\/www.24baires.com\/wp-content\/uploads\/2017\/07\/ritondo.jpg?resize=350%2C200","width":350,"height":200,"srcset":"https:\/\/i0.wp.com\/www.24baires.com\/wp-content\/uploads\/2017\/07\/ritondo.jpg?resize=350%2C200 1x, https:\/\/i0.wp.com\/www.24baires.com\/wp-content\/uploads\/2017\/07\/ritondo.jpg?resize=525%2C300 1.5x"},"classes":[]},{"id":122120,"url":"https:\/\/www.24baires.com\/?p=122120","url_meta":{"origin":6213,"position":4},"title":"Kicillof anunci\u00f3 un plan de $273 mil millones para reparar los da\u00f1os en Bah\u00eda Blanca","author":"GB","date":"11\/03\/2025","format":false,"excerpt":"La Provincia otorgar\u00e1 subsidios, cr\u00e9ditos a tasa subsidiada, materiales de construcci\u00f3n y cobertura de boletos de colectivo por 30 d\u00edas; entre otras medidas anunciadas. El gobernador de la provincia de Buenos Aires, Axel Kicillof, anunci\u00f3 este martes una serie de medidas para paliar la situaci\u00f3n de emergencia que afronta Bah\u00eda\u2026","rel":"","context":"En \u00abProvincia\u00bb","block_context":{"text":"Provincia","link":"https:\/\/www.24baires.com\/?cat=40"},"img":{"alt_text":"","src":"https:\/\/i0.wp.com\/www.24baires.com\/wp-content\/uploads\/2025\/03\/kici-bahia.jpg?resize=350%2C200","width":350,"height":200,"srcset":"https:\/\/i0.wp.com\/www.24baires.com\/wp-content\/uploads\/2025\/03\/kici-bahia.jpg?resize=350%2C200 1x, https:\/\/i0.wp.com\/www.24baires.com\/wp-content\/uploads\/2025\/03\/kici-bahia.jpg?resize=525%2C300 1.5x, https:\/\/i0.wp.com\/www.24baires.com\/wp-content\/uploads\/2025\/03\/kici-bahia.jpg?resize=700%2C400 2x"},"classes":[]},{"id":121279,"url":"https:\/\/www.24baires.com\/?p=121279","url_meta":{"origin":6213,"position":5},"title":"Provincia no actualizar\u00e1 la segunda cuota del inmobiliario rural y lanzar\u00e1 cr\u00e9ditos para el campo","author":"GB","date":"30\/04\/2024","format":false,"excerpt":"Luego de las negociaciones con la Mesa de Enlace bonaerense, el gobierno de Axel Kicillof inform\u00f3 que no actualizar\u00e1 la segunda cuota del inmobiliario rural y lanz\u00f3 una serie de cr\u00e9ditos para apuntalar el sector. Tras haberse reunido la semana pasada con las entidades del campo, el Gobierno bonaerense decidi\u00f3\u2026","rel":"","context":"En \u00abProvincia\u00bb","block_context":{"text":"Provincia","link":"https:\/\/www.24baires.com\/?cat=40"},"img":{"alt_text":"","src":"https:\/\/i0.wp.com\/www.24baires.com\/wp-content\/uploads\/2018\/02\/campo-seco.jpeg?resize=350%2C200","width":350,"height":200,"srcset":"https:\/\/i0.wp.com\/www.24baires.com\/wp-content\/uploads\/2018\/02\/campo-seco.jpeg?resize=350%2C200 1x, https:\/\/i0.wp.com\/www.24baires.com\/wp-content\/uploads\/2018\/02\/campo-seco.jpeg?resize=525%2C300 1.5x, https:\/\/i0.wp.com\/www.24baires.com\/wp-content\/uploads\/2018\/02\/campo-seco.jpeg?resize=700%2C400 2x"},"classes":[]}],"jetpack_sharing_enabled":true,"jetpack_likes_enabled":true,"_links":{"self":[{"href":"https:\/\/www.24baires.com\/index.php?rest_route=\/wp\/v2\/posts\/6213","targetHints":{"allow":["GET"]}}],"collection":[{"href":"https:\/\/www.24baires.com\/index.php?rest_route=\/wp\/v2\/posts"}],"about":[{"href":"https:\/\/www.24baires.com\/index.php?rest_route=\/wp\/v2\/types\/post"}],"author":[{"embeddable":true,"href":"https:\/\/www.24baires.com\/index.php?rest_route=\/wp\/v2\/users\/4"}],"replies":[{"embeddable":true,"href":"https:\/\/www.24baires.com\/index.php?rest_route=%2Fwp%2Fv2%2Fcomments&post=6213"}],"version-history":[{"count":2,"href":"https:\/\/www.24baires.com\/index.php?rest_route=\/wp\/v2\/posts\/6213\/revisions"}],"predecessor-version":[{"id":6215,"href":"https:\/\/www.24baires.com\/index.php?rest_route=\/wp\/v2\/posts\/6213\/revisions\/6215"}],"wp:attachment":[{"href":"https:\/\/www.24baires.com\/index.php?rest_route=%2Fwp%2Fv2%2Fmedia&parent=6213"}],"wp:term":[{"taxonomy":"category","embeddable":true,"href":"https:\/\/www.24baires.com\/index.php?rest_route=%2Fwp%2Fv2%2Fcategories&post=6213"},{"taxonomy":"post_tag","embeddable":true,"href":"https:\/\/www.24baires.com\/index.php?rest_route=%2Fwp%2Fv2%2Ftags&post=6213"}],"curies":[{"name":"wp","href":"https:\/\/api.w.org\/{rel}","templated":true}]}}