{"id":61997,"date":"2015-02-19T19:27:26","date_gmt":"2015-02-19T22:27:26","guid":{"rendered":"http:\/\/www.24baires.com\/?p=61997"},"modified":"2015-02-19T19:27:26","modified_gmt":"2015-02-19T22:27:26","slug":"despues-del-18f","status":"publish","type":"post","link":"https:\/\/www.24baires.com\/?p=61997","title":{"rendered":"Despu\u00e9s del 18F"},"content":{"rendered":"<p><img data-recalc-dims=\"1\" loading=\"lazy\" decoding=\"async\" class=\"aligncenter size-full wp-image-61998\" src=\"https:\/\/i0.wp.com\/www.24baires.com\/wp-content\/uploads\/2015\/02\/fiscale-marcha-18f.jpg?resize=560%2C314\" alt=\"fiscale marcha 18f\" width=\"560\" height=\"314\" srcset=\"https:\/\/i0.wp.com\/www.24baires.com\/wp-content\/uploads\/2015\/02\/fiscale-marcha-18f.jpg?w=560&amp;ssl=1 560w, https:\/\/i0.wp.com\/www.24baires.com\/wp-content\/uploads\/2015\/02\/fiscale-marcha-18f.jpg?resize=300%2C168&amp;ssl=1 300w\" sizes=\"auto, (max-width: 560px) 100vw, 560px\" \/>La marcha de ayer nos dej\u00f3 varias cosas, muchas de ellas confirmaciones de cuestiones que ya sosten\u00edamos con anterioridad. Qued\u00f3 claro que fue una manifestaci\u00f3n opositora, hubo expresiones violentas para con el gobierno nacional, -para con la Presidenta, puntualmente-, como en las otras salidas a la calle orquestadas por los sectores antag\u00f3nicos al oficialismo. Vimos, tambi\u00e9n, una evidente utilizaci\u00f3n de la marcha por parte de los pol\u00edticos no kirchneristas: los rostros felices de Patricia Bullrich y Laura Alonso mientras se paseaban entre los paraguas eran una muestra de eso. Porque sali\u00f3 como esperaban, aunque de seguro aguardaban muchas m\u00e1s gente de la que en verdad se hizo presente.<!--more--><\/p>\n<p>Todo eso lo sab\u00edamos y lo dijimos mucho antes del 18. Iban a realizar una utilizaci\u00f3n pol\u00edtica y lo hicieron, desfachatadamente. Muchas personas se acercaron a expresar sus respetos por Nisman, a pedir que se esclarezca su muerte y a marchar en paz. Pero si la marcha la convocaban los fiscales de la servilleta de Corach, miembros del Poder Judicial que fueron se\u00f1alados como encubridores de la causa AMIA, que deciden no investigar a Clar\u00edn o las cuentas ilegales del HSBC en el exterior, no pod\u00edamos esperar nada mejor de lo que al final sali\u00f3.<\/p>\n<p>Mientras Nelson Castro relataba los devenires de la marcha como si fuera un laxo partido de f\u00fatbol, las c\u00e1maras de TN fueron identificando a los pol\u00edticos presentes, como las ya nombradas Bullrich y Alonso, tambi\u00e9n poncharon a Lousteau, Massa, Carri\u00f3, Mauricio Macri, Hermes Binner, entre otros. Es de destacar la coincidencia de la hija de detenidos desaparecidos, Victoria Donda, bajo las mismas consignas que la apologista de la dictadura Cecilia Pando. Pero bueno, ella sabr\u00e1 el suelo que pisa y junto a quienes.<\/p>\n<p>La lluvia de seguro merm\u00f3 la cantidad de asistentes, cosa que no ocurre con las marchas a favor del gobierno que se han realizado bajo aguaceros imposibles y han contado con cientos de miles de participantes. Muchos, que no comulgan con el Kirchnerismo, de seguro tampoco quisieron participar del 18F porque reconocen en los fiscales convocantes a figuras oportunistas que le han hecho mucho da\u00f1o a la justicia. Eso tambi\u00e9n hay que decirlo, aunque las fotos que trasciendan sean de se\u00f1oras emocionadas queriendo tocar a Marijuan como si fuera Cristo reci\u00e9n bajado de la cruz.<\/p>\n<p>Una marcha m\u00e1s que no tuvo el efecto esperado: aun no han podido superar el famoso 8N. Y, hasta ah\u00ed, cada uno en la suya. Si algunos quieren santificar a Alberto Nisman, que tuvo cajoneada la causa AMIA m\u00e1s de 10 a\u00f1os, que era empleado de los servicios de inteligencia, que present\u00f3 una denuncia absolutamente inconsistente contra la Jefa de Estado, all\u00e1 ellos. No participar de esa marcha que postula al fiscal fallecido como un Guchito Gil de Puerto Madero no significa en absoluto que los que no pensamos as\u00ed de \u00e9l no queramos saber qu\u00e9 pas\u00f3, c\u00f3mo muri\u00f3. Al contrario, tenemos claro que Nisman no era ning\u00fan santo y queremos conocer la verdad sobre su muerte y que si no fue un suicidio se haga justicia.<\/p>\n<p>Pero eventos como los de ayer aun reflejan otras cosas que siguen doliendo porque demuestran un permanente rencor hacia el otro, que aprovecha de instancias p\u00fablicas como la vivida este mi\u00e9rcoles para desbordarse, cosa que me gustar\u00eda analizar un instante, ya que sobre lo dem\u00e1s ya se ha escrito demasiado en todas partes. Por ejemplo en las redes sociales hubo adherentes al 18F que se\u00f1alaban con un desprecio del que quiz\u00e1 no sean concientes que estaban all\u00ed sin incentivos gastron\u00f3micos o econ\u00f3micos. Es bueno que quienes ten\u00edan ganas de expresarse, por los motivos que fuese, lo hayan podido hacer. Y no est\u00e1 entre las voluntades y capacidades de nadie que proteja la democracia cercenar ese derecho. Pero ser\u00eda bueno, adem\u00e1s, que algunos entiendan que si ellos se mueven y manifiestan por sus convicciones, quienes apoyan al gobierno tambi\u00e9n lo hacen movidos por sus ideas y sentimientos. Ser\u00eda bueno que aquellos que creen que todo se hace por un chorizo entre dos panes y una bebida cola, empiecen a asumir que ese alimento frugal y de alto tenor graso no es combustible suficiente para tenerte bajo el aguacero cantando durante horas, y que las \u00fanicas naftas v\u00e1lidas que funcionan a la hora de bancar al gobierno son, justamente, las ideas.<\/p>\n<p>Ser\u00eda bueno que aquellos que creen que se expresan cuando opinan sobre lo que vos pens\u00e1s, pero te tildan de intolerante cuando vos hac\u00e9s lo propio sobre sus comentarios, logren ver que no hay paraguas que los proteja de la discriminaci\u00f3n y acepten que todos podemos pensar diferente, reclamar cosas diferentes, y que los que finalmente gobiernan son los que ganan en las urnas.<\/p>\n<p>De la misma forma, esta salida a la calle que muchos dijeron era por la Memoria, es un buen pie para invitarlos a acompa\u00f1arnos el pr\u00f3ximo 24 de marzo a marchar junto a Madres, Abuelas, Hijos y dem\u00e1s organismos de Derechos Humanos, como cada a\u00f1o. Porque cuando hablamos de Verdad y Justicia no hay dos veredas encontradas, no puede haber dos lados. Y, como todo, se debe seguir construyendo, con esfuerzo, acordando y discrepando, pero sobre todo aceptando las reglas que impone vivir en democracia.<\/p>\n","protected":false},"excerpt":{"rendered":"<p>La marcha de ayer nos dej\u00f3 varias cosas, muchas de ellas confirmaciones de cuestiones que ya sosten\u00edamos con anterioridad. Qued\u00f3 claro que fue una manifestaci\u00f3n opositora, hubo expresiones violentas para con el gobierno nacional, -para con la Presidenta, puntualmente-, como en las otras salidas a la calle orquestadas por los sectores antag\u00f3nicos al oficialismo. Vimos, tambi\u00e9n, una evidente utilizaci\u00f3n de [&#8230;]<\/p>\n","protected":false},"author":11,"featured_media":0,"comment_status":"open","ping_status":"open","sticky":false,"template":"","format":"standard","meta":{"_jetpack_newsletter_access":"","_jetpack_dont_email_post_to_subs":false,"_jetpack_newsletter_tier_id":0,"_jetpack_memberships_contains_paywalled_content":false,"_jetpack_memberships_contains_paid_content":false,"footnotes":""},"categories":[64],"tags":[],"class_list":["post-61997","post","type-post","status-publish","format-standard","hentry","category-opinion"],"jetpack_featured_media_url":"","jetpack_shortlink":"https:\/\/wp.me\/p2JWE0-g7X","jetpack-related-posts":[{"id":112414,"url":"https:\/\/www.24baires.com\/?p=112414","url_meta":{"origin":61997,"position":0},"title":"Macri us\u00f3 el avi\u00f3n presidencial para hacer campa\u00f1a","author":"AF","date":"08\/10\/2019","format":false,"excerpt":"El Presidente utiliz\u00f3 la nave para viajar en el marco de la marcha del \"S\u00ed, se puede\". El uso del avi\u00f3n presidencial para actividades de campa\u00f1a gener\u00f3 pol\u00e9mica en las \u00faltimas horas, tras el viaje que realiz\u00f3 Mauricio Macri a Tucum\u00e1n, en el marco de la gira del \"S\u00ed, se\u2026","rel":"","context":"En \u00abPol\u00edtica\u00bb","block_context":{"text":"Pol\u00edtica","link":"https:\/\/www.24baires.com\/?cat=51"},"img":{"alt_text":"","src":"https:\/\/i0.wp.com\/www.24baires.com\/wp-content\/uploads\/2016\/07\/tango-01.jpg?resize=350%2C200","width":350,"height":200,"srcset":"https:\/\/i0.wp.com\/www.24baires.com\/wp-content\/uploads\/2016\/07\/tango-01.jpg?resize=350%2C200 1x, https:\/\/i0.wp.com\/www.24baires.com\/wp-content\/uploads\/2016\/07\/tango-01.jpg?resize=525%2C300 1.5x"},"classes":[]},{"id":103151,"url":"https:\/\/www.24baires.com\/?p=103151","url_meta":{"origin":61997,"position":1},"title":"Imputan a dirigentes de Cambiemos por aportes truchos destinados a la campa\u00f1a 2017","author":"GB","date":"04\/07\/2018","format":false,"excerpt":"El fiscal Carlos Stornelli pidi\u00f3 investigar la utilizaci\u00f3n de la identidad de m\u00e1s de 400 personas pobres que figuran como aportantes del oficialismo en la campa\u00f1a de 2017. A pedido del fiscal Carlos Stornelli, el juez Sebasti\u00e1n Casanello imput\u00f3 por posible lavado de dinero a los responsables financieros de la\u2026","rel":"","context":"En \u00abPol\u00edtica\u00bb","block_context":{"text":"Pol\u00edtica","link":"https:\/\/www.24baires.com\/?cat=51"},"img":{"alt_text":"","src":"https:\/\/i0.wp.com\/www.24baires.com\/wp-content\/uploads\/2018\/07\/cambiemos-2017.jpg?resize=350%2C200","width":350,"height":200,"srcset":"https:\/\/i0.wp.com\/www.24baires.com\/wp-content\/uploads\/2018\/07\/cambiemos-2017.jpg?resize=350%2C200 1x, https:\/\/i0.wp.com\/www.24baires.com\/wp-content\/uploads\/2018\/07\/cambiemos-2017.jpg?resize=525%2C300 1.5x"},"classes":[]},{"id":97197,"url":"https:\/\/www.24baires.com\/?p=97197","url_meta":{"origin":61997,"position":2},"title":"Ins\u00f3lito: Bullrich condena la \u201cbajada de l\u00ednea\u201d en las aulas y dice que la politizaci\u00f3n \u201cgenera violencia\u201d","author":"GB","date":"05\/09\/2017","format":false,"excerpt":"Fue durante una incursi\u00f3n a Luj\u00e1n, en la que se refiri\u00f3 a la desaparici\u00f3n de Santiago Maldonado y habl\u00f3 de la \u201cpolitizaci\u00f3n\u201d del tema. Dijo que genera violencia y da espacio para que \u201cun grupo de violentos decida hacer lo que quiera\u201d. El exministro de Educaci\u00f3n, Esteban Bullrich, candidato a\u2026","rel":"","context":"En \u00abPol\u00edtica\u00bb","block_context":{"text":"Pol\u00edtica","link":"https:\/\/www.24baires.com\/?cat=51"},"img":{"alt_text":"","src":"https:\/\/i0.wp.com\/www.24baires.com\/wp-content\/uploads\/2017\/08\/bullrich-campa%C3%B1a.jpg?resize=350%2C200","width":350,"height":200,"srcset":"https:\/\/i0.wp.com\/www.24baires.com\/wp-content\/uploads\/2017\/08\/bullrich-campa%C3%B1a.jpg?resize=350%2C200 1x, https:\/\/i0.wp.com\/www.24baires.com\/wp-content\/uploads\/2017\/08\/bullrich-campa%C3%B1a.jpg?resize=525%2C300 1.5x"},"classes":[]},{"id":111253,"url":"https:\/\/www.24baires.com\/?p=111253","url_meta":{"origin":61997,"position":3},"title":"El Gobierno defendi\u00f3 a Aguad sobre el ARA San Juan: \u00abno tiene responsabilidad\u00bb","author":"GB","date":"19\/07\/2019","format":false,"excerpt":"Esteban Bullrich apunt\u00f3 contra la comisi\u00f3n que elabor\u00f3 el informe y que responsabiliza pol\u00edticamente al ministro de Defensa y el Presidente. El senador sostuvo que el principal responsable es \"la primera l\u00ednea de la Armada\" y at\u00f3 la responsabilidad al Almirante Srur \"por ocultar informaci\u00f3n a las autoridades civiles\". El\u2026","rel":"","context":"En \u00abPol\u00edtica\u00bb","block_context":{"text":"Pol\u00edtica","link":"https:\/\/www.24baires.com\/?cat=51"},"img":{"alt_text":"","src":"https:\/\/i0.wp.com\/www.24baires.com\/wp-content\/uploads\/2017\/11\/ara-submarino-san-juan.jpg?resize=350%2C200","width":350,"height":200,"srcset":"https:\/\/i0.wp.com\/www.24baires.com\/wp-content\/uploads\/2017\/11\/ara-submarino-san-juan.jpg?resize=350%2C200 1x, https:\/\/i0.wp.com\/www.24baires.com\/wp-content\/uploads\/2017\/11\/ara-submarino-san-juan.jpg?resize=525%2C300 1.5x"},"classes":[]},{"id":40512,"url":"https:\/\/www.24baires.com\/?p=40512","url_meta":{"origin":61997,"position":4},"title":"Macri reiter\u00f3 que no va a dar marcha atr\u00e1s con las \u00abaulas container\u00bb","author":"Grupo Sierra","date":"15\/02\/2014","format":false,"excerpt":"El jefe de Gobierno porte\u00f1o remarc\u00f3 hoy que el gobierno de la Ciudad \"no\" va a dar \"marcha atr\u00e1s\" en la construcci\u00f3n de aulas modulares al asegurar que \"se trata de estructuras modernas que se implementan en todas partes del mundo\". Por otro lado, reclam\u00f3 a los dirigentes gremiales \"discutir\u2026","rel":"","context":"En \u00abPol\u00edtica\u00bb","block_context":{"text":"Pol\u00edtica","link":"https:\/\/www.24baires.com\/?cat=51"},"img":{"alt_text":"","src":"","width":0,"height":0},"classes":[]},{"id":20645,"url":"https:\/\/www.24baires.com\/?p=20645","url_meta":{"origin":61997,"position":5},"title":"Mar del Plata debatir\u00e1 sobre la creaci\u00f3n de una Polic\u00eda Comunal","author":"AF","date":"10\/04\/2013","format":false,"excerpt":"En medio del debate abierto por la creaci\u00f3n de la Polic\u00eda Municipal, y para buscar dar respuesta a la creciente ola de delitos y asesinatos que sufre la ciudad de Mar del Plata, Pulti avanza con la creaci\u00f3n de la Polic\u00eda Comunal y para ello convoc\u00f3 a todos los bloques\u2026","rel":"","context":"En \u00abLocales\u00bb","block_context":{"text":"Locales","link":"https:\/\/www.24baires.com\/?cat=38"},"img":{"alt_text":"","src":"","width":0,"height":0},"classes":[]}],"jetpack_sharing_enabled":true,"jetpack_likes_enabled":true,"_links":{"self":[{"href":"https:\/\/www.24baires.com\/index.php?rest_route=\/wp\/v2\/posts\/61997","targetHints":{"allow":["GET"]}}],"collection":[{"href":"https:\/\/www.24baires.com\/index.php?rest_route=\/wp\/v2\/posts"}],"about":[{"href":"https:\/\/www.24baires.com\/index.php?rest_route=\/wp\/v2\/types\/post"}],"author":[{"embeddable":true,"href":"https:\/\/www.24baires.com\/index.php?rest_route=\/wp\/v2\/users\/11"}],"replies":[{"embeddable":true,"href":"https:\/\/www.24baires.com\/index.php?rest_route=%2Fwp%2Fv2%2Fcomments&post=61997"}],"version-history":[{"count":1,"href":"https:\/\/www.24baires.com\/index.php?rest_route=\/wp\/v2\/posts\/61997\/revisions"}],"predecessor-version":[{"id":61999,"href":"https:\/\/www.24baires.com\/index.php?rest_route=\/wp\/v2\/posts\/61997\/revisions\/61999"}],"wp:attachment":[{"href":"https:\/\/www.24baires.com\/index.php?rest_route=%2Fwp%2Fv2%2Fmedia&parent=61997"}],"wp:term":[{"taxonomy":"category","embeddable":true,"href":"https:\/\/www.24baires.com\/index.php?rest_route=%2Fwp%2Fv2%2Fcategories&post=61997"},{"taxonomy":"post_tag","embeddable":true,"href":"https:\/\/www.24baires.com\/index.php?rest_route=%2Fwp%2Fv2%2Ftags&post=61997"}],"curies":[{"name":"wp","href":"https:\/\/api.w.org\/{rel}","templated":true}]}}