{"id":6196,"date":"2012-11-20T21:55:05","date_gmt":"2012-11-21T00:55:05","guid":{"rendered":"http:\/\/www.24baires.com\/?p=6196"},"modified":"2012-11-20T21:55:05","modified_gmt":"2012-11-21T00:55:05","slug":"farias-hace-su-autocritica","status":"publish","type":"post","link":"https:\/\/www.24baires.com\/?p=6196","title":{"rendered":"Far\u00edas hace su autocr\u00edtica"},"content":{"rendered":"<p><img data-recalc-dims=\"1\" loading=\"lazy\" decoding=\"async\" class=\"aligncenter size-full wp-image-6197\" title=\"farias independiente\" src=\"https:\/\/i0.wp.com\/www.24baires.com\/wp-content\/uploads\/2012\/11\/farias-independiente.jpg?resize=560%2C335\" alt=\"\" width=\"560\" height=\"335\" srcset=\"https:\/\/i0.wp.com\/www.24baires.com\/wp-content\/uploads\/2012\/11\/farias-independiente.jpg?w=560&amp;ssl=1 560w, https:\/\/i0.wp.com\/www.24baires.com\/wp-content\/uploads\/2012\/11\/farias-independiente.jpg?resize=300%2C179&amp;ssl=1 300w\" sizes=\"auto, (max-width: 560px) 100vw, 560px\" \/><\/p>\n<p>El delantero de Independiente Ernesto Far\u00edas cont\u00f3 que el grupo hizo una \u00abfuerte autocr\u00edtica\u00bb, al tiempo que admiti\u00f3 que desde que lleg\u00f3 al club no fue un \u00abjugador regular\u00bb.<!--more--><br \/>\n\u00abTengo que ser autocr\u00edtico en lo individual. Los jugadores hemos ca\u00eddo en un pozo. En lo personal, desde que estoy en Independiente no he sido regular y s\u00e9 lo que puedo llegar a dar, m\u00e1s all\u00e1 de lo grupal. Tengo que recuperarme\u00bb, explic\u00f3 Far\u00edas en rueda de prensa tras el entrenamiento matutino en Villa Dom\u00ednico.<\/p>\n<p>\u00abS\u00e9 el nivel que he tenido en mi carrera. No s\u00f3lo en este torneo, sino durante el a\u00f1o, en lo personal s\u00e9 que puedo dar m\u00e1s y soy otro jugador, por eso me hago cargo de lo que me toca como referente del plantel\u00bb, agreg\u00f3 el `Tecla`, que no marca desde la fecha 9 cuando hizo un doblete para el triunfo 2-1.<\/p>\n<p>En cuanto a lo grupal, el ex Cruzeiro de Brasil revel\u00f3 que realizaron una fuerte autocr\u00edtica por el mal momento (tres partidos sin ganar, dos derrotas y un empate) e indic\u00f3: \u00abTenemos que trabajar para seguir mejorando y sacar los puntos que necesitamos. El grupo est\u00e1 bien y muy comprometido\u00bb.<\/p>\n<p>A su vez, uno de los referentes del equipo de Am\u00e9rico Gallego se refiri\u00f3 al delicado presente institucional del `Rojo`, elogi\u00f3 a la dirigencia y asegur\u00f3 que no perder\u00e1n la categor\u00eda.<\/p>\n<p>\u00abLa dirigencia est\u00e1 conviviendo con muchas cosas que escapan al f\u00fatbol y es admirable, entonces nosotros tenemos que ayudarlos con los resultados para que el club se vaya ordenando. Nosotros somos los que lo vamos a sacar y lo vamos a mantener en primera\u00bb, manifest\u00f3.<\/p>\n<p>Sobre el choque ante River Plate, del pr\u00f3ximo s\u00e1bado en el estadio Libertadores de Am\u00e9rica, el nacido en Trenque Lauquen, que tuvo un paso por el `millonario`, adelant\u00f3 que \u00abse puede dar un partido de ida y vuelta\u00bb.<\/p>\n<p>El plantel regres\u00f3 esta ma\u00f1ana a las pr\u00e1cticas tras dos d\u00edas de licencia luego de la derrota del pasado s\u00e1bado ante Estudiantes de La Plata (0-2) y hubo trabajos regenerativos.<\/p>\n<p>El defensor Claudio Morel Rodr\u00edguez y el delantero Luciano Leguizam\u00f3n se entrenaron diferenciado ya que est\u00e1n entrando en la \u00faltima etapa de recuperaci\u00f3n de sus respectivos desgarros.<\/p>\n<p>Reci\u00e9n ma\u00f1ana cuando el equipo vuela a entrenarse en el predio de Villa Dom\u00ednico habr\u00e1 indicios del equipo que presentar\u00e1 el `Tolo` para recibir a River Plate por la 17ma. fecha del torneo Inicial Eva Per\u00f3n 2012.<\/p>\n<p>&nbsp;<\/p>\n<p>&nbsp;<\/p>\n<p>&nbsp;<\/p>\n<p>&nbsp;<\/p>\n<p>&nbsp;<\/p>\n<p>&nbsp;<\/p>\n","protected":false},"excerpt":{"rendered":"<p>El delantero de Independiente Ernesto Far\u00edas cont\u00f3 que el grupo hizo una \u00abfuerte autocr\u00edtica\u00bb, al tiempo que admiti\u00f3 que desde que lleg\u00f3 al club no fue un \u00abjugador regular\u00bb.<\/p>\n","protected":false},"author":11,"featured_media":0,"comment_status":"open","ping_status":"open","sticky":false,"template":"","format":"standard","meta":{"_jetpack_newsletter_access":"","_jetpack_dont_email_post_to_subs":false,"_jetpack_newsletter_tier_id":0,"_jetpack_memberships_contains_paywalled_content":false,"_jetpack_memberships_contains_paid_content":false,"footnotes":""},"categories":[12],"tags":[],"class_list":["post-6196","post","type-post","status-publish","format-standard","hentry","category-deportes"],"jetpack_featured_media_url":"","jetpack_shortlink":"https:\/\/wp.me\/p2JWE0-1BW","jetpack-related-posts":[{"id":27315,"url":"https:\/\/www.24baires.com\/?p=27315","url_meta":{"origin":6196,"position":0},"title":"\u201cMe voy a ir con Independiente en Primera\u201d, asegur\u00f3 Cantero","author":"AF","date":"01\/07\/2013","format":false,"excerpt":"Tras los incidentes del viernes pasado ocurridos durante la asamblea de socios en el club, el presidente del Rojo, Javier Cantero, asegur\u00f3 que \u201cseguir\u00e1\u201d en su mandato y que se ir\u00e1 \u201ccon Independiente en Primera\u201d. \"Mi principal autocr\u00edtica es lo futbol\u00edstico, nos equivocamos en muchas decisiones y as\u00ed nos fue\u201d,\u2026","rel":"","context":"En \u00abSociedad\u00bb","block_context":{"text":"Sociedad","link":"https:\/\/www.24baires.com\/?cat=1"},"img":{"alt_text":"cantero aplaude","src":"https:\/\/i0.wp.com\/www.24baires.com\/wp-content\/uploads\/2012\/12\/cantero-aplaude.jpg?resize=350%2C200","width":350,"height":200,"srcset":"https:\/\/i0.wp.com\/www.24baires.com\/wp-content\/uploads\/2012\/12\/cantero-aplaude.jpg?resize=350%2C200 1x, https:\/\/i0.wp.com\/www.24baires.com\/wp-content\/uploads\/2012\/12\/cantero-aplaude.jpg?resize=525%2C300 1.5x"},"classes":[]},{"id":8882,"url":"https:\/\/www.24baires.com\/?p=8882","url_meta":{"origin":6196,"position":1},"title":"Cantero confirm\u00f3 que Far\u00edas continuar\u00e1 en el club","author":"Grupo Sierra","date":"12\/12\/2012","format":false,"excerpt":"El presidente de Independiente confirm\u00f3 que el delantero, a quien se le vence el contrato a fin de mes, continuar\u00e1 en el club de cara al pr\u00f3ximo torneo Final 2013. \"Doy por descontado que Far\u00edas se queda\", afirm\u00f3 Cantero, quien adelant\u00f3 que ma\u00f1ana llegar\u00e1n representantes de Cruzeiro de Brasil, club\u2026","rel":"","context":"En \u00abDeportes\u00bb","block_context":{"text":"Deportes","link":"https:\/\/www.24baires.com\/?cat=12"},"img":{"alt_text":"","src":"https:\/\/i0.wp.com\/www.24baires.com\/wp-content\/uploads\/2012\/12\/cantero-aplaude.jpg?resize=350%2C200","width":350,"height":200,"srcset":"https:\/\/i0.wp.com\/www.24baires.com\/wp-content\/uploads\/2012\/12\/cantero-aplaude.jpg?resize=350%2C200 1x, https:\/\/i0.wp.com\/www.24baires.com\/wp-content\/uploads\/2012\/12\/cantero-aplaude.jpg?resize=525%2C300 1.5x"},"classes":[]},{"id":6880,"url":"https:\/\/www.24baires.com\/?p=6880","url_meta":{"origin":6196,"position":2},"title":"Cantero descarta campa\u00f1a contra el &#8216;Rojo&#8217;","author":"Grupo Sierra","date":"26\/11\/2012","format":false,"excerpt":"El presidente de Independiente descart\u00f3 una campa\u00f1a en perjuicio del equipo de Am\u00e9rico Gallego, que se ubica en zona de descenso, y asegur\u00f3 que su relaci\u00f3n con el presidente de AFA, Julio Grondona, es \"inmejorable\". El plantel se entren\u00f3 esta ma\u00f1ana en el predio de Villa Dom\u00ednico con vistas al\u2026","rel":"","context":"En \u00abDeportes\u00bb","block_context":{"text":"Deportes","link":"https:\/\/www.24baires.com\/?cat=12"},"img":{"alt_text":"","src":"https:\/\/i0.wp.com\/www.24baires.com\/wp-content\/uploads\/2012\/11\/cantero.jpg?resize=350%2C200","width":350,"height":200,"srcset":"https:\/\/i0.wp.com\/www.24baires.com\/wp-content\/uploads\/2012\/11\/cantero.jpg?resize=350%2C200 1x, https:\/\/i0.wp.com\/www.24baires.com\/wp-content\/uploads\/2012\/11\/cantero.jpg?resize=525%2C300 1.5x"},"classes":[]},{"id":19849,"url":"https:\/\/www.24baires.com\/?p=19849","url_meta":{"origin":6196,"position":3},"title":"Independiente en Avellaneda le empat\u00f3 a Boca en vibrante partido","author":"Grupo Sierra","date":"31\/03\/2013","format":false,"excerpt":"Independiente y Boca igualaron 1-1 en Avellaneda, en un partido cargado de emociones. Santiago Silva abri\u00f3 el marcador a los 39 minutos del primer tiempo y Claudio Morel Rodr\u00edguez igualo a los 17 del complemento. Independiente, que jug\u00f3 con un hombre m\u00e1s desde los 16 minutos, no pudo quebrar a\u2026","rel":"","context":"En \u00abDeportes\u00bb","block_context":{"text":"Deportes","link":"https:\/\/www.24baires.com\/?cat=12"},"img":{"alt_text":"boca independiente","src":"https:\/\/i0.wp.com\/www.24baires.com\/wp-content\/uploads\/2013\/03\/boca-independiente.jpg?resize=350%2C200","width":350,"height":200,"srcset":"https:\/\/i0.wp.com\/www.24baires.com\/wp-content\/uploads\/2013\/03\/boca-independiente.jpg?resize=350%2C200 1x, https:\/\/i0.wp.com\/www.24baires.com\/wp-content\/uploads\/2013\/03\/boca-independiente.jpg?resize=525%2C300 1.5x"},"classes":[]},{"id":95141,"url":"https:\/\/www.24baires.com\/?p=95141","url_meta":{"origin":6196,"position":4},"title":"Confirmaron que los restos encontrados en Per\u00fa son del mochilero desaparecido","author":"GB","date":"12\/06\/2017","format":false,"excerpt":"La familia de Federico Far\u00edas confirm\u00f3 que los restos del cad\u00e1ver hallados en Cusco, pertenecen al mochilero intensamente buscado desde el 4 de mayo La familia de Federico Far\u00edas confirm\u00f3 que los restos del cad\u00e1ver hallados el pasado 31 de mayo en el r\u00edo Vilcanota, Cusco, pertenecen al mochilero que\u2026","rel":"","context":"En \u00abSociedad\u00bb","block_context":{"text":"Sociedad","link":"https:\/\/www.24baires.com\/?cat=1"},"img":{"alt_text":"","src":"https:\/\/i0.wp.com\/www.24baires.com\/wp-content\/uploads\/2017\/06\/feerico-farias.jpg?resize=350%2C200","width":350,"height":200,"srcset":"https:\/\/i0.wp.com\/www.24baires.com\/wp-content\/uploads\/2017\/06\/feerico-farias.jpg?resize=350%2C200 1x, https:\/\/i0.wp.com\/www.24baires.com\/wp-content\/uploads\/2017\/06\/feerico-farias.jpg?resize=525%2C300 1.5x"},"classes":[]},{"id":98915,"url":"https:\/\/www.24baires.com\/?p=98915","url_meta":{"origin":6196,"position":5},"title":"Autocr\u00edtica de la Armada: \u00abPodemos cometer errores. Intentamos dar lo mejor\u00bb","author":"Grupo Sierra","date":"24\/11\/2017","format":false,"excerpt":"Luego de la indignaci\u00f3n de los familiares tras el parte del jueves, el vocero de la Armada, Enrique Balbi, hizo autocr\u00edtica: \"Podemos cometer errores. Intentamos dar lo mejor\". Reconoci\u00f3 que la b\u00fasqueda es \"muy dif\u00edcil\". El vocero de la Armada Argentina, Enrique Balbi, asegur\u00f3 que a\u00fan \"no se detect\u00f3 la\u2026","rel":"","context":"En \u00abSociedad\u00bb","block_context":{"text":"Sociedad","link":"https:\/\/www.24baires.com\/?cat=1"},"img":{"alt_text":"Resultado de imagen para balbi submarino","src":"https:\/\/i0.wp.com\/rosarionuestro.com\/wp-content\/uploads\/2017\/11\/Balbi-Armada.jpg?resize=350%2C200&ssl=1","width":350,"height":200,"srcset":"https:\/\/i0.wp.com\/rosarionuestro.com\/wp-content\/uploads\/2017\/11\/Balbi-Armada.jpg?resize=350%2C200&ssl=1 1x, https:\/\/i0.wp.com\/rosarionuestro.com\/wp-content\/uploads\/2017\/11\/Balbi-Armada.jpg?resize=525%2C300&ssl=1 1.5x"},"classes":[]}],"jetpack_sharing_enabled":true,"jetpack_likes_enabled":true,"_links":{"self":[{"href":"https:\/\/www.24baires.com\/index.php?rest_route=\/wp\/v2\/posts\/6196","targetHints":{"allow":["GET"]}}],"collection":[{"href":"https:\/\/www.24baires.com\/index.php?rest_route=\/wp\/v2\/posts"}],"about":[{"href":"https:\/\/www.24baires.com\/index.php?rest_route=\/wp\/v2\/types\/post"}],"author":[{"embeddable":true,"href":"https:\/\/www.24baires.com\/index.php?rest_route=\/wp\/v2\/users\/11"}],"replies":[{"embeddable":true,"href":"https:\/\/www.24baires.com\/index.php?rest_route=%2Fwp%2Fv2%2Fcomments&post=6196"}],"version-history":[{"count":3,"href":"https:\/\/www.24baires.com\/index.php?rest_route=\/wp\/v2\/posts\/6196\/revisions"}],"predecessor-version":[{"id":6200,"href":"https:\/\/www.24baires.com\/index.php?rest_route=\/wp\/v2\/posts\/6196\/revisions\/6200"}],"wp:attachment":[{"href":"https:\/\/www.24baires.com\/index.php?rest_route=%2Fwp%2Fv2%2Fmedia&parent=6196"}],"wp:term":[{"taxonomy":"category","embeddable":true,"href":"https:\/\/www.24baires.com\/index.php?rest_route=%2Fwp%2Fv2%2Fcategories&post=6196"},{"taxonomy":"post_tag","embeddable":true,"href":"https:\/\/www.24baires.com\/index.php?rest_route=%2Fwp%2Fv2%2Ftags&post=6196"}],"curies":[{"name":"wp","href":"https:\/\/api.w.org\/{rel}","templated":true}]}}