{"id":6185,"date":"2012-11-20T21:37:53","date_gmt":"2012-11-21T00:37:53","guid":{"rendered":"http:\/\/www.24baires.com\/?p=6185"},"modified":"2012-11-20T21:40:08","modified_gmt":"2012-11-21T00:40:08","slug":"descubrieron-la-estatua-de-guillermo-vilas-en-el-club-nautico-mar-del-plata","status":"publish","type":"post","link":"https:\/\/www.24baires.com\/?p=6185","title":{"rendered":"Descubrieron la estatua de Guillermo Vilas en el Club N\u00e1utico Mar del Plata"},"content":{"rendered":"<p><img data-recalc-dims=\"1\" loading=\"lazy\" decoding=\"async\" class=\"aligncenter size-full wp-image-6190\" title=\"Estatua Vilas5\" src=\"https:\/\/i0.wp.com\/www.24baires.com\/wp-content\/uploads\/2012\/11\/Estatua-Vilas5.jpg?resize=560%2C420\" alt=\"\" width=\"560\" height=\"420\" srcset=\"https:\/\/i0.wp.com\/www.24baires.com\/wp-content\/uploads\/2012\/11\/Estatua-Vilas5.jpg?w=560&amp;ssl=1 560w, https:\/\/i0.wp.com\/www.24baires.com\/wp-content\/uploads\/2012\/11\/Estatua-Vilas5.jpg?resize=300%2C225&amp;ssl=1 300w\" sizes=\"auto, (max-width: 560px) 100vw, 560px\" \/><br \/>\nEl mejor tenista argentino de todos los tiempos fue reconocido este martes por la tarde en la instituci\u00f3n marplatense, a 35 a\u00f1os de su primer t\u00edtulo de Grand Slam. Familiares, amigos, autoridades municipales y del propio club, encabezados por la presidenta Susana Salerno, formaron parte del acto.<!--more--><\/p>\n<p>&nbsp;<\/p>\n<p>Guillermo Vilas fue homenajeado este martes por la tarde en el club N\u00e1utico de Mar del Plata con el descubrimiento de una estatua de estilo expresionista que representa el m\u00edtico rev\u00e9s con top spin del zurdo. La obra, denominada \u201cVilas, el rev\u00e9s argentino\u201d, se dio en el marco del 35\u00b0 aniversario del primer Grand Slam del marplatense quien, en 1977, conquist\u00f3 Roland Garros.<\/p>\n<p>Acompa\u00f1ado por su esposa, hijas, amigos, autoridades del club y municipales, como tambi\u00e9n de la Asociaci\u00f3n Argentina de Tenis y hasta el propio escultor de la obra, el cordob\u00e9s Daniel Masi, Vilas agradeci\u00f3 el gesto que impuls\u00f3 el periodista Eduardo Puppo y se refiri\u00f3 al respecto.<br \/>\n\u201cMe gusta la escultura, est\u00e1 bien hecha, porque tiene el rev\u00e9s y refleja el momento. Estoy emocionado y agradecido por haberse acordado de m\u00ed\u201d, fueron las primeras palabras del mejor tenista argentino de todos los tiempos, sobre la obra de hierro a escala natural con su figura (1.80 metros de alto y m\u00e1s de 100 kilos).<br \/>\nEn el lugar donde comenz\u00f3 a practicar el deporte, tambi\u00e9n valor\u00f3 que \u201cestoy contento de haber venido porque siempre estoy contento de venir al club. Cuando he ido a otros homenajes en Estados Unidos siempre pensaba que esto era muy lindo y siempre me encantaba asistir. Esta vez me toc\u00f3 a m\u00ed y vine al club con una gran alegr\u00eda cuando supe lo de la escultura. Es muy lindo estar ac\u00e1\u201d.<\/p>\n<p>Antes, Salerno hab\u00eda sido la primera en tomar el micr\u00f3fono y retratar el momento con su voz. \u201cGuillermo, vos cumpliste las expectativas de todos con esa entra\u00f1able persona como era Felipe Locicero. Por ser mejor argentino del mundo merec\u00e9s este homenaje. Adem\u00e1s de seguir siendo un hacedor, trascendiste las fronteras y lograste transformar la cultura del deporte, para que el tenis entre por la puerta grande\u201d, le dijo directamente a Vilas.<\/p>\n<p>El intendente municipal Gustavo Pulti tambi\u00e9n se hizo presente, al igual que el presidente del EMDeR, Horacio Taccone, y los concejales H\u00e9ctor Rosso, Mario Rodr\u00edguez, Fernando Maraude y Leandro Laserna. No obstante, el m\u00e1ximo mandatario de la ciudad tom\u00f3 la palabra y enfatiz\u00f3 que \u201cla mejor manera de agradecer es reconocer una maestr\u00eda en ese oficio de luchador incansable, en esa tarea humilde de ir horas al front\u00f3n para despu\u00e9s ir a la cancha a mejorar. Est\u00e1 bueno que lo vean los chicos de este y de todos los clubes y barrios, porque ah\u00ed est\u00e1 verdaderamente la posibilidad de afincar un gran \u00e9xito con la lucha y la perseverancia, el trabajo, la humildad y la dignidad que han tenido\u201d.<\/p>\n<p>Por su parte, el presidente de la Asociaci\u00f3n Argentina de Tenis, Arturo Grimaldi, anunci\u00f3 que Vilas ser\u00e1 homenajeado en la Copa Peugeot, que se realizar\u00e1 el mes pr\u00f3ximo en Buenos Aires, con su ingreso en el Sal\u00f3n de la Fama de la AAT, creado en 2011, en la m\u00e1xima categor\u00eda de platino-diamante. \u201cLo m\u00e1s importante es que las m\u00e1ximas autoridades de la AAT est\u00e1n con vos\u201d, se\u00f1al\u00f3 antes de a\u00f1adir que la entidad \u201cvalora lo que significa Vilas, porque hay un antes y un despu\u00e9s de Guillermo\u201d.<br \/>\nEl escultor cordob\u00e9s Daniel Masi, autor de la obra, explic\u00f3: \u201cVilas innov\u00f3 en el juego y yo quise innovar en la escultura, y por eso hice una escultura no convencional, de estilo expresionista, para que tenga m\u00e1s fuerza, no para copiarlo\u201d. Tambi\u00e9n indic\u00f3 que la estatua \u201cse construy\u00f3 en hierro ensamblado en caliente, con anti\u00f3xidos, y es muy emocionante que esta escultura tenga tan lindo destino\u201d.<\/p>\n","protected":false},"excerpt":{"rendered":"<p>El mejor tenista argentino de todos los tiempos fue reconocido este martes por la tarde en la instituci\u00f3n marplatense, a 35 a\u00f1os de su primer t\u00edtulo de Grand Slam. Familiares, amigos, autoridades municipales y del propio club, encabezados por la presidenta Susana Salerno, formaron parte del acto.<\/p>\n","protected":false},"author":11,"featured_media":0,"comment_status":"open","ping_status":"open","sticky":false,"template":"","format":"standard","meta":{"_jetpack_newsletter_access":"","_jetpack_dont_email_post_to_subs":false,"_jetpack_newsletter_tier_id":0,"_jetpack_memberships_contains_paywalled_content":false,"_jetpack_memberships_contains_paid_content":false,"footnotes":""},"categories":[12],"tags":[],"class_list":["post-6185","post","type-post","status-publish","format-standard","hentry","category-deportes"],"jetpack_featured_media_url":"","jetpack_shortlink":"https:\/\/wp.me\/p2JWE0-1BL","jetpack-related-posts":[{"id":5734,"url":"https:\/\/www.24baires.com\/?p=5734","url_meta":{"origin":6185,"position":0},"title":"Guillermo Vilas tendr\u00e1 su propia estatua en el Club Na\u00fatico Mar del Plata","author":"Grupo Sierra","date":"16\/11\/2012","format":false,"excerpt":"A 35 a\u00f1os de haber ganado los Grand Slam de Roland Garros y el US Open, Guillermo Vilas, el mejor tenista argentino de todos los tiempos recibir\u00e1 un homenaje en el Club N\u00e1utico Mar del Plata el pr\u00f3ximo martes 20 de noviembre, en donde se descubrir\u00e1 una escultura a escala\u2026","rel":"","context":"En \u00abSociedad\u00bb","block_context":{"text":"Sociedad","link":"https:\/\/www.24baires.com\/?cat=1"},"img":{"alt_text":"","src":"https:\/\/i0.wp.com\/www.24baires.com\/wp-content\/uploads\/2012\/11\/vilas-guillermo.jpg?resize=350%2C200","width":350,"height":200},"classes":[]},{"id":36075,"url":"https:\/\/www.24baires.com\/?p=36075","url_meta":{"origin":6185,"position":1},"title":"Avanza el proyecto para construir un puerto n\u00e1utico en Ensenada","author":"AF","date":"02\/12\/2013","format":false,"excerpt":"En el Sal\u00f3n de Conferencias del Palacio Municipal ubicado en las calles La Merced y Don Bosco, se realiz\u00f3 una reuni\u00f3n con el objetivo de avanzar en la concreci\u00f3n del proyecto: Puerto N\u00e1utico Ensenada. Durante el encuentro estuvieron presentes autoridades del Ejecutivo Municipal, del Cuerpo Legislativo y de numerosas Instituciones\u2026","rel":"","context":"En \u00abLocales\u00bb","block_context":{"text":"Locales","link":"https:\/\/www.24baires.com\/?cat=38"},"img":{"alt_text":"","src":"","width":0,"height":0},"classes":[]},{"id":11362,"url":"https:\/\/www.24baires.com\/?p=11362","url_meta":{"origin":6185,"position":2},"title":"Llegada de la Fragata: la Presidenta encabezar\u00e1 el acto de recibimiento","author":"AF","date":"06\/01\/2013","format":false,"excerpt":"MAR DEL PLATA - Cristina Fern\u00e1ndez de Kirchner encabezar\u00e1 el mi\u00e9rcoles 9 el acto de recibimiento a la Fragata ARA Libertad que arribar\u00e1 al puerto de Mar del Plata procedente de Ghana. Los detalles de c\u00f3mo ser\u00e1 la recepci\u00f3n de la embarcaci\u00f3n insignia de la armada argentina se terminar\u00e1n de\u2026","rel":"","context":"En \u00abSociedad\u00bb","block_context":{"text":"Sociedad","link":"https:\/\/www.24baires.com\/?cat=1"},"img":{"alt_text":"c fern\u00e1ndez","src":"https:\/\/i0.wp.com\/www.24baires.com\/wp-content\/uploads\/2012\/12\/c-fern%C3%A1ndez.jpg?resize=350%2C200","width":350,"height":200},"classes":[]},{"id":15225,"url":"https:\/\/www.24baires.com\/?p=15225","url_meta":{"origin":6185,"position":3},"title":"Comenz\u00f3 la 48\u00ba Semana Internacional del Yachting en Mar del Plata","author":"Grupo Sierra","date":"09\/02\/2013","format":false,"excerpt":"Una jornada t\u00edpicamente marplatense agasaj\u00f3 a los m\u00e1s de 600 competidores de diversos puntos del pa\u00eds y del extranjero que ultiman detalles para el comienzo de las regatas de flota del tradicional campeonato de veleros que co-organizan el Club N\u00e1utico Mar del Plata y el Yacht Club Argentino. Un viento\u2026","rel":"","context":"En \u00abLocales\u00bb","block_context":{"text":"Locales","link":"https:\/\/www.24baires.com\/?cat=38"},"img":{"alt_text":"yating Match race5","src":"https:\/\/i0.wp.com\/www.24baires.com\/wp-content\/uploads\/2013\/02\/yating-Match-race5.jpg?resize=350%2C200","width":350,"height":200,"srcset":"https:\/\/i0.wp.com\/www.24baires.com\/wp-content\/uploads\/2013\/02\/yating-Match-race5.jpg?resize=350%2C200 1x, https:\/\/i0.wp.com\/www.24baires.com\/wp-content\/uploads\/2013\/02\/yating-Match-race5.jpg?resize=525%2C300 1.5x"},"classes":[]},{"id":59833,"url":"https:\/\/www.24baires.com\/?p=59833","url_meta":{"origin":6185,"position":4},"title":"En Mar del Plata se correr\u00e1 la regata internacional Clase S33","author":"Grupo Sierra","date":"09\/01\/2015","format":false,"excerpt":"En el marco de Velas Latinoam\u00e9rica 2014 y como cierre de un mes que se inici\u00f3 con la Semana Internacional del Yachting, el Club N\u00e1utico Mar del Plata -luego de intensas gestiones con la Clase S33 y con el apoyo de Turismo Mar del Plata- logr\u00f3 concretar la presencia de\u2026","rel":"","context":"En \u00abDeportes\u00bb","block_context":{"text":"Deportes","link":"https:\/\/www.24baires.com\/?cat=12"},"img":{"alt_text":"Soto33","src":"https:\/\/i0.wp.com\/www.24baires.com\/wp-content\/uploads\/2015\/01\/Soto33.jpg?resize=350%2C200","width":350,"height":200,"srcset":"https:\/\/i0.wp.com\/www.24baires.com\/wp-content\/uploads\/2015\/01\/Soto33.jpg?resize=350%2C200 1x, https:\/\/i0.wp.com\/www.24baires.com\/wp-content\/uploads\/2015\/01\/Soto33.jpg?resize=525%2C300 1.5x"},"classes":[]},{"id":115222,"url":"https:\/\/www.24baires.com\/?p=115222","url_meta":{"origin":6185,"position":5},"title":"Salidas recreativas y deportes individuales al aire libre, el nuevo pedido de Montenegro","author":"GB","date":"03\/06\/2020","format":false,"excerpt":"El intendente elev\u00f3 los protocolos para una \"tercera etapa\" en Mar del Plata. \"Esperamos que sean aprobadas r\u00e1pidamente por Provincia y Naci\u00f3n\", indic\u00f3 Salidas recreativas y deportes individuales al aire libre, el nuevo pedido de Montenegro El intendente de General Pueyrredon, Guillermo Montenegro, anunci\u00f3 este martes en conferencia de prensa\u2026","rel":"","context":"En \u00abMunicipios\u00bb","block_context":{"text":"Municipios","link":"https:\/\/www.24baires.com\/?cat=44"},"img":{"alt_text":"","src":"https:\/\/i0.wp.com\/www.24baires.com\/wp-content\/uploads\/2020\/06\/montenegro.jpg?resize=350%2C200","width":350,"height":200,"srcset":"https:\/\/i0.wp.com\/www.24baires.com\/wp-content\/uploads\/2020\/06\/montenegro.jpg?resize=350%2C200 1x, https:\/\/i0.wp.com\/www.24baires.com\/wp-content\/uploads\/2020\/06\/montenegro.jpg?resize=525%2C300 1.5x"},"classes":[]}],"jetpack_sharing_enabled":true,"jetpack_likes_enabled":true,"_links":{"self":[{"href":"https:\/\/www.24baires.com\/index.php?rest_route=\/wp\/v2\/posts\/6185","targetHints":{"allow":["GET"]}}],"collection":[{"href":"https:\/\/www.24baires.com\/index.php?rest_route=\/wp\/v2\/posts"}],"about":[{"href":"https:\/\/www.24baires.com\/index.php?rest_route=\/wp\/v2\/types\/post"}],"author":[{"embeddable":true,"href":"https:\/\/www.24baires.com\/index.php?rest_route=\/wp\/v2\/users\/11"}],"replies":[{"embeddable":true,"href":"https:\/\/www.24baires.com\/index.php?rest_route=%2Fwp%2Fv2%2Fcomments&post=6185"}],"version-history":[{"count":3,"href":"https:\/\/www.24baires.com\/index.php?rest_route=\/wp\/v2\/posts\/6185\/revisions"}],"predecessor-version":[{"id":6193,"href":"https:\/\/www.24baires.com\/index.php?rest_route=\/wp\/v2\/posts\/6185\/revisions\/6193"}],"wp:attachment":[{"href":"https:\/\/www.24baires.com\/index.php?rest_route=%2Fwp%2Fv2%2Fmedia&parent=6185"}],"wp:term":[{"taxonomy":"category","embeddable":true,"href":"https:\/\/www.24baires.com\/index.php?rest_route=%2Fwp%2Fv2%2Fcategories&post=6185"},{"taxonomy":"post_tag","embeddable":true,"href":"https:\/\/www.24baires.com\/index.php?rest_route=%2Fwp%2Fv2%2Ftags&post=6185"}],"curies":[{"name":"wp","href":"https:\/\/api.w.org\/{rel}","templated":true}]}}