{"id":6180,"date":"2012-11-20T08:30:40","date_gmt":"2012-11-20T11:30:40","guid":{"rendered":"http:\/\/www.24baires.com\/?p=6180"},"modified":"2012-11-20T21:26:06","modified_gmt":"2012-11-21T00:26:06","slug":"ingenieros-olavarrienses-fueron-distinguidos-en-chile","status":"publish","type":"post","link":"https:\/\/www.24baires.com\/?p=6180","title":{"rendered":"Ingenieros olavarrienses fueron distinguidos en Chile"},"content":{"rendered":"<p><img loading=\"lazy\" decoding=\"async\" class=\"alignleft  wp-image-6181\" title=\"pampa\" src=\"http:\/\/www.24baires.com\/wp-content\/uploads\/2012\/11\/pampa.bmp\" alt=\"\" width=\"375\" height=\"203\" \/>Un equipo de docentes, graduados, estudiantes y no docentes de la Facultad de Ingenier\u00eda de la Universidad Nacional del Centro de la Provincia de Buenos Aires, fue distinguido en Chile por la actuaci\u00f3n su auto solar \u201cPampa\u201d en una carrera disputada en el desierto de Atacama.<!--more--><\/p>\n<p>La participaci\u00f3n por segunda vez consecutiva en la Carrera Solar fue uno de los objetivos cumplidos de \u201cPampa Solar\u201d, un proyecto multidisciplinario que se conform\u00f3 el a\u00f1o pasado con el fin de construir un veh\u00edculo h\u00edbrido experimental, un m\u00f3vil de tracci\u00f3n el\u00e9ctrica y cero emisi\u00f3n.<\/p>\n<p>En esta oportunidad, donde se midieron con delegaciones de toda Latinoam\u00e9rica, los bonaerenses se adjudicaron el cuarto puesto y un reconocimiento al mejor uso del litio, material que compone las bater\u00edas.<br \/>\nTal como se inform\u00f3 desde la UNICEN, fue altamente valorado que el veh\u00edculo, sin asistencia externa, lograra culminar todo el itinerario de la competencia que se realiz\u00f3 durante cuatro d\u00edas en uno de los lugares con mayor radiaci\u00f3n solar y donde la ruta supera los 3400 metros sobre el nivel mundial.<br \/>\nLa ceremonia de premiaci\u00f3n de la competencia se realiz\u00f3 este lunes en la Plaza 21 de Mayo de la ciudad de Iquique, donde se concentraron todos los equipos participantes, los organizadores, y las empresas auspiciantes de este evento.<\/p>\n<p>All\u00ed, la empresa chilena SQM, l\u00edder mundial en la producci\u00f3n de litio, entreg\u00f3 adem\u00e1s una beca de estudio para que uno de los estudiantes de ingenier\u00eda pueda ahondar en el proceso de elaboraci\u00f3n de este material.<\/p>\n<p>Seg\u00fan anunci\u00f3 el \u00e1rea de comunicaciones de dicha unidad acad\u00e9mica, el director del grupo, Marcelo Spina, se\u00f1al\u00f3 durante la entrega de los premios que apostamos por \u201cun veh\u00edculo que pretende no traccionar sobre la rueda, sino generar energ\u00eda a partir de un sistema donde el humano participe de la matriz energ\u00e9tica del veh\u00edculo. Creemos que tecnol\u00f3gicamente el auto funcion\u00f3 muy bien, se mantuvo siempre en carrera sin la necesidad de ser remolcado, y eso para nosotros es muy satisfactorio\u201d.<\/p>\n<p>Asimismo, enfatiz\u00f3 sobre un deseo de la organizaci\u00f3n: \u201cojal\u00e1 la movilidad el\u00e9ctrica sea el futuro y que nosotros seamos los que llevemos adelante estas ideas\u201d, concluy\u00f3.<\/p>\n","protected":false},"excerpt":{"rendered":"<p>Un equipo de docentes, graduados, estudiantes y no docentes de la Facultad de Ingenier\u00eda de la Universidad Nacional del Centro de la Provincia de Buenos Aires, fue distinguido en Chile por la actuaci\u00f3n su auto solar \u201cPampa\u201d en una carrera disputada en el desierto de Atacama.<\/p>\n","protected":false},"author":4,"featured_media":0,"comment_status":"open","ping_status":"open","sticky":false,"template":"","format":"standard","meta":{"_jetpack_newsletter_access":"","_jetpack_dont_email_post_to_subs":false,"_jetpack_newsletter_tier_id":0,"_jetpack_memberships_contains_paywalled_content":false,"_jetpack_memberships_contains_paid_content":false,"footnotes":""},"categories":[1],"tags":[],"class_list":["post-6180","post","type-post","status-publish","format-standard","hentry","category-sociedad"],"jetpack_featured_media_url":"","jetpack_shortlink":"https:\/\/wp.me\/p2JWE0-1BG","jetpack-related-posts":[{"id":61567,"url":"https:\/\/www.24baires.com\/?p=61567","url_meta":{"origin":6180,"position":0},"title":"Desde UDOCBA dicen que \u201cla propuesta de Scioli es inaceptable\u201d","author":"Grupo Sierra","date":"10\/02\/2015","format":false,"excerpt":"El secretario general de la Uni\u00f3n de Docentes de la Provincia de Buenos Aires, Miguel D\u00edaz, lo asegur\u00f3 en relaci\u00f3n a la suba salarial del 25% que ofreci\u00f3 el gobierno bonaerense. \u201cUn docente, para el gobernador, vale 6250 pesos en septiembre, cuando en Santa Fe, C\u00f3rdoba, La Pampa, Capital Federal\u2026","rel":"","context":"En \u00abProvincia\u00bb","block_context":{"text":"Provincia","link":"https:\/\/www.24baires.com\/?cat=40"},"img":{"alt_text":"udocba","src":"https:\/\/i0.wp.com\/www.24baires.com\/wp-content\/uploads\/2014\/08\/udocba.jpg?resize=350%2C200","width":350,"height":200,"srcset":"https:\/\/i0.wp.com\/www.24baires.com\/wp-content\/uploads\/2014\/08\/udocba.jpg?resize=350%2C200 1x, https:\/\/i0.wp.com\/www.24baires.com\/wp-content\/uploads\/2014\/08\/udocba.jpg?resize=525%2C300 1.5x"},"classes":[]},{"id":100746,"url":"https:\/\/www.24baires.com\/?p=100746","url_meta":{"origin":6180,"position":1},"title":"Provincia volvi\u00f3 a convocar a los docentes a una semana del inicio de clases","author":"AF","date":"26\/02\/2018","format":false,"excerpt":"El encuentro se realizar\u00e1 este mi\u00e9rcoles a las 12 en la sede del Ministerio de Econom\u00eda provincial. La \u00faltima oferta del gobierno de Mar\u00eda Eugenia Vidal fue un 15% de aumento salarial en tres tramos. Los maestros rechazaron la propuesta. El gobierno de Mar\u00eda Eugenia Vidal convoc\u00f3 a los sindicatos\u2026","rel":"","context":"En \u00abSociedad\u00bb","block_context":{"text":"Sociedad","link":"https:\/\/www.24baires.com\/?cat=1"},"img":{"alt_text":"","src":"https:\/\/i0.wp.com\/www.24baires.com\/wp-content\/uploads\/2018\/02\/docentes.jpg?resize=350%2C200","width":350,"height":200,"srcset":"https:\/\/i0.wp.com\/www.24baires.com\/wp-content\/uploads\/2018\/02\/docentes.jpg?resize=350%2C200 1x, https:\/\/i0.wp.com\/www.24baires.com\/wp-content\/uploads\/2018\/02\/docentes.jpg?resize=525%2C300 1.5x"},"classes":[]},{"id":19600,"url":"https:\/\/www.24baires.com\/?p=19600","url_meta":{"origin":6180,"position":2},"title":"\u201cQueremos que nos saquen de pobre y que nos dejen trabajar\u201d dicen desde UDOCBA","author":"Grupo Sierra","date":"28\/03\/2013","format":false,"excerpt":"Tras el nuevo fracaso en la reuni\u00f3n entre el Gobierno Provincial y los docentes bonaerenses, el titular de la Uni\u00f3n de Docentes de la Provincia de Buenos Aires (UDOCBA), Miguel D\u00edaz, expres\u00f3 que \u201cqueremos que nos saquen de pobre y que nos dejen trabajar\u201d, al mismo tiempo afirm\u00f3: \u201cSomos rehenes\u2026","rel":"","context":"En \u00abProvincia\u00bb","block_context":{"text":"Provincia","link":"https:\/\/www.24baires.com\/?cat=40"},"img":{"alt_text":"","src":"","width":0,"height":0},"classes":[]},{"id":97742,"url":"https:\/\/www.24baires.com\/?p=97742","url_meta":{"origin":6180,"position":3},"title":"Evaluar\u00e1n cu\u00e1nto saben los docentes que empiezan a ense\u00f1ar","author":"GB","date":"28\/09\/2017","format":false,"excerpt":"Los futuros docentes, a examen. El Gobierno evaluar\u00e1 los conocimientos de los estudiantes del \u00faltimo a\u00f1o de los profesorados de todo el pa\u00eds El Gobierno nacional avanza en la evaluaci\u00f3n integral del sistema educativo. El pr\u00f3ximo 31 de octubre implementar\u00e1 en todo el pa\u00eds el \u201cOperativo Ense\u00f1ar\u201d,que medir\u00e1 los conocimientos\u2026","rel":"","context":"En \u00abSociedad\u00bb","block_context":{"text":"Sociedad","link":"https:\/\/www.24baires.com\/?cat=1"},"img":{"alt_text":"","src":"https:\/\/i0.wp.com\/www.24baires.com\/wp-content\/uploads\/2017\/04\/docentes-congreso.jpg?resize=350%2C200","width":350,"height":200,"srcset":"https:\/\/i0.wp.com\/www.24baires.com\/wp-content\/uploads\/2017\/04\/docentes-congreso.jpg?resize=350%2C200 1x, https:\/\/i0.wp.com\/www.24baires.com\/wp-content\/uploads\/2017\/04\/docentes-congreso.jpg?resize=525%2C300 1.5x"},"classes":[]},{"id":111825,"url":"https:\/\/www.24baires.com\/?p=111825","url_meta":{"origin":6180,"position":4},"title":"Un importante empresario textil promete una fuerte inversi\u00f3n si no gana Macri","author":"AF","date":"27\/08\/2019","format":false,"excerpt":"El due\u00f1os de John Foos asegur\u00f3 que la propuesta para reabrir la planta de Alpargatas La Pampa solo es viable con un cambio de gobierno porque la gesti\u00f3n de Macri \"no para de destruir a la industria\". El empresario Miguel \u00c1ngel Fosati, due\u00f1o de John Foos, confirm\u00f3 suoferta de reabrir\u2026","rel":"","context":"En \u00abSociedad\u00bb","block_context":{"text":"Sociedad","link":"https:\/\/www.24baires.com\/?cat=1"},"img":{"alt_text":"","src":"https:\/\/i0.wp.com\/www.24baires.com\/wp-content\/uploads\/2019\/08\/macri.png?resize=350%2C200","width":350,"height":200,"srcset":"https:\/\/i0.wp.com\/www.24baires.com\/wp-content\/uploads\/2019\/08\/macri.png?resize=350%2C200 1x, https:\/\/i0.wp.com\/www.24baires.com\/wp-content\/uploads\/2019\/08\/macri.png?resize=525%2C300 1.5x"},"classes":[]},{"id":42525,"url":"https:\/\/www.24baires.com\/?p=42525","url_meta":{"origin":6180,"position":5},"title":"Docentes convocan a la Marcha Blanca Federal","author":"Grupo Sierra","date":"21\/03\/2014","format":false,"excerpt":"Desde la Federaci\u00f3n Nacional Docente en la CTA, Sindicatos y Seccionales en la CTERA convocan a Marcha Federal por salario y educaci\u00f3n en el Congreso. La paritaria nacional se encuentra paralizada y se mantiene abierto el conflicto salarial docente en 18 distritos, con paros esta semana en 11 provincias (Buenos\u2026","rel":"","context":"En \u00abGeneral\u00bb","block_context":{"text":"General","link":"https:\/\/www.24baires.com\/?cat=67"},"img":{"alt_text":"docentes gobernaci\u00f3n","src":"https:\/\/i0.wp.com\/www.24baires.com\/wp-content\/uploads\/2013\/03\/docentes-gobernaci%C3%B3n-300x200.jpg?resize=350%2C200","width":350,"height":200},"classes":[]}],"jetpack_sharing_enabled":true,"jetpack_likes_enabled":true,"_links":{"self":[{"href":"https:\/\/www.24baires.com\/index.php?rest_route=\/wp\/v2\/posts\/6180","targetHints":{"allow":["GET"]}}],"collection":[{"href":"https:\/\/www.24baires.com\/index.php?rest_route=\/wp\/v2\/posts"}],"about":[{"href":"https:\/\/www.24baires.com\/index.php?rest_route=\/wp\/v2\/types\/post"}],"author":[{"embeddable":true,"href":"https:\/\/www.24baires.com\/index.php?rest_route=\/wp\/v2\/users\/4"}],"replies":[{"embeddable":true,"href":"https:\/\/www.24baires.com\/index.php?rest_route=%2Fwp%2Fv2%2Fcomments&post=6180"}],"version-history":[{"count":2,"href":"https:\/\/www.24baires.com\/index.php?rest_route=\/wp\/v2\/posts\/6180\/revisions"}],"predecessor-version":[{"id":6183,"href":"https:\/\/www.24baires.com\/index.php?rest_route=\/wp\/v2\/posts\/6180\/revisions\/6183"}],"wp:attachment":[{"href":"https:\/\/www.24baires.com\/index.php?rest_route=%2Fwp%2Fv2%2Fmedia&parent=6180"}],"wp:term":[{"taxonomy":"category","embeddable":true,"href":"https:\/\/www.24baires.com\/index.php?rest_route=%2Fwp%2Fv2%2Fcategories&post=6180"},{"taxonomy":"post_tag","embeddable":true,"href":"https:\/\/www.24baires.com\/index.php?rest_route=%2Fwp%2Fv2%2Ftags&post=6180"}],"curies":[{"name":"wp","href":"https:\/\/api.w.org\/{rel}","templated":true}]}}