{"id":6164,"date":"2012-11-20T19:04:03","date_gmt":"2012-11-20T22:04:03","guid":{"rendered":"http:\/\/www.24baires.com\/?p=6164"},"modified":"2012-11-20T19:04:03","modified_gmt":"2012-11-20T22:04:03","slug":"municipios-del-noroeste-bonaerense-piden-por-las-personas-con-capacidades-diferentes","status":"publish","type":"post","link":"https:\/\/www.24baires.com\/?p=6164","title":{"rendered":"Municipios del noroeste bonaerense piden por las personas con capacidades diferentes"},"content":{"rendered":"<p><img data-recalc-dims=\"1\" loading=\"lazy\" decoding=\"async\" class=\"alignleft size-medium wp-image-6165\" title=\"discapacidad\" src=\"https:\/\/i0.wp.com\/www.24baires.com\/wp-content\/uploads\/2012\/11\/discapacidad.png?resize=300%2C223\" alt=\"\" width=\"300\" height=\"223\" srcset=\"https:\/\/i0.wp.com\/www.24baires.com\/wp-content\/uploads\/2012\/11\/discapacidad.png?resize=300%2C223&amp;ssl=1 300w, https:\/\/i0.wp.com\/www.24baires.com\/wp-content\/uploads\/2012\/11\/discapacidad.png?w=560&amp;ssl=1 560w\" sizes=\"auto, (max-width: 300px) 100vw, 300px\" \/>Los Consejos de Sanidad de las comunas de Pergamino, San Nicol\u00e1s, Rojas, Salto, Arrecifes y Col\u00f3n, manifestaron su disconformidad por la suspendida resoluci\u00f3n 1200 de la Superintendencia de Servicios de Salud, que permitir\u00eda que las Obras Sociales dejen de tener el reintegro que asegura la atenci\u00f3n de las personas con capacidades diferentes.<!--more--><\/p>\n<p>Tal como inform\u00f3 el Diario El Tiempo de Pergamino, los funcionarios de las distintas localidades enviaron notas al Consejo Argentino para la inclusi\u00f3n de las Personas con Discapacidad, la Asociaci\u00f3n de Institutos Educativos Especiales, la Obra Don Orione, el Arzobispado de Buenos Aires que a su vez cont\u00f3 con el apoyo de organizaciones gubernamentales y empresas de la regi\u00f3n.<\/p>\n<p>Dicho documento indica que \u201cdentro del amplio espectro de derechos constitucionalmente consagrados a las Personas con Discapacidad, el Derecho a la Salud es el motivo que nos moviliza y autoconvoca\u201d.<\/p>\n<p>Consecuentemente, sostiene que los firmantes representan a Personas con Discapacidad por lo que \u201cexpresan su disconformidad con la Resoluci\u00f3n 1200\/12 de la Superintendencia de Servicios de Salud moment\u00e1neamente suspendida y cualquier otra normativa que atente contra los derechos a la salud adquiridos por este colectivo, como as\u00ed tambi\u00e9n cualquier intento de reforma de la Ley 24.901 que vulnere o conculque la atenci\u00f3n integral de la salud a las Personas con Discapacidad\u201d.<\/p>\n<p>En este sentido, los bonaerenses agregan que m\u00e1s del 10 por ciento de la poblaci\u00f3n mundial tiene alg\u00fan tipo de discapacidad por lo que se trata de uno de los colectivos minoritarios m\u00e1s amplios del planeta, y que, seg\u00fan estad\u00edsticas de la Organizaci\u00f3n Mundial de la Salud, ir\u00eda en aumento.<\/p>\n<p>En este marco, solicitan al Estado cumplir con las obligaciones firmadas por Argentina en 2008, cuando ratific\u00f3 como ley 26.378 los Derechos de las Personas con Discapacidad elaborados por Naciones Unidas y el sistema de prestaciones b\u00e1sicas de atenci\u00f3n integral a favor de las personas con discapacidad que instituye la ley 24.901.<\/p>\n<p>\u201cEl Derecho a la Salud de las Personas con Discapacidad debe ser, por lo tanto, tutelado y consecuentemente protegido por el Estado argentino y por todos los organismos estatales\u201d, sentencia el comunicado de los municipios al respecto y al mismo tiempo recuerda que especialmente la Superintendencia de Servicios de Salud tiene como fin \u201casegurar el cumplimiento de las pol\u00edticas del \u00e1rea para que, la poblaci\u00f3n en general y las Personas con Discapacidad en particular, puedan ejercer el derecho a gozar de las prestaciones de salud establecidas en la legislaci\u00f3n\u201d.<\/p>\n<p>Nuevas respuestas de la Superintendencia<\/p>\n<p>Vale destacar que, frente a diversas cr\u00edticas semejantes, la Superintendencia de Servicios de Salud suspendi\u00f3 la mencionada resoluci\u00f3n y anunci\u00f3 que crear\u00e1 el Sistema \u00danico de Reintegro (SUR) por Prestaciones otorgadas a Personas con Discapacidad.<\/p>\n<p>Seg\u00fan la resoluci\u00f3n publicada en el Bolet\u00edn Oficial, el SUR tendr\u00e1 la finalidad de \u201cadministrar los fondos destinados a apoyar econ\u00f3micamente a los Agentes del Seguro de Salud para el reconocimiento de las prestaciones m\u00e9dicas de baja incidencia y alto impacto econ\u00f3mico y las de tratamiento prolongado\u201d.<\/p>\n<p>Sin embargo, desde las distintas organizaciones sociales contin\u00faan recelando esta nueva iniciativa, bajo la sospecha de que se mantenga en vigencia la posibilidad de realizar amparos judiciales contra pagos no regularizados o restringidos por parte del Estado.<\/p>\n","protected":false},"excerpt":{"rendered":"<p>Los Consejos de Sanidad de las comunas de Pergamino, San Nicol\u00e1s, Rojas, Salto, Arrecifes y Col\u00f3n, manifestaron su disconformidad por la suspendida resoluci\u00f3n 1200 de la Superintendencia de Servicios de Salud, que permitir\u00eda que las Obras Sociales dejen de tener el reintegro que asegura la atenci\u00f3n de las personas con capacidades diferentes.<\/p>\n","protected":false},"author":11,"featured_media":0,"comment_status":"open","ping_status":"open","sticky":false,"template":"","format":"standard","meta":{"_jetpack_newsletter_access":"","_jetpack_dont_email_post_to_subs":false,"_jetpack_newsletter_tier_id":0,"_jetpack_memberships_contains_paywalled_content":false,"_jetpack_memberships_contains_paid_content":false,"footnotes":""},"categories":[1],"tags":[],"class_list":["post-6164","post","type-post","status-publish","format-standard","hentry","category-sociedad"],"jetpack_featured_media_url":"","jetpack_shortlink":"https:\/\/wp.me\/p2JWE0-1Bq","jetpack-related-posts":[{"id":118451,"url":"https:\/\/www.24baires.com\/?p=118451","url_meta":{"origin":6164,"position":0},"title":"Pergamino: 21 personas fueron internadas por exposici\u00f3n a fumigaciones","author":"GB","date":"13\/01\/2022","format":false,"excerpt":"Las personas se encontraban trabajando en un campo lindero y fueron sorprendidos por una avioneta. En el municipio rige una ordenanza municipal y una medida cautelar que proh\u00edbe las fumigaciones a\u00e9reas a menos de 3000 mts y terrestres a menos de 1.095. Las fumigaciones en Pergamino lamentablemente son moneda corriente,\u2026","rel":"","context":"En \u00abMunicipios\u00bb","block_context":{"text":"Municipios","link":"https:\/\/www.24baires.com\/?cat=44"},"img":{"alt_text":"","src":"https:\/\/i0.wp.com\/www.24baires.com\/wp-content\/uploads\/2022\/01\/FUMIGACIONES-1024x573.jpg?resize=350%2C200","width":350,"height":200,"srcset":"https:\/\/i0.wp.com\/www.24baires.com\/wp-content\/uploads\/2022\/01\/FUMIGACIONES-1024x573.jpg?resize=350%2C200 1x, https:\/\/i0.wp.com\/www.24baires.com\/wp-content\/uploads\/2022\/01\/FUMIGACIONES-1024x573.jpg?resize=525%2C300 1.5x"},"classes":[]},{"id":29718,"url":"https:\/\/www.24baires.com\/?p=29718","url_meta":{"origin":6164,"position":1},"title":"Se realizar\u00e1 en Pergamino el 2\u00ba Campeonato Provincial de Canotaje","author":"AF","date":"08\/08\/2013","format":false,"excerpt":"La competencia reunir\u00e1 alrededor de 220 canotajes. Se trata de un acontecimiento para toda la familia y gratuito. 16 ciudades bonaerenses se reunir\u00e1n a competir en Pergamino. Durante los d\u00edas s\u00e1bado 17 y domingo 18 se llevar\u00e1 a cabo en la ciudad de Pergamino el Segundo Campeonato Provincial de Canotaje,\u2026","rel":"","context":"En \u00abLocales\u00bb","block_context":{"text":"Locales","link":"https:\/\/www.24baires.com\/?cat=38"},"img":{"alt_text":"","src":"","width":0,"height":0},"classes":[]},{"id":119695,"url":"https:\/\/www.24baires.com\/?p=119695","url_meta":{"origin":6164,"position":2},"title":"Alerta entre vecinos de Pergamino por la fumigaci\u00f3n en campos","author":"GB","date":"04\/01\/2023","format":false,"excerpt":"Francisco Ayerza es un paraje de la localidad de Pergamino en donde se levant\u00f3 una ecoaldea. Los vecinos denunciaron casos de fumigaci\u00f3n a metros de las casas. Francisco Ayerza es un paraje rural ubicado a 5 kil\u00f3metros de Pergamino, la localidad a la que pertenece y en las \u00faltimas horas\u2026","rel":"","context":"En \u00abProvincia\u00bb","block_context":{"text":"Provincia","link":"https:\/\/www.24baires.com\/?cat=40"},"img":{"alt_text":"","src":"https:\/\/i0.wp.com\/www.24baires.com\/wp-content\/uploads\/2023\/01\/agroquimicos-fumigacionjpg.jpg?resize=350%2C200","width":350,"height":200,"srcset":"https:\/\/i0.wp.com\/www.24baires.com\/wp-content\/uploads\/2023\/01\/agroquimicos-fumigacionjpg.jpg?resize=350%2C200 1x, https:\/\/i0.wp.com\/www.24baires.com\/wp-content\/uploads\/2023\/01\/agroquimicos-fumigacionjpg.jpg?resize=525%2C300 1.5x, https:\/\/i0.wp.com\/www.24baires.com\/wp-content\/uploads\/2023\/01\/agroquimicos-fumigacionjpg.jpg?resize=700%2C400 2x"},"classes":[]},{"id":112110,"url":"https:\/\/www.24baires.com\/?p=112110","url_meta":{"origin":6164,"position":3},"title":"La Justicia cit\u00f3 a indagatoria a dos funcionarios de Pergamino por el agua contaminada","author":"GB","date":"17\/09\/2019","format":false,"excerpt":"Ahora, el Juzgado Federal de San Nicol\u00e1s que ya hab\u00eda ordenado prohibir las fumigaciones a menos de tres mil metros, estudia la responsabilidad pol\u00edtica por el da\u00f1o en la salud de varios habitantes de Pergamino. Se tratan de dos funcionarios del \u00e1rea que deb\u00eda controlar las pulverizaciones y que deja\u2026","rel":"","context":"En \u00abMunicipios\u00bb","block_context":{"text":"Municipios","link":"https:\/\/www.24baires.com\/?cat=44"},"img":{"alt_text":"","src":"https:\/\/i0.wp.com\/www.24baires.com\/wp-content\/uploads\/2019\/09\/pergamino-fumigacion.jpg?resize=350%2C200","width":350,"height":200,"srcset":"https:\/\/i0.wp.com\/www.24baires.com\/wp-content\/uploads\/2019\/09\/pergamino-fumigacion.jpg?resize=350%2C200 1x, https:\/\/i0.wp.com\/www.24baires.com\/wp-content\/uploads\/2019\/09\/pergamino-fumigacion.jpg?resize=525%2C300 1.5x"},"classes":[]},{"id":114151,"url":"https:\/\/www.24baires.com\/?p=114151","url_meta":{"origin":6164,"position":4},"title":"La Justicia pidi\u00f3 informes sobre agrot\u00f3xicos a cinco intendentes de Cambiemos","author":"GB","date":"18\/02\/2020","format":false,"excerpt":"La fiscal\u00eda de San Nicol\u00e1s remiti\u00f3 oficios a un total de seis distritos para conocer pr\u00e1cticas relacionadas a la contaminaci\u00f3n ambiental. El fiscal federal de San Nicol\u00e1s, Mat\u00edas Di Lello, le solicit\u00f3 a seis municipios del norte bonaerense que elabore informes sobre pr\u00e1cticas relacionadas a la aplicaci\u00f3n de agroqu\u00edmicos y\u2026","rel":"","context":"En \u00abMunicipios\u00bb","block_context":{"text":"Municipios","link":"https:\/\/www.24baires.com\/?cat=44"},"img":{"alt_text":"","src":"https:\/\/i0.wp.com\/www.24baires.com\/wp-content\/uploads\/2013\/04\/agrot%C3%B3xicos.jpg?resize=350%2C200","width":350,"height":200,"srcset":"https:\/\/i0.wp.com\/www.24baires.com\/wp-content\/uploads\/2013\/04\/agrot%C3%B3xicos.jpg?resize=350%2C200 1x, https:\/\/i0.wp.com\/www.24baires.com\/wp-content\/uploads\/2013\/04\/agrot%C3%B3xicos.jpg?resize=525%2C300 1.5x"},"classes":[]},{"id":33588,"url":"https:\/\/www.24baires.com\/?p=33588","url_meta":{"origin":6164,"position":5},"title":"Unnoba inaugurar\u00e1 el edificio de la Escuela Agraria de Pergamino","author":"AF","date":"15\/10\/2013","format":false,"excerpt":"Se trata de una primera etapa de la nueva sede, construida en el predio de cinco hect\u00e1reas cedido por el Instituto Nacional de Tecnolog\u00eda Agropecuaria (Inta). Las necesidades que dieron origen a la decisi\u00f3n de encarar esta obra fueron las de generar capacidad \u00e1ulica para los \u00faltimos a\u00f1os de las\u2026","rel":"","context":"En \u00abLocales\u00bb","block_context":{"text":"Locales","link":"https:\/\/www.24baires.com\/?cat=38"},"img":{"alt_text":"unnoba","src":"https:\/\/i0.wp.com\/www.24baires.com\/wp-content\/uploads\/2013\/10\/unnoba.jpg?resize=350%2C200","width":350,"height":200,"srcset":"https:\/\/i0.wp.com\/www.24baires.com\/wp-content\/uploads\/2013\/10\/unnoba.jpg?resize=350%2C200 1x, https:\/\/i0.wp.com\/www.24baires.com\/wp-content\/uploads\/2013\/10\/unnoba.jpg?resize=525%2C300 1.5x"},"classes":[]}],"jetpack_sharing_enabled":true,"jetpack_likes_enabled":true,"_links":{"self":[{"href":"https:\/\/www.24baires.com\/index.php?rest_route=\/wp\/v2\/posts\/6164","targetHints":{"allow":["GET"]}}],"collection":[{"href":"https:\/\/www.24baires.com\/index.php?rest_route=\/wp\/v2\/posts"}],"about":[{"href":"https:\/\/www.24baires.com\/index.php?rest_route=\/wp\/v2\/types\/post"}],"author":[{"embeddable":true,"href":"https:\/\/www.24baires.com\/index.php?rest_route=\/wp\/v2\/users\/11"}],"replies":[{"embeddable":true,"href":"https:\/\/www.24baires.com\/index.php?rest_route=%2Fwp%2Fv2%2Fcomments&post=6164"}],"version-history":[{"count":3,"href":"https:\/\/www.24baires.com\/index.php?rest_route=\/wp\/v2\/posts\/6164\/revisions"}],"predecessor-version":[{"id":6168,"href":"https:\/\/www.24baires.com\/index.php?rest_route=\/wp\/v2\/posts\/6164\/revisions\/6168"}],"wp:attachment":[{"href":"https:\/\/www.24baires.com\/index.php?rest_route=%2Fwp%2Fv2%2Fmedia&parent=6164"}],"wp:term":[{"taxonomy":"category","embeddable":true,"href":"https:\/\/www.24baires.com\/index.php?rest_route=%2Fwp%2Fv2%2Fcategories&post=6164"},{"taxonomy":"post_tag","embeddable":true,"href":"https:\/\/www.24baires.com\/index.php?rest_route=%2Fwp%2Fv2%2Ftags&post=6164"}],"curies":[{"name":"wp","href":"https:\/\/api.w.org\/{rel}","templated":true}]}}