{"id":61617,"date":"2015-02-11T18:38:58","date_gmt":"2015-02-11T21:38:58","guid":{"rendered":"http:\/\/www.24baires.com\/?p=61617"},"modified":"2015-02-11T18:38:58","modified_gmt":"2015-02-11T21:38:58","slug":"carnaval","status":"publish","type":"post","link":"https:\/\/www.24baires.com\/?p=61617","title":{"rendered":"Carnaval"},"content":{"rendered":"<p style=\"text-align: center;\"><img data-recalc-dims=\"1\" loading=\"lazy\" decoding=\"async\" class=\"aligncenter size-full wp-image-12851\" src=\"https:\/\/i0.wp.com\/www.24baires.com\/wp-content\/uploads\/2013\/01\/carnavales-bonaerenses.jpg?resize=500%2C375\" alt=\"carnavales bonaerenses\" width=\"500\" height=\"375\" srcset=\"https:\/\/i0.wp.com\/www.24baires.com\/wp-content\/uploads\/2013\/01\/carnavales-bonaerenses.jpg?w=500&amp;ssl=1 500w, https:\/\/i0.wp.com\/www.24baires.com\/wp-content\/uploads\/2013\/01\/carnavales-bonaerenses.jpg?resize=300%2C225&amp;ssl=1 300w\" sizes=\"auto, (max-width: 500px) 100vw, 500px\" \/>\u00a1Carnaval, carnaval, qu\u00e9 inconsciente<br \/>\natropellas con tu bufonada!<br \/>\nYo soy joven, te espero de frente,<br \/>\ndile a Momo que saque su espada&#8230;<br \/>\nTu locura, tu cruel iron\u00eda<br \/>\ndejan huellas despu\u00e9s que t\u00fa pasas;<br \/>\ny conviertes dichosos en tristes<br \/>\na esos pobres ya nadie los salva.<br \/>\n(\u201cJuventud\u201d, tango de Roberto<br \/>\nAubriot Barboza)<br \/>\n<!--more--><\/p>\n<p>Viene el tiempo de los corsos. Gracias a la democracia que los restaur\u00f3, hoy, los que lo deseen, podr\u00e1n festejar el carnaval.<\/p>\n<p>Claro, tantos a\u00f1os de prohibici\u00f3n han dejado su rastro. No pensar es moderno y representa el cambio. As\u00ed que el carnaval argentino, ese de las comparsas, el pomo, el agua florida y las mascaritas, ya no se festeja. Ni siquiera se ha ensayado una evoluci\u00f3n de esas costumbres. Por lo tanto, no se entiende bien qu\u00e9 cosa se reclamaba que se vuelva a festejar. En su lugar, como con San Valent\u00edn, Halloween o San Patricio, se importa una fiesta brasilera. Mirarnos para adentro, elaborar una festividad que nos identifique puede dejarnos afuera del mundo, y al menos por estas latitudes, ya no hay m\u00e1s carnaval que el brasilero.<\/p>\n<p>Sin embargo, otros ensayan nuevas maneras de rendir culto al Rey Momo. Muchos argentinos son muy proclives a bajar la cabeza ante los monarcas. Entonces se viene preparando una nueva celebraci\u00f3n en la que, a diferencia de otros carnavales, el juego consiste en que las m\u00e1scaras caigan de una vez. Ya no es la inseguridad, la ampliaci\u00f3n de derechos, el casamiento de personas del mismo sexo, el d\u00f3lar, Clar\u00edn, la asignaci\u00f3n por hijo, Aerol\u00edneas, YPF, el campo. Ya no se intenta encontrar pruebas de nada, Para qu\u00e9, si el canal de noticias piensa por nosotros y ese pensamiento nos une con el vecino, eliminando la grieta. Simplemente se pide que Momo gobierne de una vez. No se sienten seguros para las elecciones y, dicho sea de paso, tampoco son muy afectos a estas maniobras electorales en las que se suelen imponer esas imp\u00fadicas mayor\u00edas. Ahora tienen un m\u00e1rtir, y menos ganas de razonar que nunca. Y van a marchar por el esclarecimiento de la muerte de un buch\u00f3n de la CIA, en cuya causa, nada indica que no haya sido un suicidio. Qu\u00e9 mala suerte esta gente: nunca apoya a nada que tenga que ver con las instituciones.<\/p>\n<p>Entre los que marchan \u201csin bander\u00edas politicas\u201d, que es en s\u00ed, una bander\u00eda pol\u00edtica, habr\u00e1 algunos cuyas miserias resultan m\u00e1s pat\u00e9ticas a\u00fan. Son los que dicen representar a fuerzas provenientes de aquello que se denomina \u201cprogresismo\u201d. Han sido durante todos estos a\u00f1os idiotas \u00fatiles que equivocaron el amo. Porque sirvieron a aquellos que han hambreado a los trabajadores a quienes aseguran defender, sin lograr siquiera un puesto pol\u00edtico, una banca, un reconocimiento. Tal vez si se hubieran puesto al sol del gobierno, hubieran logrado algo m\u00e1s, al menos para ese pueblo por el que dicen conmoverse. Una hipocres\u00eda menos traidora del pensamiento que dicen detentar. Sin embargo, no. Han marchado una y otra vez con la peor basura.<\/p>\n<p>Para ellos, que marchan con Macri, con Pando, con Massa, con Morales y con Sanz, el gobierno \u201ces la derecha\u201d. No reconocen enemigos comunes con el gobierno, ni creen en operaciones destituyentes.<\/p>\n<p>Intentan expresar que Clar\u00edn es una especie de o.n.g. inocua, s\u00f3lo porque suponen que as\u00ed, en el remoto caso de llegar a gobernar, el multimedio no los va a molestar ni imponer agenda. Si as\u00ed fuera, su gesti\u00f3n no ser\u00eda otra cosa que entregar el poder a los Magnetto boys. Son la izquierda de la destituci\u00f3n, no del pensamiento pol\u00edtico, como el perro que da vueltas alrededor de la mesa donde se come asado, por si a alguien se le cae un huesito.<\/p>\n<p>As\u00ed viene el corso, con mayor virulencia a medida que se confirme que lo de Nisman no fue m\u00e1s que un suicidio cuya causa tal vez sea la presi\u00f3n de esta misma gente que hoy va a la comparsa a llorarlo.<\/p>\n<p>Y, admit\u00e1moslo, all\u00ed ir\u00e1 un mont\u00f3n de ciudadanos a la que no le interesan comprobaciones cient\u00edficas ni pruebas judiciales, sino que no quieren sentir mas olor a negro, que el vecino no sea del Procrear, que no quieren que un gobierno auspicie la igualdad de los argentinos, que sienten que el imperio de una ley mas justa les desmorona el mundo. Esa clase merdia cuyo pensamiento pol\u00edtico es el odio, que porque algo les cost\u00f3 en la vida, demandan que a todos les cueste mucho m\u00e1s. Dios ya no existe, y la Patria la han ocupado j\u00f3venes con mejores intenciones. As\u00ed que hay que marchar con el odio ya desnudo, si no se les ocurre alguna otra buena intenci\u00f3n que lo oculte un rato m\u00e1s.<\/p>\n<p>Marchan porque creen que la Tierra es plana, y aunque se haya comprobado lo contrario, habr\u00eda que aplanarla \u201cporque as\u00ed es como debe ser\u201d.<\/p>\n<p>Piden Justicia los que deben hacerla. Piden Justicia, y marchan con los que apoyaron todas las dictaduras desde las estancias. Piden Justicia y marchan con los explicadores del corralito, con los mes\u00edas del hambre, con los desempleadores masivos, con los que se fueron en el helic\u00f3ptero y con los que lloran a Joe. Piden Justicia los periodistas que visitaban los campos de concentraci\u00f3n tucumanos, las prostitutas de los fondos buitre, las que achicaban jubilaciones, junto a los jubilados, los jefes de prensa de la corrupci\u00f3n vaticana. Piden justicia las apologistas de la dictadura y el robo de beb\u00e9s, los falsos socialistas que liberaron la droga en su provincia, los endeudadotes. Todos piden justicia.<\/p>\n<p>Cualquiera dir\u00eda que los fiscales deber\u00edan marchar con talonarios de \u00f3rdenes de detenci\u00f3n bajo el brazo, por la calidad de los concurrentes.<\/p>\n","protected":false},"excerpt":{"rendered":"<p>\u00a1Carnaval, carnaval, qu\u00e9 inconsciente atropellas con tu bufonada! Yo soy joven, te espero de frente, dile a Momo que saque su espada&#8230; Tu locura, tu cruel iron\u00eda dejan huellas despu\u00e9s que t\u00fa pasas; y conviertes dichosos en tristes a esos pobres ya nadie los salva. (\u201cJuventud\u201d, tango de Roberto Aubriot Barboza)<\/p>\n","protected":false},"author":11,"featured_media":0,"comment_status":"open","ping_status":"open","sticky":false,"template":"","format":"standard","meta":{"_jetpack_newsletter_access":"","_jetpack_dont_email_post_to_subs":false,"_jetpack_newsletter_tier_id":0,"_jetpack_memberships_contains_paywalled_content":false,"_jetpack_memberships_contains_paid_content":false,"footnotes":""},"categories":[64],"tags":[],"class_list":["post-61617","post","type-post","status-publish","format-standard","hentry","category-opinion"],"jetpack_featured_media_url":"","jetpack_shortlink":"https:\/\/wp.me\/s2JWE0-carnaval","jetpack-related-posts":[{"id":12850,"url":"https:\/\/www.24baires.com\/?p=12850","url_meta":{"origin":61617,"position":0},"title":"Se largan los carnavales en la toda la Provincia","author":"Grupo Sierra","date":"19\/01\/2013","format":false,"excerpt":"Lincoln ser\u00e1 la \"vedette\", con la actuaci\u00f3n de artista de primer nivel como el 'Puma' Rodr\u00edguez, Coti, Axel y Dyango. En tanto, 25 de Mayo bailar\u00e1 al ritmo de las mejores comparsas y ser\u00e1 sede de la Fiesta Provincial del Carnaval. Tambi\u00e9n cuentan con nutrida actividad las ciudades de Olavarr\u00eda,\u2026","rel":"","context":"En \u00abSociedad\u00bb","block_context":{"text":"Sociedad","link":"https:\/\/www.24baires.com\/?cat=1"},"img":{"alt_text":"carnavales bonaerenses","src":"https:\/\/i0.wp.com\/www.24baires.com\/wp-content\/uploads\/2013\/01\/carnavales-bonaerenses.jpg?resize=350%2C200","width":350,"height":200,"srcset":"https:\/\/i0.wp.com\/www.24baires.com\/wp-content\/uploads\/2013\/01\/carnavales-bonaerenses.jpg?resize=350%2C200 1x, https:\/\/i0.wp.com\/www.24baires.com\/wp-content\/uploads\/2013\/01\/carnavales-bonaerenses.jpg?resize=525%2C300 1.5x"},"classes":[]},{"id":61701,"url":"https:\/\/www.24baires.com\/?p=61701","url_meta":{"origin":61617,"position":1},"title":"La Plata se prepara para festejar Carnaval","author":"AF","date":"13\/02\/2015","format":false,"excerpt":"Habr\u00e1 una variada programaci\u00f3n: desde la guerra de espumas en Meridiano V hasta comparsas famosas en el cors\u00f3dromo de Plaza Moreno. La secretaria de Modernizaci\u00f3n del Estado de La Plata, Alejandra Sturzzeneger, asegur\u00f3 que en la capital bonaerense \u201clos carnavales est\u00e1n adquiriendo cada vez m\u00e1s protagonismo\u201d luego de que este\u2026","rel":"","context":"En \u00abLocales\u00bb","block_context":{"text":"Locales","link":"https:\/\/www.24baires.com\/?cat=38"},"img":{"alt_text":"carnaval","src":"https:\/\/i0.wp.com\/www.24baires.com\/wp-content\/uploads\/2015\/02\/carnaval-300x200.jpg?resize=350%2C200","width":350,"height":200},"classes":[]},{"id":40002,"url":"https:\/\/www.24baires.com\/?p=40002","url_meta":{"origin":61617,"position":2},"title":"Comienzan los carnavales y le ponen color a toda la Provincia","author":"Grupo Sierra","date":"07\/02\/2014","format":false,"excerpt":"A partir de este viernes, las localidades bonaerenses comienzan con las tradicionales celebraciones de carnaval, los desfiles de murgas, corsos y comparsas. Los festejos se llevar\u00e1n a cabo durante todo el fin de semana en las localidades de Marcos Paz, Maip\u00fa, Bah\u00eda Blanca, Smith, 25 de mayo, Col\u00f3n, Lincoln y\u2026","rel":"","context":"En \u00abProvincia\u00bb","block_context":{"text":"Provincia","link":"https:\/\/www.24baires.com\/?cat=40"},"img":{"alt_text":"carnaval lincoln","src":"https:\/\/i0.wp.com\/www.24baires.com\/wp-content\/uploads\/2014\/01\/carnaval-lincoln.jpg?resize=350%2C200","width":350,"height":200,"srcset":"https:\/\/i0.wp.com\/www.24baires.com\/wp-content\/uploads\/2014\/01\/carnaval-lincoln.jpg?resize=350%2C200 1x, https:\/\/i0.wp.com\/www.24baires.com\/wp-content\/uploads\/2014\/01\/carnaval-lincoln.jpg?resize=525%2C300 1.5x"},"classes":[]},{"id":28831,"url":"https:\/\/www.24baires.com\/?p=28831","url_meta":{"origin":61617,"position":3},"title":"Necochea realiza Carnavales de Invierno a pesar de las bajas temperaturas","author":"AF","date":"24\/07\/2013","format":false,"excerpt":"La ciudad revivir\u00e1 durante tres fines de semana una fiesta popular acompa\u00f1ada de murgas, disfraces y desfiles de cabezudos. El profesor y secretario de Cultura del municipio, Pablo Benedini, explic\u00f3 que a pesar del invierno y el fr\u00edo, junto a un grupo de murgas de la ciudad y la direcci\u00f3n\u2026","rel":"","context":"En \u00abLocales\u00bb","block_context":{"text":"Locales","link":"https:\/\/www.24baires.com\/?cat=38"},"img":{"alt_text":"","src":"","width":0,"height":0},"classes":[]},{"id":15439,"url":"https:\/\/www.24baires.com\/?p=15439","url_meta":{"origin":61617,"position":4},"title":"El Bahiano cierra hoy el carnaval en Los Hornos","author":"Grupo Sierra","date":"12\/02\/2013","format":false,"excerpt":"La delegada municipal, Berta Magnoli, invit\u00f3 a los vecinos a participar de la fiesta popular y disfrutar de las murgas y grupos musicales. Adem\u00e1s inform\u00f3 que durante esta tarde van a desfilar cuatro comparsas y cerrar\u00e1 con la presencia del Bahiano. \u00a0 La delegada de Los Hornos, Berta Magnoli, invit\u00f3\u2026","rel":"","context":"En \u00abSociedad\u00bb","block_context":{"text":"Sociedad","link":"https:\/\/www.24baires.com\/?cat=1"},"img":{"alt_text":"bahiano","src":"https:\/\/i0.wp.com\/www.24baires.com\/wp-content\/uploads\/2013\/02\/bahiano.jpg?resize=350%2C200","width":350,"height":200},"classes":[]},{"id":41354,"url":"https:\/\/www.24baires.com\/?p=41354","url_meta":{"origin":61617,"position":5},"title":"El carnaval llena de color y ritmo a los municipios bonaerenses","author":"Grupo Sierra","date":"01\/03\/2014","format":false,"excerpt":"Este s\u00e1bado comenz\u00f3 el fin de semana largo de carnaval, que se extender\u00e1 hasta el martes. El Gobierno de la Provincia de Buenos Aires difundi\u00f3 las diversas actividades que hay en los distritos bonaerenses. Costa, sierras, lagunas, pueblos y ciudades, cada uno presenta su particularidad para disfrutar de los feriados.\u2026","rel":"","context":"En \u00abMunicipios\u00bb","block_context":{"text":"Municipios","link":"https:\/\/www.24baires.com\/?cat=44"},"img":{"alt_text":"florencio varela carnaval","src":"https:\/\/i0.wp.com\/www.24baires.com\/wp-content\/uploads\/2014\/02\/florencio-varela-carnaval.jpg?resize=350%2C200","width":350,"height":200,"srcset":"https:\/\/i0.wp.com\/www.24baires.com\/wp-content\/uploads\/2014\/02\/florencio-varela-carnaval.jpg?resize=350%2C200 1x, https:\/\/i0.wp.com\/www.24baires.com\/wp-content\/uploads\/2014\/02\/florencio-varela-carnaval.jpg?resize=525%2C300 1.5x"},"classes":[]}],"jetpack_sharing_enabled":true,"jetpack_likes_enabled":true,"_links":{"self":[{"href":"https:\/\/www.24baires.com\/index.php?rest_route=\/wp\/v2\/posts\/61617","targetHints":{"allow":["GET"]}}],"collection":[{"href":"https:\/\/www.24baires.com\/index.php?rest_route=\/wp\/v2\/posts"}],"about":[{"href":"https:\/\/www.24baires.com\/index.php?rest_route=\/wp\/v2\/types\/post"}],"author":[{"embeddable":true,"href":"https:\/\/www.24baires.com\/index.php?rest_route=\/wp\/v2\/users\/11"}],"replies":[{"embeddable":true,"href":"https:\/\/www.24baires.com\/index.php?rest_route=%2Fwp%2Fv2%2Fcomments&post=61617"}],"version-history":[{"count":1,"href":"https:\/\/www.24baires.com\/index.php?rest_route=\/wp\/v2\/posts\/61617\/revisions"}],"predecessor-version":[{"id":61618,"href":"https:\/\/www.24baires.com\/index.php?rest_route=\/wp\/v2\/posts\/61617\/revisions\/61618"}],"wp:attachment":[{"href":"https:\/\/www.24baires.com\/index.php?rest_route=%2Fwp%2Fv2%2Fmedia&parent=61617"}],"wp:term":[{"taxonomy":"category","embeddable":true,"href":"https:\/\/www.24baires.com\/index.php?rest_route=%2Fwp%2Fv2%2Fcategories&post=61617"},{"taxonomy":"post_tag","embeddable":true,"href":"https:\/\/www.24baires.com\/index.php?rest_route=%2Fwp%2Fv2%2Ftags&post=61617"}],"curies":[{"name":"wp","href":"https:\/\/api.w.org\/{rel}","templated":true}]}}