{"id":6144,"date":"2012-11-20T17:25:09","date_gmt":"2012-11-20T20:25:09","guid":{"rendered":"http:\/\/www.24baires.com\/?p=6144"},"modified":"2012-11-20T17:39:22","modified_gmt":"2012-11-20T20:39:22","slug":"ferre-en-san-isidro-destaco-el-trabajo-conjunto-entre-ongs-y-estado","status":"publish","type":"post","link":"https:\/\/www.24baires.com\/?p=6144","title":{"rendered":"Ferr\u00e9 en San Isidro destac\u00f3 el trabajo conjunto entre ONG&#8217;s y Estado"},"content":{"rendered":"<p>El ministro de Desarrollo Social, Mart\u00edn Ferr\u00e9, particip\u00f3 en San Isidro del cierre del festival cultural \u201cPor los derechos de los Ni\u00f1os, Ni\u00f1as y Adolescentes\u201d, organizado por la Asociaci\u00f3n Civil Empleo Joven (ACEJ) en el marco de la conmemoraci\u00f3n de un nuevo aniversario de la firma del tratado de la Convenci\u00f3n Internacional por los Derechos del Ni\u00f1o, impulsado por el Fondo de las Naciones Unidas para la Infancia (UNICEF).<!--more--><\/p>\n<p>Acompa\u00f1ado por la directora ejecutiva de la ACEJ, Mar\u00eda Josefina Ch\u00e1vez, y el subsecretario de Pol\u00edticas Sociales, Santiago Cafiero, Ferr\u00e9 sostuvo que \u201cen materia de promoci\u00f3n de la ni\u00f1ez y la infancia es necesario tener un Estado activo y acciones coordinadas para contribuir con el desarrollo integral de la familia, la construcci\u00f3n de ciudadan\u00eda y la promoci\u00f3n de derechos\u201d.<\/p>\n<p>En tal sentido destac\u00f3 el trabajo conjunto del Estado provincial con organizaciones civiles \u201cpara dar una respuesta integral para generar las condiciones que permitan que crezcan en igualdad de oportunidades\u201d y remarc\u00f3 el trabajo realizado a trav\u00e9s de las Unidades de Desarrollo Infantil (UDI), que permite que unos 92 mil ni\u00f1os y adolescentes de 0 a 18 a\u00f1os reciban atenci\u00f3n alimentaria, estimulaci\u00f3n y apoyo escolar en una tarea complementaria a la familia y a la escuela. Tambi\u00e9n destac\u00f3 el Programa Envi\u00f3n, por el cual m\u00e1s de 15 mil chicos menores de 17 a\u00f1os volvieron al colegio.<\/p>\n<p>La Asociaci\u00f3n ACEJ trabaja desde 2003 en barrios carenciados de San Isidro. En 2011 se inauguraron 4 Centros Juveniles que tienen como objetivo la atenci\u00f3n integral de los ni\u00f1os, ni\u00f1as y adolescentes del Partido de San Isidro, en los barrios de La Cava, Bajo Boulogne, Villa Adelina y Boulogne Centro en donde se trabaja en forma articulada con el Programa UDI.<\/p>\n<p>All\u00ed se brinda asistencia alimentaria diaria y diversos talleres que tienen como objetivo la inclusi\u00f3n social y educativa de los 400 ni\u00f1os, ni\u00f1as y adolescentes que forman parte de este proyecto.<\/p>\n","protected":false},"excerpt":{"rendered":"<p>El ministro de Desarrollo Social, Mart\u00edn Ferr\u00e9, particip\u00f3 en San Isidro del cierre del festival cultural \u201cPor los derechos de los Ni\u00f1os, Ni\u00f1as y Adolescentes\u201d, organizado por la Asociaci\u00f3n Civil Empleo Joven (ACEJ) en el marco de la conmemoraci\u00f3n de un nuevo aniversario de la firma del tratado de la Convenci\u00f3n Internacional por los Derechos del Ni\u00f1o, impulsado por el [&#8230;]<\/p>\n","protected":false},"author":11,"featured_media":0,"comment_status":"open","ping_status":"open","sticky":false,"template":"","format":"standard","meta":{"_jetpack_newsletter_access":"","_jetpack_dont_email_post_to_subs":false,"_jetpack_newsletter_tier_id":0,"_jetpack_memberships_contains_paywalled_content":false,"_jetpack_memberships_contains_paid_content":false,"footnotes":""},"categories":[40],"tags":[],"class_list":["post-6144","post","type-post","status-publish","format-standard","hentry","category-provincia"],"jetpack_featured_media_url":"","jetpack_shortlink":"https:\/\/wp.me\/p2JWE0-1B6","jetpack-related-posts":[{"id":19120,"url":"https:\/\/www.24baires.com\/?p=19120","url_meta":{"origin":6144,"position":0},"title":"Olavarr\u00eda: inauguraron un Servicio de Protecci\u00f3n de Derechos del Ni\u00f1o","author":"AF","date":"23\/03\/2013","format":false,"excerpt":"El secretario de Ni\u00f1ez y Adolescencia, Pablo Navarro, acompa\u00f1ado por el intendente Jos\u00e9 Eseverri, y el ministro de Desarrollo Social, Mart\u00edn Ferr\u00e9, inaugur\u00f3 en esa ciudad el nuevo Servicio de Promoci\u00f3n y Protecci\u00f3n de los Derechos del Ni\u00f1o. Los Servicios de Promoci\u00f3n y Protecci\u00f3n de Derechos son centros ubicados en\u2026","rel":"","context":"En \u00abLocales\u00bb","block_context":{"text":"Locales","link":"https:\/\/www.24baires.com\/?cat=38"},"img":{"alt_text":"derecho ni\u00f1o olav","src":"https:\/\/i0.wp.com\/www.24baires.com\/wp-content\/uploads\/2013\/03\/derecho-ni%C3%B1o-olav.jpg?resize=350%2C200","width":350,"height":200,"srcset":"https:\/\/i0.wp.com\/www.24baires.com\/wp-content\/uploads\/2013\/03\/derecho-ni%C3%B1o-olav.jpg?resize=350%2C200 1x, https:\/\/i0.wp.com\/www.24baires.com\/wp-content\/uploads\/2013\/03\/derecho-ni%C3%B1o-olav.jpg?resize=525%2C300 1.5x"},"classes":[]},{"id":24904,"url":"https:\/\/www.24baires.com\/?p=24904","url_meta":{"origin":6144,"position":1},"title":"Entregan juegos de plaza para chicos de Tres de Febrero","author":"AF","date":"02\/06\/2013","format":false,"excerpt":"El ministerio de Desarrollo Social bonaerense entreg\u00f3 juegos de plaza y kits did\u00e1cticos a dos instituciones de Tres de Febrero que funcionan en el marco del Programa de Unidades de Desarrollo Infantil (UDI), con el fin de apoyar el crecimiento y desarrollo de los ni\u00f1os que all\u00ed concurren. Se trata\u2026","rel":"","context":"En \u00abLocales\u00bb","block_context":{"text":"Locales","link":"https:\/\/www.24baires.com\/?cat=38"},"img":{"alt_text":"","src":"","width":0,"height":0},"classes":[]},{"id":26063,"url":"https:\/\/www.24baires.com\/?p=26063","url_meta":{"origin":6144,"position":2},"title":"En la Provincia el 16% de los adultos mayores denuncian maltrato por violencia familiar","author":"Grupo Sierra","date":"15\/06\/2013","format":false,"excerpt":"De acuerdo con el Ministerio de Desarrollo Social, el 16 por ciento de las llamadas por violencia familiar a la l\u00ednea gratuita de la provincia de Buenos Aires tienen como v\u00edctimas a personas de m\u00e1s de 65 a\u00f1os. \u201cEl maltrato contra las personas de edad no s\u00f3lo es un avasallamiento\u2026","rel":"","context":"En \u00abSociedad\u00bb","block_context":{"text":"Sociedad","link":"https:\/\/www.24baires.com\/?cat=1"},"img":{"alt_text":"","src":"","width":0,"height":0},"classes":[]},{"id":14638,"url":"https:\/\/www.24baires.com\/?p=14638","url_meta":{"origin":6144,"position":3},"title":"Lincoln se sum\u00f3 a la lucha contra la Violencia de G\u00e9nero","author":"AF","date":"04\/02\/2013","format":false,"excerpt":"El ministro de Desarrollo Social, Mart\u00edn Ferr\u00e9, puso en marcha la Mesa Local de Prevenci\u00f3n y Erradicaci\u00f3n de la Violencia Familiar en Lincoln, que posibilitar\u00e1 recibir denuncias y brindar ayuda y asesoramiento a las v\u00edctimas de maltrato y a su entorno. Ferr\u00e9, quien estuvo acompa\u00f1ado por el intendente local, Jorge\u2026","rel":"","context":"En \u00abSociedad\u00bb","block_context":{"text":"Sociedad","link":"https:\/\/www.24baires.com\/?cat=1"},"img":{"alt_text":"no violencia lincoln","src":"https:\/\/i0.wp.com\/www.24baires.com\/wp-content\/uploads\/2013\/02\/no-violencia-lincoln-300x204.jpg?resize=350%2C200","width":350,"height":200},"classes":[]},{"id":7001,"url":"https:\/\/www.24baires.com\/?p=7001","url_meta":{"origin":6144,"position":4},"title":"Inauguraron en Balcarce un espacio para estimular el desarrollo de ni\u00f1os","author":"AF","date":"27\/11\/2012","format":false,"excerpt":"El ministro de Desarrollo Social Mart\u00edn Ferr\u00e9 y su par de Infraestructura, Alejandro Arl\u00eda inauguraron este martes en Balcarce una nueva Unidad de Desarrollo Infantil (UDI) que funcionar\u00e1 en un jard\u00edn maternal de ese distrito con el objetivo de implementar mecanismos de contenci\u00f3n a unos 40 ni\u00f1os de entre 45\u2026","rel":"","context":"En \u00abLocales\u00bb","block_context":{"text":"Locales","link":"https:\/\/www.24baires.com\/?cat=38"},"img":{"alt_text":"","src":"https:\/\/i0.wp.com\/www.24baires.com\/wp-content\/uploads\/2012\/11\/balcarce-UDI-300x204.jpg?resize=350%2C200","width":350,"height":200},"classes":[]},{"id":23824,"url":"https:\/\/www.24baires.com\/?p=23824","url_meta":{"origin":6144,"position":5},"title":"Pinamar: el ministro Ferrer supervis\u00f3 el Programa Envi\u00f3n","author":"AF","date":"18\/05\/2013","format":false,"excerpt":"El ministro de Desarrollo Social bonaerense, Mart\u00edn Ferr\u00e9, encabez\u00f3 este viernes una jornada de trabajo en el distrito de Pinamar donde visit\u00f3 la nueva sede del Programa Envi\u00f3n de ese distrito y entreg\u00f3 computadoras para el funcionamiento de los talleres que all\u00ed se dictan. Acompa\u00f1ado por el intendente local, Hern\u00e1n\u2026","rel":"","context":"En \u00abLocales\u00bb","block_context":{"text":"Locales","link":"https:\/\/www.24baires.com\/?cat=38"},"img":{"alt_text":"","src":"","width":0,"height":0},"classes":[]}],"jetpack_sharing_enabled":true,"jetpack_likes_enabled":true,"_links":{"self":[{"href":"https:\/\/www.24baires.com\/index.php?rest_route=\/wp\/v2\/posts\/6144","targetHints":{"allow":["GET"]}}],"collection":[{"href":"https:\/\/www.24baires.com\/index.php?rest_route=\/wp\/v2\/posts"}],"about":[{"href":"https:\/\/www.24baires.com\/index.php?rest_route=\/wp\/v2\/types\/post"}],"author":[{"embeddable":true,"href":"https:\/\/www.24baires.com\/index.php?rest_route=\/wp\/v2\/users\/11"}],"replies":[{"embeddable":true,"href":"https:\/\/www.24baires.com\/index.php?rest_route=%2Fwp%2Fv2%2Fcomments&post=6144"}],"version-history":[{"count":1,"href":"https:\/\/www.24baires.com\/index.php?rest_route=\/wp\/v2\/posts\/6144\/revisions"}],"predecessor-version":[{"id":6145,"href":"https:\/\/www.24baires.com\/index.php?rest_route=\/wp\/v2\/posts\/6144\/revisions\/6145"}],"wp:attachment":[{"href":"https:\/\/www.24baires.com\/index.php?rest_route=%2Fwp%2Fv2%2Fmedia&parent=6144"}],"wp:term":[{"taxonomy":"category","embeddable":true,"href":"https:\/\/www.24baires.com\/index.php?rest_route=%2Fwp%2Fv2%2Fcategories&post=6144"},{"taxonomy":"post_tag","embeddable":true,"href":"https:\/\/www.24baires.com\/index.php?rest_route=%2Fwp%2Fv2%2Ftags&post=6144"}],"curies":[{"name":"wp","href":"https:\/\/api.w.org\/{rel}","templated":true}]}}