{"id":61373,"date":"2015-02-07T11:00:29","date_gmt":"2015-02-07T14:00:29","guid":{"rendered":"http:\/\/www.24baires.com\/?p=61373"},"modified":"2015-02-06T20:05:07","modified_gmt":"2015-02-06T23:05:07","slug":"la-marcha-de-los-sinverguenza","status":"publish","type":"post","link":"https:\/\/www.24baires.com\/?p=61373","title":{"rendered":"La marcha de los sinverg\u00fcenza"},"content":{"rendered":"<p><img data-recalc-dims=\"1\" loading=\"lazy\" decoding=\"async\" src=\"https:\/\/i0.wp.com\/www.24baires.com\/wp-content\/uploads\/2015\/02\/nisman-mrcha.jpg?resize=560%2C373\" alt=\"nisman mrcha\" width=\"560\" height=\"373\" class=\"aligncenter size-full wp-image-61374\" srcset=\"https:\/\/i0.wp.com\/www.24baires.com\/wp-content\/uploads\/2015\/02\/nisman-mrcha.jpg?w=560&amp;ssl=1 560w, https:\/\/i0.wp.com\/www.24baires.com\/wp-content\/uploads\/2015\/02\/nisman-mrcha.jpg?resize=300%2C200&amp;ssl=1 300w\" sizes=\"auto, (max-width: 560px) 100vw, 560px\" \/>Quienes tienen el poder de investigar y hacer justicia, y que en lugar de hacerlo dilatan las causas, las cajonenan, y dejan que las mismas prescriban, \u00bfest\u00e1n armando una marcha pidiendo justicia? \u00bfA qui\u00e9n se la piden se\u00f1ores si los que tienen que ejercerla y aplicarla son ustedes mismos? Por qu\u00e9 en lugar de marchar, y fabular, no se ponen a laburar de una vez as\u00ed causas como las del megacanje no prescriben, as\u00ed sabemos qu\u00e9 pas\u00f3 en el incendio de Barracas que se llev\u00f3 la vida de los bomberos, qu\u00e9 pas\u00f3 en la f\u00e1brica de productos militares de C\u00f3rdoba, qu\u00e9 pas\u00f3 con las cinco mil cuentas en Suiza, o qui\u00e9nes fueron las conexiones locales tanto en lo de la Amia como en lo de la Embajada? Pero no, en vez de laburar marchan, y marchan junto a funcionarios y pol\u00edticos que se beneficiaron de el cajoneo de esas causas.<!--more--><\/p>\n<p>\u00bfDe qu\u00e9 independencia me hablan si Struezeneguer que se salv\u00f3 por prescripci\u00f3n en el megacanje llama a esta marcha en favor de los que lo salvaron? \u00bfDe qu\u00e9 independencia me hablan si Macri, que est\u00e1 procesado por nombrar al encubridor del atentado a la Amia y por espiar a familiares de v\u00edctimas de la Amia, sigue sin justicia y llama a marchar con los que d\u00eda a d\u00eda hacen que no le llegue su merecido? \u00bfDe qu\u00e9 independencia me hablan si Laura Alonso y Patricia Bullrich hablaban y chateaban d\u00eda a d\u00eda con el fiscal inmiscuyendose como legisladoras en lo que compete exclusivamente al poder judicial? \u00a1Hoy tenenos a los procesados de la Alianza, del Menemismo, y del encubrimiento de los atentados, pidiendo marchar en defensa de sus socios-encubridores!<\/p>\n<p>No se confundan, fiscal es el que labura e investiga, no el que tiene durante 17 a\u00f1os una causa sin hacer nada. Yo quiero que se investigue, quiero saber por qu\u00e9 no laburan, por qu\u00e9 ninguna causa de corrupci\u00f3n o de empresas grandes prospera en este pa\u00eds, y la forma de saberlo no es marchando con los responsables, \u00a1sino marchando a exigirles que no sean caraduras y se pongan a laburar! \u00a1Para eso les pagamos el sueldo!<\/p>\n<p>Precisamos fiscales y jueces independientes del poder econ\u00f3mico, que no sigan los designios ni de la embajada estadounidense, ni de la SIDE, de la CIA ni del Mosad. Independientes del mandato del Legislativo y el Ejecutivo, de la oposici\u00f3n y del gobierno de turno, pero no de sus responsabilidades y obligaciones ante la ley. Que no dejen prescribir las causas y que en caso de hacerlo vayan presos por ello. Que deban responder ante el pueblo por sus faltas e inacciones.<\/p>\n<p>Queremos tambi\u00e9n que el estrado vuelva a ser el de la justicia, que los procesados y testigos declaren all\u00ed, que se respete el proceso y el secreto de sumario, tener una justicia digna, y dejar de vivir este papel\u00f3n donde el desfile de declaraciones es en vivo por tv y sin responsabilidad alguna.<\/p>\n","protected":false},"excerpt":{"rendered":"<p>Quienes tienen el poder de investigar y hacer justicia, y que en lugar de hacerlo dilatan las causas, las cajonenan, y dejan que las mismas prescriban, \u00bfest\u00e1n armando una marcha pidiendo justicia? \u00bfA qui\u00e9n se la piden se\u00f1ores si los que tienen que ejercerla y aplicarla son ustedes mismos? Por qu\u00e9 en lugar de marchar, y fabular, no se ponen [&#8230;]<\/p>\n","protected":false},"author":11,"featured_media":0,"comment_status":"open","ping_status":"open","sticky":false,"template":"","format":"standard","meta":{"_jetpack_newsletter_access":"","_jetpack_dont_email_post_to_subs":false,"_jetpack_newsletter_tier_id":0,"_jetpack_memberships_contains_paywalled_content":false,"_jetpack_memberships_contains_paid_content":false,"footnotes":""},"categories":[64],"tags":[],"class_list":["post-61373","post","type-post","status-publish","format-standard","hentry","category-opinion"],"jetpack_featured_media_url":"","jetpack_shortlink":"https:\/\/wp.me\/p2JWE0-fXT","jetpack-related-posts":[{"id":92321,"url":"https:\/\/www.24baires.com\/?p=92321","url_meta":{"origin":61373,"position":0},"title":"Masiva marcha en Olavarr\u00eda en apoyo a la joven abusada que escrach\u00f3 a su padre","author":"GB","date":"11\/02\/2017","format":false,"excerpt":"\"Las causas nuestras prescriben, mi abusador y violador est\u00e1 libre. \u00bfQu\u00e9 pasa con la justicia?\", dijo indignada Romina Balaguer. Un video suyo en el que enfrentaba cara a cara a su padre abusador se viraliz\u00f3 en la semana. Cientos de personas se dieron cita en el Paseo Jes\u00fas Mend\u00eda de\u2026","rel":"","context":"En \u00abSociedad\u00bb","block_context":{"text":"Sociedad","link":"https:\/\/www.24baires.com\/?cat=1"},"img":{"alt_text":"","src":"https:\/\/i0.wp.com\/www.24baires.com\/wp-content\/uploads\/2017\/02\/marcha-olavarria.jpg?resize=350%2C200","width":350,"height":200,"srcset":"https:\/\/i0.wp.com\/www.24baires.com\/wp-content\/uploads\/2017\/02\/marcha-olavarria.jpg?resize=350%2C200 1x, https:\/\/i0.wp.com\/www.24baires.com\/wp-content\/uploads\/2017\/02\/marcha-olavarria.jpg?resize=525%2C300 1.5x"},"classes":[]},{"id":61617,"url":"https:\/\/www.24baires.com\/?p=61617","url_meta":{"origin":61373,"position":1},"title":"Carnaval","author":"Grupo Sierra","date":"11\/02\/2015","format":false,"excerpt":"\u00a1Carnaval, carnaval, qu\u00e9 inconsciente atropellas con tu bufonada! Yo soy joven, te espero de frente, dile a Momo que saque su espada... Tu locura, tu cruel iron\u00eda dejan huellas despu\u00e9s que t\u00fa pasas; y conviertes dichosos en tristes a esos pobres ya nadie los salva. (\u201cJuventud\u201d, tango de Roberto Aubriot\u2026","rel":"","context":"En \u00abOpini\u00f3n\u00bb","block_context":{"text":"Opini\u00f3n","link":"https:\/\/www.24baires.com\/?cat=64"},"img":{"alt_text":"carnavales bonaerenses","src":"https:\/\/i0.wp.com\/www.24baires.com\/wp-content\/uploads\/2013\/01\/carnavales-bonaerenses.jpg?resize=350%2C200","width":350,"height":200},"classes":[]},{"id":113876,"url":"https:\/\/www.24baires.com\/?p=113876","url_meta":{"origin":61373,"position":2},"title":"Villa Gesell: vecinos marcharon pidiendo justicia por Fernando y que se decrete el duelo","author":"GB","date":"21\/01\/2020","format":false,"excerpt":"Tras el asesinato de Fernando B\u00e1ez Sosa a manos de una manada de rugbiers, vecinos de la localidad balnearia realizaron una \u201csentada pac\u00edfica\u201d en el lugar donde asesinaron al joven de 19 a\u00f1os. Pidieron que el Intendente decrete un d\u00eda de duelo. Vecinos y vecinas de Villa Gesell se manifestaron\u2026","rel":"","context":"En \u00abMunicipios\u00bb","block_context":{"text":"Municipios","link":"https:\/\/www.24baires.com\/?cat=44"},"img":{"alt_text":"","src":"https:\/\/i0.wp.com\/www.24baires.com\/wp-content\/uploads\/2020\/01\/marcha-villa-gesell.jpg?resize=350%2C200","width":350,"height":200,"srcset":"https:\/\/i0.wp.com\/www.24baires.com\/wp-content\/uploads\/2020\/01\/marcha-villa-gesell.jpg?resize=350%2C200 1x, https:\/\/i0.wp.com\/www.24baires.com\/wp-content\/uploads\/2020\/01\/marcha-villa-gesell.jpg?resize=525%2C300 1.5x"},"classes":[]},{"id":62215,"url":"https:\/\/www.24baires.com\/?p=62215","url_meta":{"origin":61373,"position":3},"title":"Millones de moscas","author":"GB","date":"24\/02\/2015","format":false,"excerpt":"La marcha del 18F fue catalogada como \u201chist\u00f3rica\u201d por sus convocantes, concurrentes y beneficiarios. Tal vez est\u00e9n en lo cierto: si algo quedar\u00e1 en la historia de este acto, ser\u00e1, precisamente, el error. Es un error conceptual que los fiscales marchen pidiendo justicia. Obviamente, conocen el estado de la causa\u2026","rel":"","context":"En \u00abOpini\u00f3n\u00bb","block_context":{"text":"Opini\u00f3n","link":"https:\/\/www.24baires.com\/?cat=64"},"img":{"alt_text":"nisman mrcha","src":"https:\/\/i0.wp.com\/www.24baires.com\/wp-content\/uploads\/2015\/02\/nisman-mrcha.jpg?resize=350%2C200","width":350,"height":200,"srcset":"https:\/\/i0.wp.com\/www.24baires.com\/wp-content\/uploads\/2015\/02\/nisman-mrcha.jpg?resize=350%2C200 1x, https:\/\/i0.wp.com\/www.24baires.com\/wp-content\/uploads\/2015\/02\/nisman-mrcha.jpg?resize=525%2C300 1.5x"},"classes":[]},{"id":103977,"url":"https:\/\/www.24baires.com\/?p=103977","url_meta":{"origin":61373,"position":4},"title":"Poco m\u00e1s de cien personas se sumaron a la marcha anti corrupci\u00f3n convocada por el Intendente","author":"GB","date":"20\/08\/2018","format":false,"excerpt":"CHACABUCO-Adem\u00e1s, la oposici\u00f3n le exige al jefe comunal que presente las pruebas de sus denuncias ante la justicia para no quedar como un \u201ctribunero mentiroso\u201d, y le record\u00f3 las causas que tiene en su contra. En Chacabuco, la marcha contra la corrupci\u00f3n alentada por el jefe comunal de Cambiemos, V\u00edctor\u2026","rel":"","context":"En \u00abSociedad\u00bb","block_context":{"text":"Sociedad","link":"https:\/\/www.24baires.com\/?cat=1"},"img":{"alt_text":"","src":"https:\/\/i0.wp.com\/www.24baires.com\/wp-content\/uploads\/2018\/08\/marcha-anticorrupcion.jpg?resize=350%2C200","width":350,"height":200,"srcset":"https:\/\/i0.wp.com\/www.24baires.com\/wp-content\/uploads\/2018\/08\/marcha-anticorrupcion.jpg?resize=350%2C200 1x, https:\/\/i0.wp.com\/www.24baires.com\/wp-content\/uploads\/2018\/08\/marcha-anticorrupcion.jpg?resize=525%2C300 1.5x"},"classes":[]},{"id":93574,"url":"https:\/\/www.24baires.com\/?p=93574","url_meta":{"origin":61373,"position":5},"title":"Patricia Bullrich mand\u00f3 a trabajar a los sindicalistas","author":"AF","date":"04\/04\/2017","format":false,"excerpt":"En una nueva embestida del gobierno nacional, la ministra de Seguridad afirm\u00f3 que el paro es inexplicable y le pidi\u00f3 a los sindicalistas que vayan a ayudar a los afectados por las inundaciones. En l\u00ednea con las \u00faltimas declaraciones oficiales, la ministra de Seguridad Patricia Bullrich sigui\u00f3 con la embestida\u2026","rel":"","context":"En \u00abPol\u00edtica\u00bb","block_context":{"text":"Pol\u00edtica","link":"https:\/\/www.24baires.com\/?cat=51"},"img":{"alt_text":"","src":"https:\/\/i0.wp.com\/www.24baires.com\/wp-content\/uploads\/2015\/12\/bullrich-conferencia.jpg?resize=350%2C200","width":350,"height":200,"srcset":"https:\/\/i0.wp.com\/www.24baires.com\/wp-content\/uploads\/2015\/12\/bullrich-conferencia.jpg?resize=350%2C200 1x, https:\/\/i0.wp.com\/www.24baires.com\/wp-content\/uploads\/2015\/12\/bullrich-conferencia.jpg?resize=525%2C300 1.5x"},"classes":[]}],"jetpack_sharing_enabled":true,"jetpack_likes_enabled":true,"_links":{"self":[{"href":"https:\/\/www.24baires.com\/index.php?rest_route=\/wp\/v2\/posts\/61373","targetHints":{"allow":["GET"]}}],"collection":[{"href":"https:\/\/www.24baires.com\/index.php?rest_route=\/wp\/v2\/posts"}],"about":[{"href":"https:\/\/www.24baires.com\/index.php?rest_route=\/wp\/v2\/types\/post"}],"author":[{"embeddable":true,"href":"https:\/\/www.24baires.com\/index.php?rest_route=\/wp\/v2\/users\/11"}],"replies":[{"embeddable":true,"href":"https:\/\/www.24baires.com\/index.php?rest_route=%2Fwp%2Fv2%2Fcomments&post=61373"}],"version-history":[{"count":1,"href":"https:\/\/www.24baires.com\/index.php?rest_route=\/wp\/v2\/posts\/61373\/revisions"}],"predecessor-version":[{"id":61375,"href":"https:\/\/www.24baires.com\/index.php?rest_route=\/wp\/v2\/posts\/61373\/revisions\/61375"}],"wp:attachment":[{"href":"https:\/\/www.24baires.com\/index.php?rest_route=%2Fwp%2Fv2%2Fmedia&parent=61373"}],"wp:term":[{"taxonomy":"category","embeddable":true,"href":"https:\/\/www.24baires.com\/index.php?rest_route=%2Fwp%2Fv2%2Fcategories&post=61373"},{"taxonomy":"post_tag","embeddable":true,"href":"https:\/\/www.24baires.com\/index.php?rest_route=%2Fwp%2Fv2%2Ftags&post=61373"}],"curies":[{"name":"wp","href":"https:\/\/api.w.org\/{rel}","templated":true}]}}