{"id":61330,"date":"2015-02-05T20:54:44","date_gmt":"2015-02-05T23:54:44","guid":{"rendered":"http:\/\/www.24baires.com\/?p=61330"},"modified":"2015-02-05T20:54:44","modified_gmt":"2015-02-05T23:54:44","slug":"la-papa-caliente","status":"publish","type":"post","link":"https:\/\/www.24baires.com\/?p=61330","title":{"rendered":"La papa caliente"},"content":{"rendered":"<p><img data-recalc-dims=\"1\" loading=\"lazy\" decoding=\"async\" class=\"aligncenter size-full wp-image-60662\" src=\"https:\/\/i0.wp.com\/www.24baires.com\/wp-content\/uploads\/2015\/01\/fein.jpg?resize=560%2C414\" alt=\"fein\" width=\"560\" height=\"414\" srcset=\"https:\/\/i0.wp.com\/www.24baires.com\/wp-content\/uploads\/2015\/01\/fein.jpg?w=560&amp;ssl=1 560w, https:\/\/i0.wp.com\/www.24baires.com\/wp-content\/uploads\/2015\/01\/fein.jpg?resize=300%2C222&amp;ssl=1 300w\" sizes=\"auto, (max-width: 560px) 100vw, 560px\" \/>En estos \u00faltimos d\u00edas pudimos observar ciertas actitudes emanadas desde el Poder Judicial que al menos a m\u00ed me han inquietado bastante. Jueces que no quieren hacerse cargo de la causa que presentara a principio de a\u00f1o el Fiscal Nisman, que versa sobre un supuesto intento de encubrimiento a iran\u00edes se\u00f1alados como posibles autores del atentado a la AMIA por parte de la Presidenta de la Naci\u00f3n y otros funcionarios. Tambi\u00e9n vimos como la Fiscal Fein, quien tiene a su cargo la investigaci\u00f3n de la muerte del propio Nisman, dice una cosa un d\u00eda y se corrige al otro como si hubiera decidido repasar tarde los t\u00edtulos de Clar\u00edn y por eso habla desinformada un d\u00eda antes. Ni qu\u00e9 decir que hoy anuncia que deja a dos fiscales de su confianza investigando y ella se toma vacaciones y ma\u00f1ana se corrige, desarma la valija, y dice que no se toma franco. <!--more--><\/p>\n<p>\u00bfPor qu\u00e9 los jueces le esquivaban el bulto a hacerse cargo de la denuncia de Nisman hasta que pr\u00e1cticamente obligaron a Rafecas, que se hab\u00eda excusado, a tomarla? Porque es una papa caliente. De eso no hay dudas y no es novedad.<\/p>\n<p>Pasa, tambi\u00e9n, que quien la tome deb\u00eda enfrentar dos posibilidades, bas\u00e1ndonos en la lectura de la presentaci\u00f3n y teniendo en cuenta la debilidad de las acusaciones y la fantasiosa presentaci\u00f3n de, digamos, pruebas. Por un lado, si est\u00e1 entre los intereses del juez socavar al gobierno, o si lo presionan grupos econ\u00f3micos, pol\u00edticos o medi\u00e1ticos para que as\u00ed lo haga, debe caminar sobre una delgad\u00edsima capa de hielo en un caudaloso r\u00edo. Porque esa denuncia se cae por su propia inconsistencia, porque no hay delito, porque las escuchas y los dem\u00e1s aportes que pretend\u00edan justificar ese te\u00f3rico encubrimiento son endebles, por momento ficcionales y hasta falaces. Ejemplo de esto es la desmentida de Interpol con respecto a las famosas Alertas Rojas para capturar a los iran\u00edes acusados.<\/p>\n<p>Nisman afirmaba que el gobierno, en este supuesto acuerdo con Ir\u00e1n para encubrirlos en el caso AMIA, hab\u00eda pedido levantar esas alertas. Mentira probada. Ni qu\u00e9 decir de los acuerdos comerciales que el fiscal se\u00f1ala en la causa: Argentina importa muy poco de ese pa\u00eds asi\u00e1tico y el comercio igualmente entre ambas naciones decay\u00f3 despu\u00e9s del Memorandum de entendimiento. Otra mentira.<\/p>\n<p>La otra posibilidad que deb\u00eda (y debe) enfrentar el juez Rafecas, ser\u00e1 asumir p\u00fablicamente la endebles de la causa y desestimarla. Y ah\u00ed enfrentar el ataque de Clar\u00edn y de una oposici\u00f3n desquiciada que clama sangre en las plazas, que lo tildar\u00e1n de kirchnerista, corrupto, c\u00f3mplice de asesinato y de dem\u00e1s barbaridades.<\/p>\n<p>Si Rafecas logra, haci\u00e9ndole honor a la justicia, encontrar un punto medio en todo esto y salir bien parado, demostrar\u00e1 una cintura pol\u00edtica pocas veces vista. Por lo pronto, la Fiscal Fein, a casi tres semanas de la muerte de Nisman aun no logra ni siquiera afirmar se fue un suicidio o un homicidio. La car\u00e1tula de muerte dudosa sigue siendo lo \u00fanico que parece tener claro. Aun as\u00ed, esta papa caliente, que quema y deja marcas, seguir\u00e1 manteniendo su calor, hasta que alguien se anime a hacer un buen pur\u00e9 con ella.<\/p>\n","protected":false},"excerpt":{"rendered":"<p>En estos \u00faltimos d\u00edas pudimos observar ciertas actitudes emanadas desde el Poder Judicial que al menos a m\u00ed me han inquietado bastante. Jueces que no quieren hacerse cargo de la causa que presentara a principio de a\u00f1o el Fiscal Nisman, que versa sobre un supuesto intento de encubrimiento a iran\u00edes se\u00f1alados como posibles autores del atentado a la AMIA por [&#8230;]<\/p>\n","protected":false},"author":11,"featured_media":0,"comment_status":"open","ping_status":"open","sticky":false,"template":"","format":"standard","meta":{"_jetpack_newsletter_access":"","_jetpack_dont_email_post_to_subs":false,"_jetpack_newsletter_tier_id":0,"_jetpack_memberships_contains_paywalled_content":false,"_jetpack_memberships_contains_paid_content":false,"footnotes":""},"categories":[64],"tags":[],"class_list":["post-61330","post","type-post","status-publish","format-standard","hentry","category-opinion"],"jetpack_featured_media_url":"","jetpack_shortlink":"https:\/\/wp.me\/p2JWE0-fXc","jetpack-related-posts":[{"id":102494,"url":"https:\/\/www.24baires.com\/?p=102494","url_meta":{"origin":61330,"position":0},"title":"La C\u00e1mara \u00abreflot\u00f3\u00bb la causa Nisman y asegura que se trat\u00f3 de un crimen","author":"AF","date":"01\/06\/2018","format":false,"excerpt":"Confirm\u00f3 que el ex juez Alberto Nisman fue asesinado. Agregaron que el motivo fue su denuncia contra Cristina Kirchner. Adem\u00e1s dejaron firme el procesamiento de Diego Lagomarsino. La C\u00e1mara Federal hizo su aparici\u00f3n en medio de la debacle econ\u00f3mica que enfrenta el gobierno de Mauricio Macri. Entre masivas manifestaciones en\u2026","rel":"","context":"En \u00abJUDICIALES\u00bb","block_context":{"text":"JUDICIALES","link":"https:\/\/www.24baires.com\/?cat=68"},"img":{"alt_text":"","src":"https:\/\/i0.wp.com\/www.24baires.com\/wp-content\/uploads\/2015\/07\/nisman.jpg?resize=350%2C200","width":350,"height":200,"srcset":"https:\/\/i0.wp.com\/www.24baires.com\/wp-content\/uploads\/2015\/07\/nisman.jpg?resize=350%2C200 1x, https:\/\/i0.wp.com\/www.24baires.com\/wp-content\/uploads\/2015\/07\/nisman.jpg?resize=525%2C300 1.5x"},"classes":[]},{"id":117875,"url":"https:\/\/www.24baires.com\/?p=117875","url_meta":{"origin":61330,"position":1},"title":"Cristina consider\u00f3 \u00abdisparate judicial, institucional y pol\u00edtico\u00bb a la causa del memor\u00e1ndum","author":"AF","date":"16\/07\/2021","format":false,"excerpt":"La vicepresidenta expuso durante la audiencia p\u00fablica, que fue escuchada por m\u00e1s de 20 mil personas a trav\u00e9s de YouTube. \"Se hicieron maniobras persecutorias para perjudicarnos a m\u00ed y mi familia\", asegur\u00f3. El Tribunal Oral Federal 8 debe resolver si declara o no la nulidad del proceso. La vicepresidenta Cristina\u2026","rel":"","context":"En \u00abJUDICIALES\u00bb","block_context":{"text":"JUDICIALES","link":"https:\/\/www.24baires.com\/?cat=68"},"img":{"alt_text":"","src":"https:\/\/i0.wp.com\/www.24baires.com\/wp-content\/uploads\/2021\/07\/cfk.jpg?resize=350%2C200","width":350,"height":200,"srcset":"https:\/\/i0.wp.com\/www.24baires.com\/wp-content\/uploads\/2021\/07\/cfk.jpg?resize=350%2C200 1x, https:\/\/i0.wp.com\/www.24baires.com\/wp-content\/uploads\/2021\/07\/cfk.jpg?resize=525%2C300 1.5x"},"classes":[]},{"id":106628,"url":"https:\/\/www.24baires.com\/?p=106628","url_meta":{"origin":61330,"position":2},"title":"La AMIA busca retirarse de la querella contra Cristina por el Memor\u00e1ndum con Ir\u00e1n","author":"AF","date":"31\/01\/2019","format":false,"excerpt":"Fue un pedido a la DAIA en la causa que se origin\u00f3 con la denuncia del fiscal Alberto Nisman y busca \u201cempezar a tomar distancia de una causa que est\u00e1 en el centro de la famosa grieta\u201d. La Asociaci\u00f3n Mutual Israelita Argentina (AMIA) le reclam\u00f3 a la Delegaci\u00f3n de Asociaciones\u2026","rel":"","context":"En \u00abJUDICIALES\u00bb","block_context":{"text":"JUDICIALES","link":"https:\/\/www.24baires.com\/?cat=68"},"img":{"alt_text":"","src":"https:\/\/i0.wp.com\/www.24baires.com\/wp-content\/uploads\/2015\/04\/amia.jpg?resize=350%2C200","width":350,"height":200,"srcset":"https:\/\/i0.wp.com\/www.24baires.com\/wp-content\/uploads\/2015\/04\/amia.jpg?resize=350%2C200 1x, https:\/\/i0.wp.com\/www.24baires.com\/wp-content\/uploads\/2015\/04\/amia.jpg?resize=525%2C300 1.5x"},"classes":[]},{"id":106442,"url":"https:\/\/www.24baires.com\/?p=106442","url_meta":{"origin":61330,"position":3},"title":"Lagomarsino, sobre Nisman: \u00abSigo pensando que se suicid\u00f3\u00bb","author":"AF","date":"18\/01\/2019","format":false,"excerpt":"\"Alberto me traicion\u00f3, me meti\u00f3 en una situaci\u00f3n para nada agradable. Pero a pesar de eso lo perdon\u00e9. Si tuvo que matarse con mi arma, lo perdono, le perdono que me haya metido en este problema\", resalt\u00f3 adem\u00e1s Diego Lagomarsino. Al cumplirse cuatro a\u00f1os de la muerte del fiscal Alberto\u2026","rel":"","context":"En \u00abSociedad\u00bb","block_context":{"text":"Sociedad","link":"https:\/\/www.24baires.com\/?cat=1"},"img":{"alt_text":"","src":"https:\/\/i0.wp.com\/www.24baires.com\/wp-content\/uploads\/2015\/01\/lagomarsino-11.jpg?resize=350%2C200","width":350,"height":200,"srcset":"https:\/\/i0.wp.com\/www.24baires.com\/wp-content\/uploads\/2015\/01\/lagomarsino-11.jpg?resize=350%2C200 1x, https:\/\/i0.wp.com\/www.24baires.com\/wp-content\/uploads\/2015\/01\/lagomarsino-11.jpg?resize=525%2C300 1.5x"},"classes":[]},{"id":106064,"url":"https:\/\/www.24baires.com\/?p=106064","url_meta":{"origin":61330,"position":4},"title":"Arroyo Salgado renunci\u00f3 a ser querrelante en la causa Nisman","author":"AF","date":"21\/12\/2018","format":false,"excerpt":"Lo hizo a trav\u00e9s de un escrito en el que dijo que a\u00fan recibe amenazas y que prefiere \"priorizar la paz y espiritualidad del grupo familiar\". La ex esposa de Alberto Nisman, la jueza Sandra Arroyo Salgado, renunci\u00f3 a la querella en la causa por la muerte del fiscal. Lo\u2026","rel":"","context":"En \u00abJUDICIALES\u00bb","block_context":{"text":"JUDICIALES","link":"https:\/\/www.24baires.com\/?cat=68"},"img":{"alt_text":"","src":"https:\/\/i0.wp.com\/www.24baires.com\/wp-content\/uploads\/2015\/02\/arroyo_salgado_senado-nisman.jpg?resize=350%2C200","width":350,"height":200,"srcset":"https:\/\/i0.wp.com\/www.24baires.com\/wp-content\/uploads\/2015\/02\/arroyo_salgado_senado-nisman.jpg?resize=350%2C200 1x, https:\/\/i0.wp.com\/www.24baires.com\/wp-content\/uploads\/2015\/02\/arroyo_salgado_senado-nisman.jpg?resize=525%2C300 1.5x"},"classes":[]},{"id":61049,"url":"https:\/\/www.24baires.com\/?p=61049","url_meta":{"origin":61330,"position":5},"title":"Burstein critic\u00f3 duramente a los que \u00ablucran con la muerte de Nisman\u00bb","author":"Grupo Sierra","date":"31\/01\/2015","format":false,"excerpt":"El referente de Familiares y Amigos de las V\u00edctimas del atentado a la AMIA apunt\u00f3 contra algunos sectores que \"est\u00e1n haciendo uso y abuso de la figura de Alberto Nisman\". El referente se hab\u00eda expresado a favor de la disoluci\u00f3n de la Secretar\u00eda de Inteligencia. El dirigente de la Asociaci\u00f3n\u2026","rel":"","context":"En \u00abJUDICIALES\u00bb","block_context":{"text":"JUDICIALES","link":"https:\/\/www.24baires.com\/?cat=68"},"img":{"alt_text":"Burstein","src":"https:\/\/i0.wp.com\/www.24baires.com\/wp-content\/uploads\/2015\/01\/Burstein.jpg?resize=350%2C200","width":350,"height":200,"srcset":"https:\/\/i0.wp.com\/www.24baires.com\/wp-content\/uploads\/2015\/01\/Burstein.jpg?resize=350%2C200 1x, https:\/\/i0.wp.com\/www.24baires.com\/wp-content\/uploads\/2015\/01\/Burstein.jpg?resize=525%2C300 1.5x"},"classes":[]}],"jetpack_sharing_enabled":true,"jetpack_likes_enabled":true,"_links":{"self":[{"href":"https:\/\/www.24baires.com\/index.php?rest_route=\/wp\/v2\/posts\/61330","targetHints":{"allow":["GET"]}}],"collection":[{"href":"https:\/\/www.24baires.com\/index.php?rest_route=\/wp\/v2\/posts"}],"about":[{"href":"https:\/\/www.24baires.com\/index.php?rest_route=\/wp\/v2\/types\/post"}],"author":[{"embeddable":true,"href":"https:\/\/www.24baires.com\/index.php?rest_route=\/wp\/v2\/users\/11"}],"replies":[{"embeddable":true,"href":"https:\/\/www.24baires.com\/index.php?rest_route=%2Fwp%2Fv2%2Fcomments&post=61330"}],"version-history":[{"count":1,"href":"https:\/\/www.24baires.com\/index.php?rest_route=\/wp\/v2\/posts\/61330\/revisions"}],"predecessor-version":[{"id":61331,"href":"https:\/\/www.24baires.com\/index.php?rest_route=\/wp\/v2\/posts\/61330\/revisions\/61331"}],"wp:attachment":[{"href":"https:\/\/www.24baires.com\/index.php?rest_route=%2Fwp%2Fv2%2Fmedia&parent=61330"}],"wp:term":[{"taxonomy":"category","embeddable":true,"href":"https:\/\/www.24baires.com\/index.php?rest_route=%2Fwp%2Fv2%2Fcategories&post=61330"},{"taxonomy":"post_tag","embeddable":true,"href":"https:\/\/www.24baires.com\/index.php?rest_route=%2Fwp%2Fv2%2Ftags&post=61330"}],"curies":[{"name":"wp","href":"https:\/\/api.w.org\/{rel}","templated":true}]}}