{"id":6131,"date":"2012-11-20T08:15:25","date_gmt":"2012-11-20T11:15:25","guid":{"rendered":"http:\/\/www.24baires.com\/?p=6131"},"modified":"2012-11-20T21:34:24","modified_gmt":"2012-11-21T00:34:24","slug":"vecino-distraido-quiso-sacar-un-arbol-y-dejo-a-casi-toda-rauch-sin-agua","status":"publish","type":"post","link":"https:\/\/www.24baires.com\/?p=6131","title":{"rendered":"Vecino distra\u00eddo: quiso sacar un \u00e1rbol y dej\u00f3 a casi toda Rauch sin agua"},"content":{"rendered":"<p>La maniobra imprudente de un vecino que intentaba sacar un \u00e1rbol habr\u00eda sido el motivo por el cual se rompi\u00f3 un ca\u00f1o maestro que dej\u00f3 a todo el pueblo sin agua por casi 11 horas. Personal de Obras P\u00fablicas estuvo trabajando intensamente toda la noche para resolver el problema. El suministro se normaliz\u00f3 despu\u00e9s de las 4 de la ma\u00f1ana.<!--more--><\/p>\n<p>El agua empez\u00f3 a brotar e inundar parte de la Avenida Belgrano y la intersecci\u00f3n con General Paz de la ciudad de Rauch, provocando un anegamiento de la zona y tambi\u00e9n el corte de esas arterias.<\/p>\n<p>Todo habr\u00eda ocurrido luego de que un vecino, sin calcular bien las consecuencias, intentara sacar un \u00e1rbol, rompiendo un ca\u00f1o maestro que termin\u00f3 dejando sin agua a casi toda la ciudad de Rauch por casi 11 horas.<br \/>\nPersonal de la Direcci\u00f3n de Aguas y Obras P\u00fablicas estuvo trabajando intensamente y por varias horas para reparar el ca\u00f1o da\u00f1ado.<br \/>\nSi bien se hab\u00eda calculado originalmente el regreso del flu\u00eddo para las 23, este finalmente se reintegr\u00f3 algo despu\u00e9s de las 4 de la madrugada.<\/p>\n","protected":false},"excerpt":{"rendered":"<p>La maniobra imprudente de un vecino que intentaba sacar un \u00e1rbol habr\u00eda sido el motivo por el cual se rompi\u00f3 un ca\u00f1o maestro que dej\u00f3 a todo el pueblo sin agua por casi 11 horas. Personal de Obras P\u00fablicas estuvo trabajando intensamente toda la noche para resolver el problema. El suministro se normaliz\u00f3 despu\u00e9s de las 4 de la ma\u00f1ana.<\/p>\n","protected":false},"author":4,"featured_media":0,"comment_status":"open","ping_status":"open","sticky":false,"template":"","format":"standard","meta":{"_jetpack_newsletter_access":"","_jetpack_dont_email_post_to_subs":false,"_jetpack_newsletter_tier_id":0,"_jetpack_memberships_contains_paywalled_content":false,"_jetpack_memberships_contains_paid_content":false,"footnotes":""},"categories":[38],"tags":[],"class_list":["post-6131","post","type-post","status-publish","format-standard","hentry","category-locales"],"jetpack_featured_media_url":"","jetpack_shortlink":"https:\/\/wp.me\/p2JWE0-1AT","jetpack-related-posts":[{"id":51404,"url":"https:\/\/www.24baires.com\/?p=51404","url_meta":{"origin":6131,"position":0},"title":"El interior bonaerense pide auxilio a la Provincia por el avance del agua","author":"GB","date":"08\/08\/2014","format":false,"excerpt":"\u201cDesde febrero no pasan cinco d\u00edas sin que llueva\u201d, se queja el intendente de Dolores, Camilo Etchevarren. Distritos de la cuenca del r\u00edo Salado est\u00e1n inundados y con evacuados. Desde febrero no pasan cinco d\u00edas sin que llueva\u201d, se queja el intendente de Dolores, Camilo Etchevarren, cuando mira a su\u2026","rel":"","context":"En \u00abProvincia\u00bb","block_context":{"text":"Provincia","link":"https:\/\/www.24baires.com\/?cat=40"},"img":{"alt_text":"rio inundado","src":"https:\/\/i0.wp.com\/www.24baires.com\/wp-content\/uploads\/2014\/08\/rio-inundado.jpg?resize=350%2C200","width":350,"height":200,"srcset":"https:\/\/i0.wp.com\/www.24baires.com\/wp-content\/uploads\/2014\/08\/rio-inundado.jpg?resize=350%2C200 1x, https:\/\/i0.wp.com\/www.24baires.com\/wp-content\/uploads\/2014\/08\/rio-inundado.jpg?resize=525%2C300 1.5x"},"classes":[]},{"id":47259,"url":"https:\/\/www.24baires.com\/?p=47259","url_meta":{"origin":6131,"position":1},"title":"Licitaron obras para las Rutas Provinciales 30, 51, 76 y 80","author":"AF","date":"03\/06\/2014","format":false,"excerpt":"Con un presupuesto oficial de casi 100 millones de pesos, el ministerio de Infraestructura bonaerense licit\u00f3 este lunes obras viales de rehabilitaci\u00f3n y mejoramiento para las rutas provinciales que atraviesan los partidos de Olavarr\u00eda, Gral. La Madrid, Azul, Rauch, Tapalqu\u00e9, Saladillo, Laprida y Gral. Alvear. En tanto, el titular de\u2026","rel":"","context":"En \u00abLocales\u00bb","block_context":{"text":"Locales","link":"https:\/\/www.24baires.com\/?cat=38"},"img":{"alt_text":"ruta partida","src":"https:\/\/i0.wp.com\/www.24baires.com\/wp-content\/uploads\/2012\/11\/ruta-50.jpg?resize=350%2C200","width":350,"height":200,"srcset":"https:\/\/i0.wp.com\/www.24baires.com\/wp-content\/uploads\/2012\/11\/ruta-50.jpg?resize=350%2C200 1x, https:\/\/i0.wp.com\/www.24baires.com\/wp-content\/uploads\/2012\/11\/ruta-50.jpg?resize=525%2C300 1.5x"},"classes":[]},{"id":13618,"url":"https:\/\/www.24baires.com\/?p=13618","url_meta":{"origin":6131,"position":2},"title":"Rauch: le tiraron 5 mil d\u00f3lares a la basura, los busc\u00f3 durante dos d\u00edas y los encontr\u00f3","author":"AF","date":"26\/01\/2013","format":false,"excerpt":"Un hecho ins\u00f3lito ocurri\u00f3 en Rauch a principios de esta semana, que tuvo momentos de mucha angustia para una familia de vecinos y afortunadamente finaliz\u00f3 con resultado favorable. El mismo ocurri\u00f3 en la tarde del domingo, cuando una vecina estaba realizando una limpieza en su domicilio y decidi\u00f3 tirar una\u2026","rel":"","context":"En \u00abLocales\u00bb","block_context":{"text":"Locales","link":"https:\/\/www.24baires.com\/?cat=38"},"img":{"alt_text":"dolares tacho","src":"https:\/\/i0.wp.com\/www.24baires.com\/wp-content\/uploads\/2013\/01\/dolares-tacho-300x266.jpg?resize=350%2C200","width":350,"height":200},"classes":[]},{"id":116558,"url":"https:\/\/www.24baires.com\/?p=116558","url_meta":{"origin":6131,"position":3},"title":"Provincia firm\u00f3 convenios para 71 obras de infraestructura en 44 municipios bonaerenses","author":"GB","date":"28\/10\/2020","format":false,"excerpt":"El gobernador suscribi\u00f3 convenios con una inversi\u00f3n total de m\u00e1s de 352 millones de pesos correspondientes al Fondo de Infraestructura Municipal El gobernador de la provincia de Buenos Aires, Axel Kicillof, suscribi\u00f3 esta tarde convenios para desarrollar 71 obras de infraestructura en 44 municipios, con una inversi\u00f3n total de m\u00e1s\u2026","rel":"","context":"En \u00abProvincia\u00bb","block_context":{"text":"Provincia","link":"https:\/\/www.24baires.com\/?cat=40"},"img":{"alt_text":"","src":"https:\/\/i0.wp.com\/www.24baires.com\/wp-content\/uploads\/2020\/10\/20201027193503_2020-10-27-ak-videoconferencia-fim-016.jpg?resize=350%2C200","width":350,"height":200,"srcset":"https:\/\/i0.wp.com\/www.24baires.com\/wp-content\/uploads\/2020\/10\/20201027193503_2020-10-27-ak-videoconferencia-fim-016.jpg?resize=350%2C200 1x, https:\/\/i0.wp.com\/www.24baires.com\/wp-content\/uploads\/2020\/10\/20201027193503_2020-10-27-ak-videoconferencia-fim-016.jpg?resize=525%2C300 1.5x"},"classes":[]},{"id":53073,"url":"https:\/\/www.24baires.com\/?p=53073","url_meta":{"origin":6131,"position":4},"title":"Mar del Plata: El Consejo de Contingencias Meteorol\u00f3gicas anticip\u00f3 mal tiempo","author":"GB","date":"04\/09\/2014","format":false,"excerpt":"Se estima que el fen\u00f3meno tendr\u00e1 una duraci\u00f3n de entre 36 a 48 horas y los d\u00edas m\u00e1s afectados ser\u00e1n el viernes y parte del s\u00e1bado. Ante cualquier inconveniente, los vecinos se pueden comunicar al 103 (Defensa Civil). El Consejo Municipal de Continencias Meteorol\u00f3gicas (CMCM) brind\u00f3 un informe detallado de\u2026","rel":"","context":"En \u00abMunicipios\u00bb","block_context":{"text":"Municipios","link":"https:\/\/www.24baires.com\/?cat=44"},"img":{"alt_text":"consejo meteorologico","src":"https:\/\/i0.wp.com\/www.24baires.com\/wp-content\/uploads\/2014\/09\/consejo-meteorologico-300x225.jpg?resize=350%2C200","width":350,"height":200},"classes":[]},{"id":9334,"url":"https:\/\/www.24baires.com\/?p=9334","url_meta":{"origin":6131,"position":5},"title":"La lluvia sigue causando graves da\u00f1os en varias localidades del Conurbano bonaerense","author":"AF","date":"16\/12\/2012","format":false,"excerpt":"Las intensas lluvias que se registraron en la ma\u00f1ana del domingo afectaron principalmente la regi\u00f3n norte del Conurbano Bonaerense, dejando calles anegadas y provocando la ca\u00edda de \u00e1rboles. En la localidad de Mart\u00ednez, la tormenta ocasion\u00f3 la ca\u00edda de un \u00e1rbol que destroz\u00f3 todo el patio de una vecina sobre\u2026","rel":"","context":"En \u00abLocales\u00bb","block_context":{"text":"Locales","link":"https:\/\/www.24baires.com\/?cat=38"},"img":{"alt_text":"","src":"","width":0,"height":0},"classes":[]}],"jetpack_sharing_enabled":true,"jetpack_likes_enabled":true,"_links":{"self":[{"href":"https:\/\/www.24baires.com\/index.php?rest_route=\/wp\/v2\/posts\/6131","targetHints":{"allow":["GET"]}}],"collection":[{"href":"https:\/\/www.24baires.com\/index.php?rest_route=\/wp\/v2\/posts"}],"about":[{"href":"https:\/\/www.24baires.com\/index.php?rest_route=\/wp\/v2\/types\/post"}],"author":[{"embeddable":true,"href":"https:\/\/www.24baires.com\/index.php?rest_route=\/wp\/v2\/users\/4"}],"replies":[{"embeddable":true,"href":"https:\/\/www.24baires.com\/index.php?rest_route=%2Fwp%2Fv2%2Fcomments&post=6131"}],"version-history":[{"count":3,"href":"https:\/\/www.24baires.com\/index.php?rest_route=\/wp\/v2\/posts\/6131\/revisions"}],"predecessor-version":[{"id":6189,"href":"https:\/\/www.24baires.com\/index.php?rest_route=\/wp\/v2\/posts\/6131\/revisions\/6189"}],"wp:attachment":[{"href":"https:\/\/www.24baires.com\/index.php?rest_route=%2Fwp%2Fv2%2Fmedia&parent=6131"}],"wp:term":[{"taxonomy":"category","embeddable":true,"href":"https:\/\/www.24baires.com\/index.php?rest_route=%2Fwp%2Fv2%2Fcategories&post=6131"},{"taxonomy":"post_tag","embeddable":true,"href":"https:\/\/www.24baires.com\/index.php?rest_route=%2Fwp%2Fv2%2Ftags&post=6131"}],"curies":[{"name":"wp","href":"https:\/\/api.w.org\/{rel}","templated":true}]}}