{"id":6121,"date":"2012-11-20T14:25:53","date_gmt":"2012-11-20T17:25:53","guid":{"rendered":"http:\/\/www.24baires.com\/?p=6121"},"modified":"2012-11-20T18:27:44","modified_gmt":"2012-11-20T21:27:44","slug":"abal-medina-los-dirigentes-sindicales-buscan-que-haya-represion-para-montarse-sobre-eso","status":"publish","type":"post","link":"https:\/\/www.24baires.com\/?p=6121","title":{"rendered":"Abal Medina: Los dirigentes sindicales buscan que haya represi\u00f3n \u00abpara montarse sobre eso\u00bb"},"content":{"rendered":"<p>El jefe de gabinete, Juan Manuel Abal Medina, asegur\u00f3 que no hay paro, sino \u00abun piquetazo\u00bb, ya que \u00abse cortaron accesos y v\u00edas de ferrocarriles\u00bb, para que la gente no pueda ir a trabajar.<!--more--><br \/>\n\u00abNo hay paro. Un paro es cuando los obreros y los empleados deciden no acudir a sus lugares de trabajo. Esto es un piquetazo, en el que los que logran ir a trabajar son apedreados, como estamos viendo en el centro porte\u00f1o\u00bb, dijo Abal Medina en declaraciones a radio La Red.<br \/>\nAgreg\u00f3 que en el paro convocado por la CGT y la CTA opositoras \u00abno se encuentran medidas voluntarias\u00bb, sino que \u00ablo que hay son piquetes y acciones violentas\u00bb, y que el objetivo es \u00abnetamente pol\u00edtico\u00bb.<br \/>\n\u00abLa impotencia de no poder hacer un paro expresa que el objetivo de la medida es netamente pol\u00edtico\u00bb, consider\u00f3 el jefe de ministros.<br \/>\nAbal Medina dijo tambi\u00e9n que la medida convocada por el titular de la CGT Azopardo, Hugo Moyano, y de la CTA disidente, de Pablo Micheli, \u00abbusca congraciarse con un sector medi\u00e1tico y salir mucho en la tele\u00bb, en referencia al Grupo Clar\u00edn, y agreg\u00f3 que \u00abpara que la gente no vaya a trabajar tuvieron que obligarla cort\u00e1ndole los accesos\u00bb.<br \/>\nDej\u00f3 claro que \u00abya hubo varias movilizaciones similares a la de hoy\u00bb, y lament\u00f3 que \u00abhaya dirigentes sindicales que salgan a hacer medidas tan desproporcionadas, en un mundo tan complejo, en el que la Argentina est\u00e1 cuidando el pago a bonistas y sus reservas, pensando en el futuro\u00bb.<br \/>\n\u00abQue reclamen por el impuesto a las ganancias, en un mundo donde todos los d\u00edas se muestra a los pa\u00edses europeos reclamando por despidos masivos y brutales, es una novedad\u00bb, asever\u00f3 el funcionario.<br \/>\nDijo tambi\u00e9n que lo que buscan estos sectores es \u00abfrenar a la Argentina, seguir poniendo palos en la rueda\u00bb, y advirti\u00f3 que \u00abno lo van a lograr porque hay un pa\u00eds y un gobierno decidido a profundizar el rumbo de crecimiento e inclusi\u00f3n\u00bb.<br \/>\nAbal Medina consider\u00f3 tambi\u00e9n que lo que buscan los dirigentes sindicales con sus declaraciones virulentas es \u00abconseguir alg\u00fan hecho de represi\u00f3n para montarse sobre eso\u00bb, y record\u00f3 que \u00abel gobierno ha realizado una tarea central sobre ese punto, y ha logrado pacificar a la Argentina en el 2003, cuando las cacerolas sonaban porque estaban vac\u00edas y la gente hacia piquetes porque se mor\u00eda de hambre\u00bb.<\/p>\n","protected":false},"excerpt":{"rendered":"<p>El jefe de gabinete, Juan Manuel Abal Medina, asegur\u00f3 que no hay paro, sino \u00abun piquetazo\u00bb, ya que \u00abse cortaron accesos y v\u00edas de ferrocarriles\u00bb, para que la gente no pueda ir a trabajar.<\/p>\n","protected":false},"author":4,"featured_media":0,"comment_status":"open","ping_status":"open","sticky":false,"template":"","format":"standard","meta":{"_jetpack_newsletter_access":"","_jetpack_dont_email_post_to_subs":false,"_jetpack_newsletter_tier_id":0,"_jetpack_memberships_contains_paywalled_content":false,"_jetpack_memberships_contains_paid_content":false,"footnotes":""},"categories":[1],"tags":[],"class_list":["post-6121","post","type-post","status-publish","format-standard","hentry","category-sociedad"],"jetpack_featured_media_url":"","jetpack_shortlink":"https:\/\/wp.me\/p2JWE0-1AJ","jetpack-related-posts":[{"id":6014,"url":"https:\/\/www.24baires.com\/?p=6014","url_meta":{"origin":6121,"position":0},"title":"Abal Medina, clar\u00edsimo: \u00abM\u00e1s que 20N es el 20M, con eme de Magnetto\u00bb","author":"AF","date":"19\/11\/2012","format":false,"excerpt":"\u201cM\u00e1s que un paro, esto es una maniobra de chantaje a toda la poblaci\u00f3n\u201d, dijo el Jefe de Gabinete, Juan Manuel Abal Medina, al respecto del pr\u00f3ximo paro previsto para el martes, y agreg\u00f3 que \u201cmientras en el mundo los sindicatos reclaman contra el ajuste, ac\u00e1 unos pocos dirigentes con\u2026","rel":"","context":"En \u00abPol\u00edtica\u00bb","block_context":{"text":"Pol\u00edtica","link":"https:\/\/www.24baires.com\/?cat=51"},"img":{"alt_text":"","src":"https:\/\/i0.wp.com\/www.24baires.com\/wp-content\/uploads\/2012\/11\/abal-medina-300x179.jpg?resize=350%2C200","width":350,"height":200},"classes":[]},{"id":32113,"url":"https:\/\/www.24baires.com\/?p=32113","url_meta":{"origin":6121,"position":1},"title":"Abal Medina calific\u00f3 de \u00absalvaje\u00bb el paro sorpresivo de trenes de esta ma\u00f1ana","author":"AF","date":"19\/09\/2013","format":false,"excerpt":"El jefe de Gabinete atribuy\u00f3 hoy la sorpresiva medida de fuerza de esta ma\u00f1ana en las l\u00edneas San Mart\u00edn y Belgrano Sur a \u201cla actitud extorsiva y caprichosa\u201d de \u201cmalos dirigentes gremiales\u201d. El jefe de Gabinete, Juan Manuel Abal Medina, atribuy\u00f3 hoy el sorpresivo paro de esta ma\u00f1ana en las\u2026","rel":"","context":"En \u00abSociedad\u00bb","block_context":{"text":"Sociedad","link":"https:\/\/www.24baires.com\/?cat=1"},"img":{"alt_text":"abal medina","src":"https:\/\/i0.wp.com\/www.24baires.com\/wp-content\/uploads\/2012\/11\/abal-medina.jpg?resize=350%2C200","width":350,"height":200,"srcset":"https:\/\/i0.wp.com\/www.24baires.com\/wp-content\/uploads\/2012\/11\/abal-medina.jpg?resize=350%2C200 1x, https:\/\/i0.wp.com\/www.24baires.com\/wp-content\/uploads\/2012\/11\/abal-medina.jpg?resize=525%2C300 1.5x"},"classes":[]},{"id":33311,"url":"https:\/\/www.24baires.com\/?p=33311","url_meta":{"origin":6121,"position":2},"title":"\u00abLa sanci\u00f3n del presupuesto es una se\u00f1al de madurez pol\u00edtica\u00bb, asegur\u00f3 Abal Medina","author":"AF","date":"10\/10\/2013","format":false,"excerpt":"El Jefe de Gabinete, Juan Manuel Abal Medina, resalt\u00f3 la \u201cmadurez de los senadores que aprobaron el presupuesto\u201d, ya que el mismo \u201ces una herramienta de gesti\u00f3n para que todos los argentinos sigamos contando con m\u00e1s obras, inclusi\u00f3n e inversiones\u201d. Abal Medina compar\u00f3 la situaci\u00f3n de nuestro pa\u00eds con Estados\u2026","rel":"","context":"En \u00abEconom\u00eda\u00bb","block_context":{"text":"Econom\u00eda","link":"https:\/\/www.24baires.com\/?cat=45"},"img":{"alt_text":"","src":"","width":0,"height":0},"classes":[]},{"id":105765,"url":"https:\/\/www.24baires.com\/?p=105765","url_meta":{"origin":6121,"position":3},"title":"Piden detener a Rocca y Abal Medina por la causa de los cuadernos","author":"GB","date":"05\/12\/2018","format":false,"excerpt":"As\u00ed lo solicitaron los fiscales Stornelli y R\u00edvolo al juez Claudio Bonadio sobre el CEO de Techint y el ex jefe de Gabinete. El fiscal Carlos Stornelli y Carlos R\u00edvolo solicitaron este mi\u00e9rcoles la detenci\u00f3n de Paolo Rocca, CEO de Techint, al apelar la decisi\u00f3n del juez Claudio Bonadio de\u2026","rel":"","context":"En \u00abPoliciales\u00bb","block_context":{"text":"Policiales","link":"https:\/\/www.24baires.com\/?cat=49"},"img":{"alt_text":"","src":"https:\/\/i0.wp.com\/www.24baires.com\/wp-content\/uploads\/2018\/12\/rocca.jpg?resize=350%2C200","width":350,"height":200,"srcset":"https:\/\/i0.wp.com\/www.24baires.com\/wp-content\/uploads\/2018\/12\/rocca.jpg?resize=350%2C200 1x, https:\/\/i0.wp.com\/www.24baires.com\/wp-content\/uploads\/2018\/12\/rocca.jpg?resize=525%2C300 1.5x"},"classes":[]},{"id":62955,"url":"https:\/\/www.24baires.com\/?p=62955","url_meta":{"origin":6121,"position":4},"title":"Abal Medina asumi\u00f3 la presidencia de Presupuesto y Hacienda en el Senado","author":"Grupo Sierra","date":"10\/03\/2015","format":false,"excerpt":"El senador por la provincia de Buenos Aires por el FpV fue designado hoy por unanimidad nuevo presidente de esa Comisi\u00f3n. Juan Manuel Abal Medina, fue designado hoy por unanimidad nuevo presidente de la Comisi\u00f3n de Presupuesto y Hacienda de la C\u00e1mara alta. De ese modo, el ex jefe de\u2026","rel":"","context":"En \u00abLegislativo\u00bb","block_context":{"text":"Legislativo","link":"https:\/\/www.24baires.com\/?cat=75"},"img":{"alt_text":"abal medina","src":"https:\/\/i0.wp.com\/www.24baires.com\/wp-content\/uploads\/2012\/12\/abal-medina.jpg?resize=350%2C200","width":350,"height":200,"srcset":"https:\/\/i0.wp.com\/www.24baires.com\/wp-content\/uploads\/2012\/12\/abal-medina.jpg?resize=350%2C200 1x, https:\/\/i0.wp.com\/www.24baires.com\/wp-content\/uploads\/2012\/12\/abal-medina.jpg?resize=525%2C300 1.5x"},"classes":[]},{"id":10020,"url":"https:\/\/www.24baires.com\/?p=10020","url_meta":{"origin":6121,"position":5},"title":"\u00abVamos a se\u00f1alar a los responsables\u00bb de los robos organizados dijo Abal Medina","author":"Grupo Sierra","date":"21\/12\/2012","format":false,"excerpt":"El jefe de Gabinete, Juan Manuel Abal Medina, manifest\u00f3 su \"repudio a estos hechos violentos que quieren frenar la paz social\", al referirse a los episodios de violencia en distintos puntos del pa\u00eds. Al encabezar un acto de entrega de nuevos \u00f3mnibus de Aerol\u00edneas Argentinas, Abal Medina sostuvo \"hay sectores\u2026","rel":"","context":"En \u00abPol\u00edtica\u00bb","block_context":{"text":"Pol\u00edtica","link":"https:\/\/www.24baires.com\/?cat=51"},"img":{"alt_text":"abal medina","src":"https:\/\/i0.wp.com\/www.24baires.com\/wp-content\/uploads\/2012\/12\/abal-medina.jpg?resize=350%2C200","width":350,"height":200,"srcset":"https:\/\/i0.wp.com\/www.24baires.com\/wp-content\/uploads\/2012\/12\/abal-medina.jpg?resize=350%2C200 1x, https:\/\/i0.wp.com\/www.24baires.com\/wp-content\/uploads\/2012\/12\/abal-medina.jpg?resize=525%2C300 1.5x"},"classes":[]}],"jetpack_sharing_enabled":true,"jetpack_likes_enabled":true,"_links":{"self":[{"href":"https:\/\/www.24baires.com\/index.php?rest_route=\/wp\/v2\/posts\/6121","targetHints":{"allow":["GET"]}}],"collection":[{"href":"https:\/\/www.24baires.com\/index.php?rest_route=\/wp\/v2\/posts"}],"about":[{"href":"https:\/\/www.24baires.com\/index.php?rest_route=\/wp\/v2\/types\/post"}],"author":[{"embeddable":true,"href":"https:\/\/www.24baires.com\/index.php?rest_route=\/wp\/v2\/users\/4"}],"replies":[{"embeddable":true,"href":"https:\/\/www.24baires.com\/index.php?rest_route=%2Fwp%2Fv2%2Fcomments&post=6121"}],"version-history":[{"count":3,"href":"https:\/\/www.24baires.com\/index.php?rest_route=\/wp\/v2\/posts\/6121\/revisions"}],"predecessor-version":[{"id":6154,"href":"https:\/\/www.24baires.com\/index.php?rest_route=\/wp\/v2\/posts\/6121\/revisions\/6154"}],"wp:attachment":[{"href":"https:\/\/www.24baires.com\/index.php?rest_route=%2Fwp%2Fv2%2Fmedia&parent=6121"}],"wp:term":[{"taxonomy":"category","embeddable":true,"href":"https:\/\/www.24baires.com\/index.php?rest_route=%2Fwp%2Fv2%2Fcategories&post=6121"},{"taxonomy":"post_tag","embeddable":true,"href":"https:\/\/www.24baires.com\/index.php?rest_route=%2Fwp%2Fv2%2Ftags&post=6121"}],"curies":[{"name":"wp","href":"https:\/\/api.w.org\/{rel}","templated":true}]}}