{"id":6114,"date":"2012-11-20T10:50:02","date_gmt":"2012-11-20T13:50:02","guid":{"rendered":"http:\/\/www.24baires.com\/?p=6114"},"modified":"2012-11-20T12:36:43","modified_gmt":"2012-11-20T15:36:43","slug":"audiencia-publica-de-afsca-sobre-los-acontecimientos-de-interes-general-para-2013","status":"publish","type":"post","link":"https:\/\/www.24baires.com\/?p=6114","title":{"rendered":"Audiencia p\u00fablica de AFSCA sobre los \u201cacontecimientos de inter\u00e9s general\u201d para 2013"},"content":{"rendered":"<p><img data-recalc-dims=\"1\" loading=\"lazy\" decoding=\"async\" class=\"alignleft size-full wp-image-6115\" title=\"AFSCA\" src=\"https:\/\/i0.wp.com\/www.24baires.com\/wp-content\/uploads\/2012\/11\/AFSCA.jpg?resize=222%2C227\" alt=\"\" width=\"222\" height=\"227\" \/>Se realiza una audiencia en Diputados para que ciudadanos y organizaciones propongan los acontecimientos a los que deber\u00eda garantizarse el acceso universal.<!--more--><\/p>\n<p>El Consejo Federal de Comunicaci\u00f3n Audiovisual (COFECA) de la Autoridad Federal de Servicios de Comunicaci\u00f3n Audiovisual realiza una audiencia p\u00fablica en el Sal\u00f3n Delia Parodi de la C\u00e1mara de Diputados para dar cumplimiento de los art\u00edculos 77, 78 y 79 de la Ley de Medios.<\/p>\n<p>Particulares, organizaciones sociales y medios de comunicaci\u00f3n proponen en la audiencia un listado de los eventos de \u201cinter\u00e9s p\u00fablico\u201d a los que se debe garantizarse en 2013 el \u201cacceso universal\u201d de sus \u201ccontenidos informativos\u201d, para la \u201cretransmisi\u00f3n o emisi\u00f3n televisiva, siguiendo criterios de justicia, razonabilidad y no discriminatorios\u201d.<\/p>\n<p>Cabe recordar que algunos de los acontecimientos propuestos para 2012 fueron los torneos de f\u00fatbol organizados por la AFA; las ligas de basquet y voley; y las competencias automovil\u00edsticas de Turismo Carretera, TC2000 y Top Race, entre otros.<\/p>\n<p>Los resultados y listados definitivos ser\u00e1n publicados en el Bolet\u00edn Oficial y en el sitio del COFECA (www.cofeca.gob.ar), el organismo creado por la Ley 26.522 para \u00abcolaborar, proponer pol\u00edticas p\u00fablicas de comunicaci\u00f3n, asesorar y realizar el seguimiento de la normativa\u00bb.<\/p>\n<p>El Consejo Federal de Comunicaci\u00f3n Audiovisual est\u00e1 conformado por representantes de las provincias, medios de comunicaci\u00f3n, sindicatos, universidades nacionales, medios p\u00fablicos, sociedades gestoras de derechos y pueblos originarios.<\/p>\n","protected":false},"excerpt":{"rendered":"<p>Se realiza una audiencia en Diputados para que ciudadanos y organizaciones propongan los acontecimientos a los que deber\u00eda garantizarse el acceso universal.<\/p>\n","protected":false},"author":4,"featured_media":0,"comment_status":"open","ping_status":"open","sticky":false,"template":"","format":"standard","meta":{"_jetpack_newsletter_access":"","_jetpack_dont_email_post_to_subs":false,"_jetpack_newsletter_tier_id":0,"_jetpack_memberships_contains_paywalled_content":false,"_jetpack_memberships_contains_paid_content":false,"footnotes":""},"categories":[1],"tags":[],"class_list":["post-6114","post","type-post","status-publish","format-standard","hentry","category-sociedad"],"jetpack_featured_media_url":"","jetpack_shortlink":"https:\/\/wp.me\/p2JWE0-1AC","jetpack-related-posts":[{"id":98827,"url":"https:\/\/www.24baires.com\/?p=98827","url_meta":{"origin":6114,"position":0},"title":"Clar\u00edn pone en peligro la televisaci\u00f3n gratuita de partidos de la Selecci\u00f3n","author":"AF","date":"19\/11\/2017","format":false,"excerpt":"Una empresa Trisa, que tiene como accionista al grupo de medios, solicit\u00f3 a la Justicia Federal la declaraci\u00f3n de inconstitucionalidad de la ley que garantiza las transmisiones de televisi\u00f3n gratuitas de los partidos del seleccionado argentino de f\u00fatbol. TRISA, due\u00f1a de los derechos de televisaci\u00f3n del f\u00fatbol del ascenso, present\u00f3\u2026","rel":"","context":"En \u00abSociedad\u00bb","block_context":{"text":"Sociedad","link":"https:\/\/www.24baires.com\/?cat=1"},"img":{"alt_text":"","src":"https:\/\/i0.wp.com\/www.24baires.com\/wp-content\/uploads\/2016\/04\/selecci%C3%B3n.jpg?resize=350%2C200","width":350,"height":200,"srcset":"https:\/\/i0.wp.com\/www.24baires.com\/wp-content\/uploads\/2016\/04\/selecci%C3%B3n.jpg?resize=350%2C200 1x, https:\/\/i0.wp.com\/www.24baires.com\/wp-content\/uploads\/2016\/04\/selecci%C3%B3n.jpg?resize=525%2C300 1.5x"},"classes":[]},{"id":34461,"url":"https:\/\/www.24baires.com\/?p=34461","url_meta":{"origin":6114,"position":1},"title":"\u00abEl fallo de la Corte demuestra que fuimos escuchados\u00bb, asegur\u00f3 Ottaviano","author":"AF","date":"01\/11\/2013","format":false,"excerpt":"La Defensora del P\u00fablico de Servicios de Comunicaci\u00f3n Audiovisual manifest\u00f3 hoy en Bariloche su alegr\u00eda por la declaraci\u00f3n de constitucionalidad de la Corte Suprema de la Ley de Medios. \"El punto saliente del fallo apunta a que esto se trata de una mera cuesti\u00f3n patrimonial, y que la ley y\u2026","rel":"","context":"En \u00abMedios\u00bb","block_context":{"text":"Medios","link":"https:\/\/www.24baires.com\/?cat=54"},"img":{"alt_text":"Ottaviano Cynthia","src":"https:\/\/i0.wp.com\/www.24baires.com\/wp-content\/uploads\/2012\/12\/Ottaviano-Cynthia.jpg?resize=350%2C200","width":350,"height":200,"srcset":"https:\/\/i0.wp.com\/www.24baires.com\/wp-content\/uploads\/2012\/12\/Ottaviano-Cynthia.jpg?resize=350%2C200 1x, https:\/\/i0.wp.com\/www.24baires.com\/wp-content\/uploads\/2012\/12\/Ottaviano-Cynthia.jpg?resize=525%2C300 1.5x"},"classes":[]},{"id":47570,"url":"https:\/\/www.24baires.com\/?p=47570","url_meta":{"origin":6114,"position":2},"title":"Sabbatella sobre la ley de medios: \u00abmuchos pa\u00edses miran a la Argentina como un ejemplo\u00bb","author":"GB","date":"07\/06\/2014","format":false,"excerpt":"El titular de la Autoridad Federal de Servicios de Comunicaci\u00f3n Audiovisual (Afsca) realiz\u00f3 esa observaci\u00f3n en la ciudad de C\u00f3rdoba y agreg\u00f3 que \"hoy est\u00e1n discutiendo poder tener una norma similar\u201d a la ley de medios que fue sancionada en octubre del 2009. La Ley 26552 de Servicios de Comunicaci\u00f3n\u2026","rel":"","context":"En \u00abMedios\u00bb","block_context":{"text":"Medios","link":"https:\/\/www.24baires.com\/?cat=54"},"img":{"alt_text":"sabbatella post fallo","src":"https:\/\/i0.wp.com\/www.24baires.com\/wp-content\/uploads\/2012\/12\/sabbatella-post-fallo.jpg?resize=350%2C200","width":350,"height":200,"srcset":"https:\/\/i0.wp.com\/www.24baires.com\/wp-content\/uploads\/2012\/12\/sabbatella-post-fallo.jpg?resize=350%2C200 1x, https:\/\/i0.wp.com\/www.24baires.com\/wp-content\/uploads\/2012\/12\/sabbatella-post-fallo.jpg?resize=525%2C300 1.5x"},"classes":[]},{"id":59027,"url":"https:\/\/www.24baires.com\/?p=59027","url_meta":{"origin":6114,"position":3},"title":"Uruguay ya tiene Ley de Medios","author":"Grupo Sierra","date":"22\/12\/2014","format":false,"excerpt":"Con 50 votos sobre 75 presentes el Congreso oriental aprob\u00f3 la norma que busca \"establecer la regulaci\u00f3n de la prestaci\u00f3n de servicios de radio, televisi\u00f3n y otros servicios de comunicaci\u00f3n audiovisual\". El Frente Amplio uruguayo impuso su mayor\u00eda en la C\u00e1mara de Diputados para convertir en ley el proyecto de\u2026","rel":"","context":"En \u00abInternacionales\u00bb","block_context":{"text":"Internacionales","link":"https:\/\/www.24baires.com\/?cat=73"},"img":{"alt_text":"uruguay-congreso","src":"https:\/\/i0.wp.com\/www.24baires.com\/wp-content\/uploads\/2014\/12\/uruguay-congreso.jpg?resize=350%2C200","width":350,"height":200,"srcset":"https:\/\/i0.wp.com\/www.24baires.com\/wp-content\/uploads\/2014\/12\/uruguay-congreso.jpg?resize=350%2C200 1x, https:\/\/i0.wp.com\/www.24baires.com\/wp-content\/uploads\/2014\/12\/uruguay-congreso.jpg?resize=525%2C300 1.5x"},"classes":[]},{"id":30934,"url":"https:\/\/www.24baires.com\/?p=30934","url_meta":{"origin":6114,"position":4},"title":"Ottaviano: \u00abLa informaci\u00f3n pertenece al p\u00fablico, no a la empresa ni al periodista\u00bb","author":"GB","date":"28\/08\/2013","format":false,"excerpt":"Cynthia Ottaviano, Defensora del P\u00fablico de Servicios de Comunicaci\u00f3n Audiovisual, habl\u00f3 ante la Corte Suprema de Justicia. La periodista dijo que \"la concentraci\u00f3n medi\u00e1tica conspira contra la democracia\", al participar como amicus independiente en la audiencia p\u00fablica convocada por el m\u00e1ximo tribunal para resolver la constitucionalidad de la ley de\u2026","rel":"","context":"En \u00abMedios\u00bb","block_context":{"text":"Medios","link":"https:\/\/www.24baires.com\/?cat=54"},"img":{"alt_text":"","src":"","width":0,"height":0},"classes":[]},{"id":35504,"url":"https:\/\/www.24baires.com\/?p=35504","url_meta":{"origin":6114,"position":5},"title":"Comienza en Mar del Plata el 3\u00ba Encuentro de Comunicaci\u00f3n Audiovisual","author":"AF","date":"21\/11\/2013","format":false,"excerpt":"El ministro de Planificaci\u00f3n Federal, Julio de Vido, encabezar\u00e1 en el Teatro del Hotel Provincial, la apertura del 3\u00ba Encuentro de Comunicaci\u00f3n Audiovisual, que se extender\u00e1 hasta el s\u00e1bado con la participaci\u00f3n de representantes del Estado y de la industria para debatir la circulaci\u00f3n de contenidos. La mesa de apertura\u2026","rel":"","context":"En \u00abMedios\u00bb","block_context":{"text":"Medios","link":"https:\/\/www.24baires.com\/?cat=54"},"img":{"alt_text":"eca","src":"https:\/\/i0.wp.com\/www.24baires.com\/wp-content\/uploads\/2013\/11\/eca.jpg?resize=350%2C200","width":350,"height":200},"classes":[]}],"jetpack_sharing_enabled":true,"jetpack_likes_enabled":true,"_links":{"self":[{"href":"https:\/\/www.24baires.com\/index.php?rest_route=\/wp\/v2\/posts\/6114","targetHints":{"allow":["GET"]}}],"collection":[{"href":"https:\/\/www.24baires.com\/index.php?rest_route=\/wp\/v2\/posts"}],"about":[{"href":"https:\/\/www.24baires.com\/index.php?rest_route=\/wp\/v2\/types\/post"}],"author":[{"embeddable":true,"href":"https:\/\/www.24baires.com\/index.php?rest_route=\/wp\/v2\/users\/4"}],"replies":[{"embeddable":true,"href":"https:\/\/www.24baires.com\/index.php?rest_route=%2Fwp%2Fv2%2Fcomments&post=6114"}],"version-history":[{"count":2,"href":"https:\/\/www.24baires.com\/index.php?rest_route=\/wp\/v2\/posts\/6114\/revisions"}],"predecessor-version":[{"id":6117,"href":"https:\/\/www.24baires.com\/index.php?rest_route=\/wp\/v2\/posts\/6114\/revisions\/6117"}],"wp:attachment":[{"href":"https:\/\/www.24baires.com\/index.php?rest_route=%2Fwp%2Fv2%2Fmedia&parent=6114"}],"wp:term":[{"taxonomy":"category","embeddable":true,"href":"https:\/\/www.24baires.com\/index.php?rest_route=%2Fwp%2Fv2%2Fcategories&post=6114"},{"taxonomy":"post_tag","embeddable":true,"href":"https:\/\/www.24baires.com\/index.php?rest_route=%2Fwp%2Fv2%2Ftags&post=6114"}],"curies":[{"name":"wp","href":"https:\/\/api.w.org\/{rel}","templated":true}]}}