{"id":6112,"date":"2012-11-20T10:40:11","date_gmt":"2012-11-20T13:40:11","guid":{"rendered":"http:\/\/www.24baires.com\/?p=6112"},"modified":"2012-11-20T12:14:50","modified_gmt":"2012-11-20T15:14:50","slug":"se-realizo-en-azul-la-3o-cabalgata-por-la-amistad-de-los-pueblos","status":"publish","type":"post","link":"https:\/\/www.24baires.com\/?p=6112","title":{"rendered":"Se realiz\u00f3 en Azul la 3\u00ba Cabalgata por la Amistad de los Pueblos"},"content":{"rendered":"<p>Esta iniciativa consiste en realizar una traves\u00eda a caballo y en carruaje de \u00e9poca para revalorizar nuestras ra\u00edces tradicionales. Partieron de Azul, Las Flores y Tapalqu\u00e9.<!--more--><\/p>\n<p>Durante el encuentro se realiz\u00f3 una traves\u00eda a caballo y en carruaje de \u00e9poca desde Azul, Las Flores y Tapalqu\u00e9 y luego se reunieron en la antigua pulper\u00eda de San Gervasio, localizada en la Estaci\u00f3n de Campod\u00f3nico (Partido de Tapalqu\u00e9).<\/p>\n<p>Esta propuesta trata de revivir y revalorizar nuestras ra\u00edces, evocando tradiciones y poniendo de manifiesto la cultura rural; tambi\u00e9n en esta ocasi\u00f3n se pudo compartir y disfrutar de comidas tradicionales y deleitarse con payadores, cantores y danzas tradicionales.<\/p>\n<p>A las delegaciones gauchas las acompa\u00f1aron, Gustavo Cocconi, intendente de Tapalqu\u00e9, el intendente interino del Partido de las Flores, y en  representaci\u00f3n del Partido de Azul, el secretario de Turismo, Eventos Y Fiestas Populares, Hern\u00e1n Bertellys. <\/p>\n","protected":false},"excerpt":{"rendered":"<p>Esta iniciativa consiste en realizar una traves\u00eda a caballo y en carruaje de \u00e9poca para revalorizar nuestras ra\u00edces tradicionales. Partieron de Azul, Las Flores y Tapalqu\u00e9.<\/p>\n","protected":false},"author":4,"featured_media":0,"comment_status":"open","ping_status":"open","sticky":false,"template":"","format":"standard","meta":{"_jetpack_newsletter_access":"","_jetpack_dont_email_post_to_subs":false,"_jetpack_newsletter_tier_id":0,"_jetpack_memberships_contains_paywalled_content":false,"_jetpack_memberships_contains_paid_content":false,"footnotes":""},"categories":[38],"tags":[],"class_list":["post-6112","post","type-post","status-publish","format-standard","hentry","category-locales"],"jetpack_featured_media_url":"","jetpack_shortlink":"https:\/\/wp.me\/p2JWE0-1AA","jetpack-related-posts":[{"id":47259,"url":"https:\/\/www.24baires.com\/?p=47259","url_meta":{"origin":6112,"position":0},"title":"Licitaron obras para las Rutas Provinciales 30, 51, 76 y 80","author":"AF","date":"03\/06\/2014","format":false,"excerpt":"Con un presupuesto oficial de casi 100 millones de pesos, el ministerio de Infraestructura bonaerense licit\u00f3 este lunes obras viales de rehabilitaci\u00f3n y mejoramiento para las rutas provinciales que atraviesan los partidos de Olavarr\u00eda, Gral. La Madrid, Azul, Rauch, Tapalqu\u00e9, Saladillo, Laprida y Gral. Alvear. En tanto, el titular de\u2026","rel":"","context":"En \u00abLocales\u00bb","block_context":{"text":"Locales","link":"https:\/\/www.24baires.com\/?cat=38"},"img":{"alt_text":"ruta partida","src":"https:\/\/i0.wp.com\/www.24baires.com\/wp-content\/uploads\/2012\/11\/ruta-50.jpg?resize=350%2C200","width":350,"height":200,"srcset":"https:\/\/i0.wp.com\/www.24baires.com\/wp-content\/uploads\/2012\/11\/ruta-50.jpg?resize=350%2C200 1x, https:\/\/i0.wp.com\/www.24baires.com\/wp-content\/uploads\/2012\/11\/ruta-50.jpg?resize=525%2C300 1.5x"},"classes":[]},{"id":4834,"url":"https:\/\/www.24baires.com\/?p=4834","url_meta":{"origin":6112,"position":1},"title":"En Tapalqu\u00e9 \u00abse vendi\u00f3 un cero kil\u00f3metro por d\u00eda\u00bb dijo el Intendente. Son 8000 habitantes.","author":"Grupo Sierra","date":"09\/11\/2012","format":false,"excerpt":"Tapalqu\u00e9 celebr\u00f3 el pasado 7 de noviembre su 149\u00b0 aniversario con un acto protocolar, desfile c\u00edvico y tradicionalista y un festival art\u00edstico. El intendente Gustavo Cocconi en su discurso hizo a alusi\u00f3n al crecimiento de la Regi\u00f3n y lanz\u00f3 un dato revelador: \"un solo concesionario de autom\u00f3viles vendi\u00f3 m\u00e1s de\u2026","rel":"","context":"En \u00abMunicipios\u00bb","block_context":{"text":"Municipios","link":"https:\/\/www.24baires.com\/?cat=44"},"img":{"alt_text":"","src":"https:\/\/i0.wp.com\/www.24baires.com\/wp-content\/uploads\/2012\/11\/107_1.jpg?resize=350%2C200","width":350,"height":200},"classes":[]},{"id":115914,"url":"https:\/\/www.24baires.com\/?p=115914","url_meta":{"origin":6112,"position":2},"title":"Dos municipios m\u00e1s confirmaron contagios de coronavirus: quedan 11 distritos sin casos","author":"AF","date":"11\/08\/2020","format":false,"excerpt":"En Tapalqu\u00e9 y General Alvear ninguna persona hab\u00eda resultado Covid-19 positivo hasta estas \u00faltimas horas cuando recibieron los resultados. General Alvear y Tapalqu\u00e9 dieron a conocer sus primeros casos de coronavirus, de esta manera s\u00f3lo 11 localidades bonaerenses permanecen sin contabilizar contagios. El intendente de Alvear, Ram\u00f3n Jos\u00e9 Capra, confirm\u00f3\u2026","rel":"","context":"En \u00abProvincia\u00bb","block_context":{"text":"Provincia","link":"https:\/\/www.24baires.com\/?cat=40"},"img":{"alt_text":"","src":"https:\/\/i0.wp.com\/www.24baires.com\/wp-content\/uploads\/2013\/06\/hospital-barbijo.png?resize=350%2C200","width":350,"height":200},"classes":[]},{"id":11616,"url":"https:\/\/www.24baires.com\/?p=11616","url_meta":{"origin":6112,"position":3},"title":"El Intendente de Olavarr\u00eda supervis\u00f3 los trabajos que se realizan en el arroyo Tapalqu\u00e9","author":"AF","date":"09\/01\/2013","format":false,"excerpt":"El intendente de Olavarr\u00eda, Jos\u00e9 Eseverri, reconoci\u00f3 el aporte de la provincia para ejecutar obras h\u00eddricas, al recorrer los trabajos que se desarrollan en el arroyo Tapalqu\u00e9, a la altura de la Ruta Nacional 226. El intendente de Olavarr\u00eda Jos\u00e9 Eseverri supervis\u00f3 el importante trabajo h\u00eddrico que realiza la Provincia\u2026","rel":"","context":"En \u00abLocales\u00bb","block_context":{"text":"Locales","link":"https:\/\/www.24baires.com\/?cat=38"},"img":{"alt_text":"Eseverri Olavarr\u00eda","src":"https:\/\/i0.wp.com\/www.24baires.com\/wp-content\/uploads\/2013\/01\/Eseverri-Olavarr%C3%ADa.jpg?resize=350%2C200","width":350,"height":200},"classes":[]},{"id":58758,"url":"https:\/\/www.24baires.com\/?p=58758","url_meta":{"origin":6112,"position":4},"title":"Tapalqu\u00e9: muri\u00f3 mientras hu\u00eda de la polic\u00eda el acusado de embarazar a su sobrina de 13 a\u00f1os","author":"AF","date":"17\/12\/2014","format":false,"excerpt":"Un hombre de 67 a\u00f1os, acusado de abusar sexualmente y embarazar a su sobrina, falleci\u00f3 cuando escapaba de la polic\u00eda al chocar el auto que conduc\u00eda contra un \u00e1rbol sobre la ruta provincial 51, a la altura del partido bonaerense de Tapalqu\u00e9, informaron hoy fuentes oficiales. Seg\u00fan indicaron, todo comenz\u00f3\u2026","rel":"","context":"En \u00abLocales\u00bb","block_context":{"text":"Locales","link":"https:\/\/www.24baires.com\/?cat=38"},"img":{"alt_text":"polic\u00eda cient\u00edfica","src":"https:\/\/i0.wp.com\/www.24baires.com\/wp-content\/uploads\/2014\/04\/polic%C3%ADa-cient%C3%ADfica.jpg?resize=350%2C200","width":350,"height":200,"srcset":"https:\/\/i0.wp.com\/www.24baires.com\/wp-content\/uploads\/2014\/04\/polic%C3%ADa-cient%C3%ADfica.jpg?resize=350%2C200 1x, https:\/\/i0.wp.com\/www.24baires.com\/wp-content\/uploads\/2014\/04\/polic%C3%ADa-cient%C3%ADfica.jpg?resize=525%2C300 1.5x"},"classes":[]},{"id":8339,"url":"https:\/\/www.24baires.com\/?p=8339","url_meta":{"origin":6112,"position":5},"title":"A\u00fan no identificaron el cad\u00e1ver encontrado en el arroyo Tapalqu\u00e9","author":"AF","date":"08\/12\/2012","format":false,"excerpt":"A poco m\u00e1s de tres d\u00edas del hallazgo del cuerpo, el cad\u00e1ver a\u00fan no pudo ser identificado. Para la fiscal del caso, una de las hip\u00f3tesis m\u00e1s fuertes es que se trate de una persona oriunda de otra localidad. El jueves se present\u00f3 una mujer buscando a un sobrino, pero\u2026","rel":"","context":"En \u00abPoliciales\u00bb","block_context":{"text":"Policiales","link":"https:\/\/www.24baires.com\/?cat=49"},"img":{"alt_text":"","src":"","width":0,"height":0},"classes":[]}],"jetpack_sharing_enabled":true,"jetpack_likes_enabled":true,"_links":{"self":[{"href":"https:\/\/www.24baires.com\/index.php?rest_route=\/wp\/v2\/posts\/6112","targetHints":{"allow":["GET"]}}],"collection":[{"href":"https:\/\/www.24baires.com\/index.php?rest_route=\/wp\/v2\/posts"}],"about":[{"href":"https:\/\/www.24baires.com\/index.php?rest_route=\/wp\/v2\/types\/post"}],"author":[{"embeddable":true,"href":"https:\/\/www.24baires.com\/index.php?rest_route=\/wp\/v2\/users\/4"}],"replies":[{"embeddable":true,"href":"https:\/\/www.24baires.com\/index.php?rest_route=%2Fwp%2Fv2%2Fcomments&post=6112"}],"version-history":[{"count":1,"href":"https:\/\/www.24baires.com\/index.php?rest_route=\/wp\/v2\/posts\/6112\/revisions"}],"predecessor-version":[{"id":6113,"href":"https:\/\/www.24baires.com\/index.php?rest_route=\/wp\/v2\/posts\/6112\/revisions\/6113"}],"wp:attachment":[{"href":"https:\/\/www.24baires.com\/index.php?rest_route=%2Fwp%2Fv2%2Fmedia&parent=6112"}],"wp:term":[{"taxonomy":"category","embeddable":true,"href":"https:\/\/www.24baires.com\/index.php?rest_route=%2Fwp%2Fv2%2Fcategories&post=6112"},{"taxonomy":"post_tag","embeddable":true,"href":"https:\/\/www.24baires.com\/index.php?rest_route=%2Fwp%2Fv2%2Ftags&post=6112"}],"curies":[{"name":"wp","href":"https:\/\/api.w.org\/{rel}","templated":true}]}}