{"id":6107,"date":"2012-11-20T10:30:58","date_gmt":"2012-11-20T13:30:58","guid":{"rendered":"http:\/\/www.24baires.com\/?p=6107"},"modified":"2012-11-20T12:11:15","modified_gmt":"2012-11-20T15:11:15","slug":"reunion-con-productores-agropecuarios-en-alberti","status":"publish","type":"post","link":"https:\/\/www.24baires.com\/?p=6107","title":{"rendered":"Reuni\u00f3n con productores agropecuarios en Alberti"},"content":{"rendered":"<p><img data-recalc-dims=\"1\" loading=\"lazy\" decoding=\"async\" class=\"alignleft size-full wp-image-6108\" title=\"campo inundado\" src=\"https:\/\/i0.wp.com\/www.24baires.com\/wp-content\/uploads\/2012\/11\/campo-inundado.jpg?resize=244%2C138\" alt=\"\" width=\"244\" height=\"138\" \/>El Gobierno Municipal de Alberti se reuni\u00f3 en varias oportunidades con Productores Rurales y propietarios de campos y localidades. Reuni\u00f3n con productores Agropecuarios en Alberti.<!--more--><\/p>\n<p>Luego del encuentro, se est\u00e1 elaborando la solicitud de la emergencia agropecuaria que fue elevada a la Comisi\u00f3n de Emergencia y Desastre Agropecuario (CEDABA) por los campos inundados de la zona, y que ya se encuentra avanzada y pr\u00f3xima a salir. Inclusive en algunos sectores se declarar\u00eda el desastre agropecuario.<\/p>\n<p>El estado de los caminos rurales, y el mantenimiento de los mismos despu\u00e9s de que varios de ellos fueran afectados por la lluvia ca\u00edda, tambi\u00e9n fue motivo de encuentro entre el Gobierno Municipal y productores rurales.<\/p>\n","protected":false},"excerpt":{"rendered":"<p>El Gobierno Municipal de Alberti se reuni\u00f3 en varias oportunidades con Productores Rurales y propietarios de campos y localidades. Reuni\u00f3n con productores Agropecuarios en Alberti.<\/p>\n","protected":false},"author":4,"featured_media":0,"comment_status":"open","ping_status":"open","sticky":false,"template":"","format":"standard","meta":{"_jetpack_newsletter_access":"","_jetpack_dont_email_post_to_subs":false,"_jetpack_newsletter_tier_id":0,"_jetpack_memberships_contains_paywalled_content":false,"_jetpack_memberships_contains_paid_content":false,"footnotes":""},"categories":[38],"tags":[],"class_list":["post-6107","post","type-post","status-publish","format-standard","hentry","category-locales"],"jetpack_featured_media_url":"","jetpack_shortlink":"https:\/\/wp.me\/p2JWE0-1Av","jetpack-related-posts":[{"id":49926,"url":"https:\/\/www.24baires.com\/?p=49926","url_meta":{"origin":6107,"position":0},"title":"Definir\u00e1n pedidos de emergencia para m\u00e1s de 15 distritos bonaerenses","author":"GB","date":"15\/07\/2014","format":false,"excerpt":"Por las intensas lluvias en los \u00faltimos d\u00edas, la Comisi\u00f3n de Emergencia y Desastre Agropecuario evaluar\u00e1 las solicitudes presentadas por varias comunas, entre ellas Alberti, General Las Heras y Bragado. Este martes el Gobierno bonaerense declarar\u00e1 la emergencia agropecuaria en los distritos m\u00e1s complicaciones por las intensas lluvias en el\u2026","rel":"","context":"En \u00abPol\u00edtica\u00bb","block_context":{"text":"Pol\u00edtica","link":"https:\/\/www.24baires.com\/?cat=51"},"img":{"alt_text":"imundacion","src":"https:\/\/i0.wp.com\/www.24baires.com\/wp-content\/uploads\/2014\/07\/imundacion.jpg?resize=350%2C200","width":350,"height":200,"srcset":"https:\/\/i0.wp.com\/www.24baires.com\/wp-content\/uploads\/2014\/07\/imundacion.jpg?resize=350%2C200 1x, https:\/\/i0.wp.com\/www.24baires.com\/wp-content\/uploads\/2014\/07\/imundacion.jpg?resize=525%2C300 1.5x"},"classes":[]},{"id":5731,"url":"https:\/\/www.24baires.com\/?p=5731","url_meta":{"origin":6107,"position":1},"title":"Piden que se efectivicen los beneficios de la emergencia agropecuaria por las inundaciones","author":"Grupo Sierra","date":"16\/11\/2012","format":false,"excerpt":"Tras la designaci\u00f3n de otros 16 distritos bonaerenses en situaci\u00f3n de emergencia o desastre agropecuario, la Confederaci\u00f3n de Asociaciones Rurales de Buenos Aires y La Pampa (Carbap) solicit\u00f3 que se efectivicen los beneficios para los productores afectados. En di\u00e1logo con InfoGEI, Ignacio Azcueta, delegado de Carbap ante la Comisi\u00f3n de\u2026","rel":"","context":"En \u00abProvincia\u00bb","block_context":{"text":"Provincia","link":"https:\/\/www.24baires.com\/?cat=40"},"img":{"alt_text":"","src":"","width":0,"height":0},"classes":[]},{"id":49997,"url":"https:\/\/www.24baires.com\/?p=49997","url_meta":{"origin":6107,"position":2},"title":"Declaran emergencia agropecuaria en otros 13 distritos","author":"AF","date":"16\/07\/2014","format":false,"excerpt":"Trece distritos bonaerenses fueron declarados en emergencia agropecuaria por las intensas lluvias acumuladas en las \u00faltimas semanas mientras se sigue con especial preocupaci\u00f3n la in\u00e9dita situaci\u00f3n que se registra en el sudoeste provincial, una regi\u00f3n castigada por la sequ\u00eda desde hace dos d\u00e9cadas y complicada ahora por el exceso h\u00eddrico.\u2026","rel":"","context":"En \u00abProvincia\u00bb","block_context":{"text":"Provincia","link":"https:\/\/www.24baires.com\/?cat=40"},"img":{"alt_text":"oeste bonaerense inundado","src":"https:\/\/i0.wp.com\/www.24baires.com\/wp-content\/uploads\/2012\/12\/oeste-bonaerense-inundado.jpg?resize=350%2C200","width":350,"height":200,"srcset":"https:\/\/i0.wp.com\/www.24baires.com\/wp-content\/uploads\/2012\/12\/oeste-bonaerense-inundado.jpg?resize=350%2C200 1x, https:\/\/i0.wp.com\/www.24baires.com\/wp-content\/uploads\/2012\/12\/oeste-bonaerense-inundado.jpg?resize=525%2C300 1.5x"},"classes":[]},{"id":100887,"url":"https:\/\/www.24baires.com\/?p=100887","url_meta":{"origin":6107,"position":3},"title":"Productores piden que Provincia convoque a la comisi\u00f3n de emergencias por la sequ\u00eda","author":"GB","date":"06\/03\/2018","format":false,"excerpt":"La Confederaci\u00f3n de Asociaciones Rurales de la Provincia de Buenos Aires y La Pampa (Carbap) reclam\u00f3 al Gobierno provincial que convoque a una reuni\u00f3n de la Comisi\u00f3n Provincial de Emergencia y Desastre Agropecuario (Cedaba) para evaluar las solicitudes presentadas por los productores afectados por la sequ\u00eda. \"Venimos reclamando que el\u2026","rel":"","context":"En \u00abProvincia\u00bb","block_context":{"text":"Provincia","link":"https:\/\/www.24baires.com\/?cat=40"},"img":{"alt_text":"","src":"https:\/\/i0.wp.com\/www.24baires.com\/wp-content\/uploads\/2018\/02\/campo-seco-300x200.jpeg?resize=350%2C200","width":350,"height":200},"classes":[]},{"id":57326,"url":"https:\/\/www.24baires.com\/?p=57326","url_meta":{"origin":6107,"position":4},"title":"Emergencia agropecuaria para 20 municipios de la Provincia","author":"GB","date":"18\/11\/2014","format":false,"excerpt":"El gobierno bonaerense decret\u00f3 la emergencia y desastre agropecuario para explotaciones rurales de 20 municipios afectadas por inundaciones, a la vez que ampli\u00f3 la declaraci\u00f3n a otros 39 distritos de la Provincia. Las declaraciones, publicadas en el Bolet\u00edn Oficial, fueron dispuestas a trav\u00e9s de los decretos 978 y 987 del\u2026","rel":"","context":"En \u00abProvincia\u00bb","block_context":{"text":"Provincia","link":"https:\/\/www.24baires.com\/?cat=40"},"img":{"alt_text":"","src":"","width":0,"height":0},"classes":[]},{"id":38998,"url":"https:\/\/www.24baires.com\/?p=38998","url_meta":{"origin":6107,"position":5},"title":"Solicitan estado de emergencia por sequ\u00eda en el Partido de Maip\u00fa","author":"Grupo Sierra","date":"22\/01\/2014","format":false,"excerpt":"Se desarroll\u00f3 hoy en el despacho del Intendente Municipal, An\u00edbal Rapallini, la reuni\u00f3n de la Comisi\u00f3n de Emergencias Agropecuarias de la unidad local donde requirieron, a pedido de la Asociaci\u00f3n Rural, el estatuto de emergencia y desastre por sequ\u00eda. El pedido fue sostenido por informes t\u00e9cnicos de la regi\u00f3n de\u2026","rel":"","context":"En \u00abLocales\u00bb","block_context":{"text":"Locales","link":"https:\/\/www.24baires.com\/?cat=38"},"img":{"alt_text":"","src":"","width":0,"height":0},"classes":[]}],"jetpack_sharing_enabled":true,"jetpack_likes_enabled":true,"_links":{"self":[{"href":"https:\/\/www.24baires.com\/index.php?rest_route=\/wp\/v2\/posts\/6107","targetHints":{"allow":["GET"]}}],"collection":[{"href":"https:\/\/www.24baires.com\/index.php?rest_route=\/wp\/v2\/posts"}],"about":[{"href":"https:\/\/www.24baires.com\/index.php?rest_route=\/wp\/v2\/types\/post"}],"author":[{"embeddable":true,"href":"https:\/\/www.24baires.com\/index.php?rest_route=\/wp\/v2\/users\/4"}],"replies":[{"embeddable":true,"href":"https:\/\/www.24baires.com\/index.php?rest_route=%2Fwp%2Fv2%2Fcomments&post=6107"}],"version-history":[{"count":2,"href":"https:\/\/www.24baires.com\/index.php?rest_route=\/wp\/v2\/posts\/6107\/revisions"}],"predecessor-version":[{"id":6110,"href":"https:\/\/www.24baires.com\/index.php?rest_route=\/wp\/v2\/posts\/6107\/revisions\/6110"}],"wp:attachment":[{"href":"https:\/\/www.24baires.com\/index.php?rest_route=%2Fwp%2Fv2%2Fmedia&parent=6107"}],"wp:term":[{"taxonomy":"category","embeddable":true,"href":"https:\/\/www.24baires.com\/index.php?rest_route=%2Fwp%2Fv2%2Fcategories&post=6107"},{"taxonomy":"post_tag","embeddable":true,"href":"https:\/\/www.24baires.com\/index.php?rest_route=%2Fwp%2Fv2%2Ftags&post=6107"}],"curies":[{"name":"wp","href":"https:\/\/api.w.org\/{rel}","templated":true}]}}