{"id":6105,"date":"2012-11-20T11:00:29","date_gmt":"2012-11-20T14:00:29","guid":{"rendered":"http:\/\/www.24baires.com\/?p=6105"},"modified":"2012-11-20T12:06:23","modified_gmt":"2012-11-20T15:06:23","slug":"jornada-de-emprendimientos-productivos-en-mercedes","status":"publish","type":"post","link":"https:\/\/www.24baires.com\/?p=6105","title":{"rendered":"Jornada de emprendimientos productivos en Mercedes"},"content":{"rendered":"<p>Se desarrollar\u00e1 el viernes 23 de noviembre a partir de las 14 en el Centro Cultural Teatro Argentino de Mercedes. Pertenece al Programa de Emprendedores del Grupo Bapro.<!--more--><\/p>\n<p>La capacitaci\u00f3n ense\u00f1ar\u00e1 c\u00f3mo llevar adelante un proyecto productivo, es libre y gratuita y no requiere de inscripci\u00f3n previa, estar\u00e1 orientada a j\u00f3venes emprendedores, alumnos de escuelas t\u00e9cnicas, industriales y agrarias, nocturnas, de adultos y  profesorados en formaci\u00f3n t\u00e9cnica.<\/p>\n<p>El curso proporciona herramientas concretas para desarrollar un emprendimiento, desde los aspectos legales y financieros como tambi\u00e9n desde el marketing y la comunicaci\u00f3n. <\/p>\n","protected":false},"excerpt":{"rendered":"<p>Se desarrollar\u00e1 el viernes 23 de noviembre a partir de las 14 en el Centro Cultural Teatro Argentino de Mercedes. Pertenece al Programa de Emprendedores del Grupo Bapro.<\/p>\n","protected":false},"author":4,"featured_media":0,"comment_status":"open","ping_status":"open","sticky":false,"template":"","format":"standard","meta":{"_jetpack_newsletter_access":"","_jetpack_dont_email_post_to_subs":false,"_jetpack_newsletter_tier_id":0,"_jetpack_memberships_contains_paywalled_content":false,"_jetpack_memberships_contains_paid_content":false,"footnotes":""},"categories":[38],"tags":[],"class_list":["post-6105","post","type-post","status-publish","format-standard","hentry","category-locales"],"jetpack_featured_media_url":"","jetpack_shortlink":"https:\/\/wp.me\/p2JWE0-1At","jetpack-related-posts":[{"id":253,"url":"https:\/\/www.24baires.com\/?p=253","url_meta":{"origin":6105,"position":0},"title":"Treinta municipios promover\u00e1n acciones de econom\u00eda social en la Provincia","author":"Grupo Sierra","date":"24\/09\/2012","format":false,"excerpt":"El ministerio de Desarrollo Social avanzar\u00e1 en lo que resta del a\u00f1o en la implementaci\u00f3n de acciones que promuevan procesos de econom\u00eda social y solidaria en 30 municipios, con el fin de lograr una mayor inclusi\u00f3n social a partir del trabajo y la gesti\u00f3n asociativa. Se Trata del Plan de\u2026","rel":"","context":"En \u00abEconom\u00eda\u00bb","block_context":{"text":"Econom\u00eda","link":"https:\/\/www.24baires.com\/?cat=45"},"img":{"alt_text":"","src":"https:\/\/i0.wp.com\/www.24baires.com\/wp-content\/uploads\/2012\/09\/ferre-martin.jpg?resize=350%2C200","width":350,"height":200,"srcset":"https:\/\/i0.wp.com\/www.24baires.com\/wp-content\/uploads\/2012\/09\/ferre-martin.jpg?resize=350%2C200 1x, https:\/\/i0.wp.com\/www.24baires.com\/wp-content\/uploads\/2012\/09\/ferre-martin.jpg?resize=525%2C300 1.5x"},"classes":[]},{"id":36725,"url":"https:\/\/www.24baires.com\/?p=36725","url_meta":{"origin":6105,"position":1},"title":"Capitanich destac\u00f3 \u00abla transformaci\u00f3n estructural\u00bb que gener\u00f3 la inversi\u00f3n publica","author":"GB","date":"12\/12\/2013","format":false,"excerpt":"El Jefe de Gabinete, Jorge Capitanich, junto a las ministras de Industria, D\u00e9bora Giorgi, y de Desarrollo Social, Alicia Kirchner, encabeza un acto en Casa de Gobierno en el que se entregar\u00e1n 60 millones de pesos en pr\u00e9stamos de honor a casi 1900 j\u00f3venes emprendedores de todo el pa\u00eds, de\u2026","rel":"","context":"En \u00abPol\u00edtica\u00bb","block_context":{"text":"Pol\u00edtica","link":"https:\/\/www.24baires.com\/?cat=51"},"img":{"alt_text":"Capitanich- AK","src":"https:\/\/i0.wp.com\/www.24baires.com\/wp-content\/uploads\/2013\/12\/Capitanich-AK.jpg?resize=350%2C200","width":350,"height":200,"srcset":"https:\/\/i0.wp.com\/www.24baires.com\/wp-content\/uploads\/2013\/12\/Capitanich-AK.jpg?resize=350%2C200 1x, https:\/\/i0.wp.com\/www.24baires.com\/wp-content\/uploads\/2013\/12\/Capitanich-AK.jpg?resize=525%2C300 1.5x"},"classes":[]},{"id":58287,"url":"https:\/\/www.24baires.com\/?p=58287","url_meta":{"origin":6105,"position":2},"title":"Alicia Kirchner consider\u00f3 que \u00abhay que aprender a trabajar en equipo\u00bb","author":"GB","date":"08\/12\/2014","format":false,"excerpt":"Lo afirm\u00f3 la ministra de Desarrollo Social al visitar antes de su apertura la Primera Feria de Emprendedores de la Econom\u00eda Social de R\u00edo Gallegos, donde recorri\u00f3 los diferentes puestos y se interioriz\u00f3 de los productos. En ese marco, la titular de la cartera social asegur\u00f3: \"Cuando uno se integra,\u2026","rel":"","context":"En \u00abPol\u00edtica\u00bb","block_context":{"text":"Pol\u00edtica","link":"https:\/\/www.24baires.com\/?cat=51"},"img":{"alt_text":"kirchner alicia","src":"https:\/\/i0.wp.com\/www.24baires.com\/wp-content\/uploads\/2012\/10\/kirchner-alicia.jpg?resize=350%2C200","width":350,"height":200,"srcset":"https:\/\/i0.wp.com\/www.24baires.com\/wp-content\/uploads\/2012\/10\/kirchner-alicia.jpg?resize=350%2C200 1x, https:\/\/i0.wp.com\/www.24baires.com\/wp-content\/uploads\/2012\/10\/kirchner-alicia.jpg?resize=525%2C300 1.5x"},"classes":[]},{"id":34659,"url":"https:\/\/www.24baires.com\/?p=34659","url_meta":{"origin":6105,"position":3},"title":"Realizar\u00e1n aportes a comunas que brinden microcr\u00e9ditos","author":"AF","date":"05\/11\/2013","format":false,"excerpt":"El ministerio de Desarrollo Social, a trav\u00e9s del programa Fuerza Solidaria, aprob\u00f3 financiamientos por casi 6 millones de pesos, para que una veintena de municipios de la Provincia act\u00faen como instituciones de microcr\u00e9ditos y apoyen con peque\u00f1os pr\u00e9stamos a los emprendedores locales. \u201cNuestro objetivo es llegar cada vez m\u00e1s a\u2026","rel":"","context":"En \u00abMunicipios\u00bb","block_context":{"text":"Municipios","link":"https:\/\/www.24baires.com\/?cat=44"},"img":{"alt_text":"","src":"","width":0,"height":0},"classes":[]},{"id":31390,"url":"https:\/\/www.24baires.com\/?p=31390","url_meta":{"origin":6105,"position":4},"title":"Presentaron en Mar del Plata el Ciclo de Formaci\u00f3n para Emprender UNIDEA","author":"AF","date":"06\/09\/2013","format":false,"excerpt":"Con la presencia del ministro de la Producci\u00f3n, Ciencia y Tecnolog\u00eda, se desarroll\u00f3 hoy en Mar del Plata un encuentro para \u201cconsolidar un sistema provincial de innovaci\u00f3n\u201d. En el marco de la experiencia Endeavor, acompa\u00f1ado por el intendente de general Pueyrred\u00f3n, Gustavo Pulti y el director de Turismo, Deporte y\u2026","rel":"","context":"En \u00abProvincia\u00bb","block_context":{"text":"Provincia","link":"https:\/\/www.24baires.com\/?cat=40"},"img":{"alt_text":"","src":"","width":0,"height":0},"classes":[]},{"id":31993,"url":"https:\/\/www.24baires.com\/?p=31993","url_meta":{"origin":6105,"position":5},"title":"Realizaron en Azul la 1\u00aa Expo de Mujeres empresarias","author":"AF","date":"17\/09\/2013","format":false,"excerpt":"El evento se realiz\u00f3 el pasado domingo y cont\u00f3 con m\u00e1s de 50 stands que dieron cuenta de las distintas actividades realizadas en la zona. Las emprendedoras exhibieron, entre otros productos, Objetos de dise\u00f1o, Salud y deporte, Artesan\u00edas, Moda, Decoraci\u00f3n Interior, Accesorios, Regaler\u00eda, Casa y Jard\u00edn, Cocina, Servicios para eventos\u2026","rel":"","context":"En \u00abLocales\u00bb","block_context":{"text":"Locales","link":"https:\/\/www.24baires.com\/?cat=38"},"img":{"alt_text":"expo mujeres olavarr\u00eda","src":"https:\/\/i0.wp.com\/www.24baires.com\/wp-content\/uploads\/2013\/09\/expo-mujeres-olavarr%C3%ADa.jpg?resize=350%2C200","width":350,"height":200,"srcset":"https:\/\/i0.wp.com\/www.24baires.com\/wp-content\/uploads\/2013\/09\/expo-mujeres-olavarr%C3%ADa.jpg?resize=350%2C200 1x, https:\/\/i0.wp.com\/www.24baires.com\/wp-content\/uploads\/2013\/09\/expo-mujeres-olavarr%C3%ADa.jpg?resize=525%2C300 1.5x"},"classes":[]}],"jetpack_sharing_enabled":true,"jetpack_likes_enabled":true,"_links":{"self":[{"href":"https:\/\/www.24baires.com\/index.php?rest_route=\/wp\/v2\/posts\/6105","targetHints":{"allow":["GET"]}}],"collection":[{"href":"https:\/\/www.24baires.com\/index.php?rest_route=\/wp\/v2\/posts"}],"about":[{"href":"https:\/\/www.24baires.com\/index.php?rest_route=\/wp\/v2\/types\/post"}],"author":[{"embeddable":true,"href":"https:\/\/www.24baires.com\/index.php?rest_route=\/wp\/v2\/users\/4"}],"replies":[{"embeddable":true,"href":"https:\/\/www.24baires.com\/index.php?rest_route=%2Fwp%2Fv2%2Fcomments&post=6105"}],"version-history":[{"count":1,"href":"https:\/\/www.24baires.com\/index.php?rest_route=\/wp\/v2\/posts\/6105\/revisions"}],"predecessor-version":[{"id":6106,"href":"https:\/\/www.24baires.com\/index.php?rest_route=\/wp\/v2\/posts\/6105\/revisions\/6106"}],"wp:attachment":[{"href":"https:\/\/www.24baires.com\/index.php?rest_route=%2Fwp%2Fv2%2Fmedia&parent=6105"}],"wp:term":[{"taxonomy":"category","embeddable":true,"href":"https:\/\/www.24baires.com\/index.php?rest_route=%2Fwp%2Fv2%2Fcategories&post=6105"},{"taxonomy":"post_tag","embeddable":true,"href":"https:\/\/www.24baires.com\/index.php?rest_route=%2Fwp%2Fv2%2Ftags&post=6105"}],"curies":[{"name":"wp","href":"https:\/\/api.w.org\/{rel}","templated":true}]}}