{"id":6102,"date":"2012-11-20T08:00:49","date_gmt":"2012-11-20T11:00:49","guid":{"rendered":"http:\/\/www.24baires.com\/?p=6102"},"modified":"2012-11-20T18:28:00","modified_gmt":"2012-11-20T21:28:00","slug":"la-cgt-de-moyano-y-la-cta-de-micheli-paran-por-24-horas","status":"publish","type":"post","link":"https:\/\/www.24baires.com\/?p=6102","title":{"rendered":"La CGT de Moyano y la CTA de Micheli paran por 24 horas"},"content":{"rendered":"<p><img data-recalc-dims=\"1\" loading=\"lazy\" decoding=\"async\" class=\"alignleft size-full wp-image-6103\" title=\"micheli moyano\" src=\"https:\/\/i0.wp.com\/www.24baires.com\/wp-content\/uploads\/2012\/11\/micheli-moyano.jpg?resize=200%2C111\" alt=\"\" width=\"200\" height=\"111\" \/>Apuestan a los cortes de calles y rutas para potenciar el alcance del paro. Pablo Micheli reconoci\u00f3 que intentar\u00e1n impedir que quienes quieran ir a trabajar puedan hacerlo. Barrionuevo anticip\u00f3 una nueva medida de fuerza de 36 horas.<!--more--><\/p>\n<p>La CGT de <strong>Hugo Moyano<\/strong> y la CTA de <strong>Pablo Micheli<\/strong>, m\u00e1s otros sectores de menor envergadura como la Federaci\u00f3n Agraria y la Corriente Clasista y Combativa y los gremios bajo el ala de Luis Barrionuevo, se enfrentar\u00e1n al desaf\u00edo de conseguir que el paro nacional convocado para hoy, el primero desde 2003, sea masivo, a pesar de que la mayor\u00eda de los sindicatos de transporte p\u00fablico no se pleg\u00f3 a la convocatoria. Habr\u00e1, seg\u00fan anunciaron los organizadores, m\u00e1s de 160 piquetes en todo el pa\u00eds, y m\u00e1s de 16 en el Conurbano. \u00abDe lo que se trata es que, quien tenga ganas de ir a trabajar, no vaya\u00bb, se sincer\u00f3 Micheli. La medida de fuerza apunta, entre otras demandas salariales, la modificaci\u00f3n del m\u00ednimo no imponible del Impuesto a las Ganancias y la eliminaci\u00f3n de los topes a las asignaciones familiares. \u00abVa a ser un paro fuerte\u00bb, pronostic\u00f3 el jefe de la CGT Azopardo. E insisti\u00f3 que la central que dirige no participar\u00e1 a pleno de la movilizaci\u00f3n propuesta por la CTA disidente, que s\u00f3lo lo har\u00e1n algunos sectores. \u00abYo prefiero dedicarme de lleno al paro y no a la movilizaci\u00f3n\u00bb, admiti\u00f3 Hugo Moyano.<\/p>\n<p>\u00abEs hora de que nos pongamos las pilas un poquito para que dejen de meternos la mano en el bolsillo\u00bb, areng\u00f3, a su vez, el secretario general de la Central de Trabajadores de la Argentina (CTA) disidente, Pablo Micheli, quien adem\u00e1s convoc\u00f3 hoy a marchar hacia la Plaza de Mayo. Y sostuvo que pese a la trama de cortes de ruta y calle quienes quieran ir a trabajar encontrar\u00e1n la manera. \u00abEl que quiere ir a trabajar a toda costa, m\u00e1s all\u00e1 de los piquetes, siempre encuentra la manera de hacerlo y de poder resolverlo\u00bb, sostuvo.<br \/>\nLa CTA, la CGT moyanista y otros sectores sindicales opositores al gobierno \u2013desde la CCC hasta la Federaci\u00f3n Agraria pasando por el Partido Obrero\u2013 convocaron a un paro de 24 horas para \u00abterminar con las d\u00e1divas y la caridad que pretende dar este gobierno\u00bb, por el anuncio de que no se descontar\u00e1 el Impuesto a las Ganancias al medio aguinaldo de diciembre. Los gremialistas, entre otras demandas salariales, piden la modificaci\u00f3n del Impuesto a las Ganancias para que se disminuyan los recortes al salario, y la eliminaci\u00f3n de los topes a las asignaciones familiares.<br \/>\nLos piquetes, que ser\u00e1n clave para el \u00e9xito o no del paro, estuvieron ayer en el centro del debate. Eduardo Buzzi, de Federaci\u00f3n Agraria, aclar\u00f3 que los ruralistas no impedir\u00e1n el tr\u00e1nsito de autos particulares sino s\u00f3lo de los camiones que trasladan producci\u00f3n agropecuaria. Pero Juan Carlos Alderete (de la Corriente Clasista Combativa) precis\u00f3 que \u00abse har\u00e1n piquetes en las puertas de algunas f\u00e1bricas desde muy temprano, a la medianoche, como el de la empresa de l\u00e1cteos de General Rodr\u00edguez, e inclusive se sumar\u00e1n varios gremios y comisiones internas cuyos sindicatos est\u00e1n enrolados con la CGT oficialista de Antonio Cal\u00f3. Por ejemplo, eso se va a dar en Mendoza, donde la seccional de la UOM adhiere al paro en forma activa, al igual que la UTA y la UOCRA\u00bb.<br \/>\nDesde el gobierno nacional salieron a aclarar que no responder\u00e1n a las provocaciones y que el gobierno \u00abno desalojar\u00e1\u00bb los piquetes. Y evaluaron que la intenci\u00f3n de los convocantes al paro es \u00abgenerar caos\u00bb.<br \/>\nPor su parte, el titular de la Asociaci\u00f3n Gremial de Trabajadores del Subte y el Premetro (AGTSyP), Roberto \u00abBeto\u00bb Pianelli, confirm\u00f3 el funcionamiento del subte y opin\u00f3 que \u00abhacer una huelga con piquetes no corresponde a esta situaci\u00f3n pol\u00edtica\u00bb.<br \/>\nEl moyanismo y el barrionuevismo responsabilizaron al gobierno nacional por \u00abcualquier disturbio\u00bb que pudiera ocurrir durante el paro. El titular del gremio rural UATRE, Ger\u00f3nimo \u00abMomo\u00bb Venegas, sostuvo que el secretario de Seguridad, Sergio Berni, \u00abdeber\u00eda ocuparse de la seguridad de los argentinos y no de los trabajadores que, con derecho, hacen un leg\u00edtimo reclamo\u00bb. \u00abEs incre\u00edble que este gobierno est\u00e9 lucrando a trav\u00e9s del sacrificio de los trabajadores porque todos los aumentos salariales que se lograron este a\u00f1o, en vez de ir al bolsillo de los trabajadores, fueron a las arcas del gobierno, porque si fuera al bolsillo de los trabajadores eso se hubiera transformado en consumo\u00bb, se quej\u00f3, adem\u00e1s, Venegas, quien dirige el gremio en el que existe el mayor grado de informalidad y donde existen los sueldos m\u00e1s bajos que no se ven alcanzado por el Impuesto a las Ganancias.<br \/>\nEl titular de la CGT Azul y Blanca, el Gastron\u00f3mico Luis Barrionuevo, avanz\u00f3 todav\u00eda m\u00e1s all\u00e1 de la jornada de huelga. Y amenaz\u00f3 al gobierno nacional con impulsar \u00abun paro de 36 horas con movilizaci\u00f3n\u00bb, en caso de que la Casa Rosada \u00abno d\u00e9 respuesta\u00bb a los reclamos que originaron la huelga convocada para hoy. \u00abSi el gobierno no tom\u00f3 nota de la multitud que hubo pac\u00edficamente en todo el pa\u00eds el 8 de noviembre y si no toma registro de esto, indudablemente estamos con una presidenta que es lo que sospechan todos: va para adelante, no le importa nada y hace lo que ella quiere\u00bb, enfatiz\u00f3 Barrionuevo.<br \/>\nLa medida de fuerza, por otra parte, contar\u00e1 con una adhesi\u00f3n, tal vez, inesperada: el flamante presidente de la Sociedad Rural Argentina, Luis Miguel Etchevehere, distribuy\u00f3 un parte de prensa con su apoyo. All\u00ed la poderosa entidad ruralista asegura que \u00ablos mismos problemas que est\u00e1n perjudicando hoy a los trabajadores tambi\u00e9n est\u00e1n afectando negativamente a los productores agropecuarios, que ven como la inflaci\u00f3n corroe todas sus actividades e impide la planificaci\u00f3n a largo plazo\u00bb.<\/p>\n<p><strong><br \/>\nReclamos encaminados<\/strong><br \/>\nLos principales gremios de transporte, servicios y de estatales encuadrados en la CGT que encabeza Antonio Cal\u00f3 no se sumar\u00e1n al paro nacional convocado para hoy por Hugo Moyano y Pablo Micheli.<br \/>\nAlrededor de 30 gremios decidieron no acompa\u00f1ar la medida impulsada por Moyano al considerar que \u00abse encuentran encaminadas las negociaciones con funcionarios del gobierno nacional por diferentes reclamos sindicales\u00bb, argument\u00f3 Cal\u00f3.<br \/>\nTambi\u00e9n aclar\u00f3 que \u00abun paro es una leg\u00edtima medida que pueden adoptar los trabajadores cuando no hay respuestas a los reclamos, pero en este caso no se justifica porque hay negociaciones y el gobierno nacional ha comenzado a dar soluciones con el tema de ganancias, con la deuda de las obras sociales y con los tratamientos de alta complejidad m\u00e9dica.\u00bb<br \/>\nEl titular del sindicato de peones de taxis, Omar Viviani, pidi\u00f3 \u00abapaciguar un poco los \u00e1nimos\u00bb y se\u00f1al\u00f3: \u00abConf\u00edo en la madurez de los dirigentes sindicales y algunos sectores de la vida pol\u00edtica que se suman al paro. Esperamos que no suceda nada, que no haya violencia y que no haya ning\u00fan trabajador lastimado porque quiera o no quiera trabajar.\u00bb<br \/>\nDe igual manera se manifestaron los secretarios de Acci\u00f3n Social y de Actas de la central obrera, Jos\u00e9 Luis Lingeri (SGBATOS) y Roberto Fern\u00e1ndez (UTA), quienes manifestaron su disconformidad con la medida de fuerza.<br \/>\n\u00abEstamos de acuerdo con los reclamos, pero entendemos que la medida de fuerza no tiene sustento porque hay conversaciones para encontrar soluciones\u00bb, manifest\u00f3 Fern\u00e1ndez.<br \/>\nEntre los gremios que integran la CGT y no adhieren al paro figuran la UOM, liderada por Cal\u00f3, los mec\u00e1nicos de Ricardo Pignanelli, UPCN que lidera Andr\u00e9s Rodr\u00edguez, UTA que encabeza Fern\u00e1ndez y los docentes privados. Tampoco parar\u00e1n los trabajadores de Sanidad, los mercantiles, legislativos, qu\u00edmicos, Luz y Fuerza, peones de Taxi y la Uni\u00f3n Ferroviaria.<\/p>\n","protected":false},"excerpt":{"rendered":"<p>Apuestan a los cortes de calles y rutas para potenciar el alcance del paro. Pablo Micheli reconoci\u00f3 que intentar\u00e1n impedir que quienes quieran ir a trabajar puedan hacerlo. Barrionuevo anticip\u00f3 una nueva medida de fuerza de 36 horas.<\/p>\n","protected":false},"author":4,"featured_media":0,"comment_status":"open","ping_status":"open","sticky":false,"template":"","format":"standard","meta":{"_jetpack_newsletter_access":"","_jetpack_dont_email_post_to_subs":false,"_jetpack_newsletter_tier_id":0,"_jetpack_memberships_contains_paywalled_content":false,"_jetpack_memberships_contains_paid_content":false,"footnotes":""},"categories":[1],"tags":[],"class_list":["post-6102","post","type-post","status-publish","format-standard","hentry","category-sociedad"],"jetpack_featured_media_url":"","jetpack_shortlink":"https:\/\/wp.me\/p2JWE0-1Aq","jetpack-related-posts":[{"id":43646,"url":"https:\/\/www.24baires.com\/?p=43646","url_meta":{"origin":6102,"position":0},"title":"Seg\u00fan Moyano, los piquetes no dificultaron el acceso de la gente a los lugares de trabajo","author":"GB","date":"10\/04\/2014","format":false,"excerpt":"El titular de la CGT Azopardo, Hugo Moyano, defendi\u00f3 hoy la medida de fuerza covocada junto a los dirigentes sindicales Luis Barrionuevo y Pablo Micheli, y neg\u00f3 que los piquetes en rutas y autopistas dificultaran el acceso de los ciudadanos a sus lugares de trabajo. La Izquierda se diferenci\u00f3 de\u2026","rel":"","context":"En \u00abPol\u00edtica\u00bb","block_context":{"text":"Pol\u00edtica","link":"https:\/\/www.24baires.com\/?cat=51"},"img":{"alt_text":"moyano","src":"https:\/\/i0.wp.com\/www.24baires.com\/wp-content\/uploads\/2014\/04\/moyano.jpg?resize=350%2C200","width":350,"height":200,"srcset":"https:\/\/i0.wp.com\/www.24baires.com\/wp-content\/uploads\/2014\/04\/moyano.jpg?resize=350%2C200 1x, https:\/\/i0.wp.com\/www.24baires.com\/wp-content\/uploads\/2014\/04\/moyano.jpg?resize=525%2C300 1.5x"},"classes":[]},{"id":58104,"url":"https:\/\/www.24baires.com\/?p=58104","url_meta":{"origin":6102,"position":1},"title":"Paro de Moyano, un cl\u00e1sico de fin de a\u00f1o","author":"Grupo Sierra","date":"03\/12\/2014","format":false,"excerpt":"El gremio que conduce Hugo Moyano anunci\u00f3 un paro nacional de 24 horas, al que adhirieron gremios de transporte. Piden \"la eliminaci\u00f3n o modificaci\u00f3n de al\u00edcuotas y escalas del impuesto a las ganancias\". Luego de dos horas y media de deliberaciones, la conducci\u00f3n de la CGT Azopardo anunci\u00f3 la protesta\u2026","rel":"","context":"En \u00abPol\u00edtica\u00bb","block_context":{"text":"Pol\u00edtica","link":"https:\/\/www.24baires.com\/?cat=51"},"img":{"alt_text":"moyano massa","src":"https:\/\/i0.wp.com\/www.24baires.com\/wp-content\/uploads\/2013\/08\/moyano-massa.jpg?resize=350%2C200","width":350,"height":200,"srcset":"https:\/\/i0.wp.com\/www.24baires.com\/wp-content\/uploads\/2013\/08\/moyano-massa.jpg?resize=350%2C200 1x, https:\/\/i0.wp.com\/www.24baires.com\/wp-content\/uploads\/2013\/08\/moyano-massa.jpg?resize=525%2C300 1.5x"},"classes":[]},{"id":7890,"url":"https:\/\/www.24baires.com\/?p=7890","url_meta":{"origin":6102,"position":2},"title":"Moyano y Micheli acordaron otra marcha para el 19 de diciembre","author":"Grupo Sierra","date":"04\/12\/2012","format":false,"excerpt":"La CGT-Azopardo, que conduce Hugo Moyano y la CTA liderada por Pablo Micheli anunciaron hoy una marcha a Plaza de Mayo que se realizar\u00e1 el 19 de diciembre a partir de las 17 horas. A la marcha se sumar\u00e1 la CGT Azul y Blanca que responde a Luis Barrionuevo, entre\u2026","rel":"","context":"En \u00abPol\u00edtica\u00bb","block_context":{"text":"Pol\u00edtica","link":"https:\/\/www.24baires.com\/?cat=51"},"img":{"alt_text":"","src":"https:\/\/i0.wp.com\/www.24baires.com\/wp-content\/uploads\/2012\/12\/micheli-moyano-300x225.jpg?resize=350%2C200","width":350,"height":200},"classes":[]},{"id":52178,"url":"https:\/\/www.24baires.com\/?p=52178","url_meta":{"origin":6102,"position":3},"title":"Moyano y Barrionuevo reaparecen en escena con el paro del 28","author":"Grupo Sierra","date":"20\/08\/2014","format":false,"excerpt":"Los l\u00edderes de la CGT opositora y de la CGT Azul y Blanca anunciaron hoy que la huelga general se realizar\u00e1 el pr\u00f3ximo jueves. El titular de la CGT opositora, Hugo Moyano, y el de la CGT Azul y Blanca, Luis Barrionuevo, confirmaron hoy que el pr\u00f3ximo paro general conjunto\u2026","rel":"","context":"En \u00abPol\u00edtica\u00bb","block_context":{"text":"Pol\u00edtica","link":"https:\/\/www.24baires.com\/?cat=51"},"img":{"alt_text":"asado moyano-barrionuevo","src":"https:\/\/i0.wp.com\/www.24baires.com\/wp-content\/uploads\/2014\/01\/asado-moyano-barrionuevo.jpg?resize=350%2C200","width":350,"height":200,"srcset":"https:\/\/i0.wp.com\/www.24baires.com\/wp-content\/uploads\/2014\/01\/asado-moyano-barrionuevo.jpg?resize=350%2C200 1x, https:\/\/i0.wp.com\/www.24baires.com\/wp-content\/uploads\/2014\/01\/asado-moyano-barrionuevo.jpg?resize=525%2C300 1.5x"},"classes":[]},{"id":9674,"url":"https:\/\/www.24baires.com\/?p=9674","url_meta":{"origin":6102,"position":4},"title":"Moyano, Micheli y opositores marchan a la Plaza","author":"AF","date":"19\/12\/2012","format":false,"excerpt":"La CGT moyanista, la CTA de Pablo Micheli y partidos opositores se movilizan este mi\u00e9rcoles a la Plaza de Mayo para exigir un aumento del m\u00ednimo no imponible, la universalizaci\u00f3n del salario familiar y el reparto de fondos de las obras sociales sindicales, entre otras demandas. La CGT-Azul y Blanca\u2026","rel":"","context":"En \u00abSociedad\u00bb","block_context":{"text":"Sociedad","link":"https:\/\/www.24baires.com\/?cat=1"},"img":{"alt_text":"","src":"","width":0,"height":0},"classes":[]},{"id":106187,"url":"https:\/\/www.24baires.com\/?p=106187","url_meta":{"origin":6102,"position":5},"title":"Camioneros y la CTA preparan medidas de fuerza contra los tarifazos","author":"GB","date":"03\/01\/2019","format":false,"excerpt":"Los gremios de los Moyano, Pablo Micheli y Hugo Yasky brindar\u00e1n una conferencia de prensa para anunciar la primera movilizaci\u00f3n del 2019. La CTA de los Trabajadores de Hugo Yasky, la CTA Aut\u00f3noma de Pablo Micheli y el sindicato de Camioneros de Hugo y Pablo Moyano brindar\u00e1n este jueves una\u2026","rel":"","context":"En \u00abPol\u00edtica\u00bb","block_context":{"text":"Pol\u00edtica","link":"https:\/\/www.24baires.com\/?cat=51"},"img":{"alt_text":"","src":"https:\/\/i0.wp.com\/www.24baires.com\/wp-content\/uploads\/2016\/11\/acto-cta.jpg?resize=350%2C200","width":350,"height":200,"srcset":"https:\/\/i0.wp.com\/www.24baires.com\/wp-content\/uploads\/2016\/11\/acto-cta.jpg?resize=350%2C200 1x, https:\/\/i0.wp.com\/www.24baires.com\/wp-content\/uploads\/2016\/11\/acto-cta.jpg?resize=525%2C300 1.5x"},"classes":[]}],"jetpack_sharing_enabled":true,"jetpack_likes_enabled":true,"_links":{"self":[{"href":"https:\/\/www.24baires.com\/index.php?rest_route=\/wp\/v2\/posts\/6102","targetHints":{"allow":["GET"]}}],"collection":[{"href":"https:\/\/www.24baires.com\/index.php?rest_route=\/wp\/v2\/posts"}],"about":[{"href":"https:\/\/www.24baires.com\/index.php?rest_route=\/wp\/v2\/types\/post"}],"author":[{"embeddable":true,"href":"https:\/\/www.24baires.com\/index.php?rest_route=\/wp\/v2\/users\/4"}],"replies":[{"embeddable":true,"href":"https:\/\/www.24baires.com\/index.php?rest_route=%2Fwp%2Fv2%2Fcomments&post=6102"}],"version-history":[{"count":2,"href":"https:\/\/www.24baires.com\/index.php?rest_route=\/wp\/v2\/posts\/6102\/revisions"}],"predecessor-version":[{"id":6155,"href":"https:\/\/www.24baires.com\/index.php?rest_route=\/wp\/v2\/posts\/6102\/revisions\/6155"}],"wp:attachment":[{"href":"https:\/\/www.24baires.com\/index.php?rest_route=%2Fwp%2Fv2%2Fmedia&parent=6102"}],"wp:term":[{"taxonomy":"category","embeddable":true,"href":"https:\/\/www.24baires.com\/index.php?rest_route=%2Fwp%2Fv2%2Fcategories&post=6102"},{"taxonomy":"post_tag","embeddable":true,"href":"https:\/\/www.24baires.com\/index.php?rest_route=%2Fwp%2Fv2%2Ftags&post=6102"}],"curies":[{"name":"wp","href":"https:\/\/api.w.org\/{rel}","templated":true}]}}