{"id":6096,"date":"2012-11-20T09:30:27","date_gmt":"2012-11-20T12:30:27","guid":{"rendered":"http:\/\/www.24baires.com\/?p=6096"},"modified":"2012-11-20T11:24:56","modified_gmt":"2012-11-20T14:24:56","slug":"caso-heit-por-la-intromision-de-moccero-sancionan-a-jefes-policiales","status":"publish","type":"post","link":"https:\/\/www.24baires.com\/?p=6096","title":{"rendered":"Caso Heit: por la intromisi\u00f3n de Moccero, sancionan a jefes policiales"},"content":{"rendered":"<p><img data-recalc-dims=\"1\" loading=\"lazy\" decoding=\"async\" class=\"alignleft size-medium wp-image-6097\" title=\"heit\" src=\"https:\/\/i0.wp.com\/www.24baires.com\/wp-content\/uploads\/2012\/11\/heit2.jpg?resize=300%2C219\" alt=\"\" width=\"300\" height=\"219\" srcset=\"https:\/\/i0.wp.com\/www.24baires.com\/wp-content\/uploads\/2012\/11\/heit2.jpg?resize=300%2C219&amp;ssl=1 300w, https:\/\/i0.wp.com\/www.24baires.com\/wp-content\/uploads\/2012\/11\/heit2.jpg?w=560&amp;ssl=1 560w\" sizes=\"auto, (max-width: 300px) 100vw, 300px\" \/><br \/>\nLa fiscal Claudia Lorenzo solicit\u00f3 formalmente sanciones para las m\u00e1ximas autoridades policiales que intervinieron en el Caso Heit de <strong>Coronel Su\u00e1rez<\/strong>. La medida es consecuencia directa de las filtraciones y la manipulaci\u00f3n de pruebas evidenciadas por parte del intendente Ricardo Moccero. <!--more--><\/p>\n<p>En la Justicia bahiense caus\u00f3 disgusto y malestar que informaci\u00f3n sensible de la investigaci\u00f3n fuera ventilada por el jefe comunal ante las c\u00e1maras de TV. Es por ese accionar que ahora se responsabiliza directamente a la c\u00fapula policial.<\/p>\n<p>El pedido de la fiscal fue elevado a \u00faltima hora de este lunes ante la jueza de Garant\u00edas Gilda Stemphelet, quien deber\u00e1 determinar qu\u00e9 tipo de sanciones le aplicar\u00e1 a los uniformados que no frenaron el deliberado accionar de Moccero y, tambi\u00e9n, de algunos medios de comunicaci\u00f3n.<\/p>\n<p>Lorenzo apunt\u00f3 principalmente contra el comisario Rub\u00e9n Fern\u00e1ndez -titular de la Polic\u00eda Comunal- y contra el subcomisario de la DDI suarense Ricardo Fransen.<\/p>\n<p>\u201cSe quebrant\u00f3 la obligaci\u00f3n de cuidado, vigilancia y custodia por parte de las autoridades policiales sobre las pruebas y el lugar de los hechos\u201d, escribi\u00f3 la fiscal en su petitorio. Y solicit\u00f3 que se castigue a \u00abquien corresponda por esas graves faltas\u00bb.<\/p>\n<p>Algunas de las tantas intromisiones del intendente Ricardo Moccero, y que la polic\u00eda debi\u00f3 impedir, fueron las siguientes:<\/p>\n<p>&#8211; Interrog\u00f3 a Sonia Molina en la cama del hospital.<\/p>\n<p>&#8211; Difundi\u00f3 c\u00f3mo y d\u00f3nde se hab\u00eda encontrado una bolsa perteneciente a la v\u00edctima y cu\u00e1l era su contenido.<\/p>\n<p>&#8211; Brind\u00f3 detalles de una prueba clave, como lo son los videos grabados con un celular de la periodista. \u201cHeit filmaba cuando violaban a Molina, cuando la agarraban de los pelos y la tiraban contra la pared\u201d, cont\u00f3 el jefe comunal en rueda de prensa.<\/p>\n<p>&#8211; Revel\u00f3 la recolecci\u00f3n de otra evidencia importante: la carta suicida. No s\u00f3lo dio a conocer su existencia sino que inform\u00f3 sobre su contenido. Y adem\u00e1s, seg\u00fan admiti\u00f3 p\u00fablicamente Moccero, \u00e9l mismo le pregunt\u00f3 a la v\u00edctima si hab\u00eda sido la autora de la carta.<\/p>\n<p>&#8211; Seg\u00fan consignan el diario Cr\u00f3nica y varios periodistas de Su\u00e1rez, el Intendente ingres\u00f3 a la casa y film\u00f3 el cuarto donde hab\u00eda estado Molina.<\/p>\n<p>&#8211; El mismo matutino porte\u00f1o sostiene que fue el Intendente qui\u00e9n le permiti\u00f3 a un canal de televisi\u00f3n capitalino ingresar a la vivienda de Gran Bourg 1823 para que tomara im\u00e1genes que se vieron en todo el pa\u00eds. La casa debi\u00f3 estar custodiada.<\/p>\n<p>&#8211; Pablo, hermano de la periodista presa, se pregunt\u00f3 \u00bfqu\u00e9 sabemos nosotros sobre lo que pudo haber hecho Moccero dentro de la vivienda? Esa actitud es llamativa, algo hay detr\u00e1s de todo eso\u201d.<\/p>\n<p>&#8211; Hizo gestiones -supuestamente por pedido de familiares- para trasladar a la v\u00edctima a R\u00edo Colorado pero cuando la fiscal Lorenzo se enter\u00f3 de la maniobra lo desautoriz\u00f3.<\/p>\n<p>&#8211; El lunes, tras el allanamiento a la vivienda de Heit y Olivera, el jefe de polic\u00eda le pregunt\u00f3 a Moccero sobre los pasos a seguir en la investigaci\u00f3n. \u201cA las 10 de la noche me comuniqu\u00e9 con Casal y \u00e9l me dijo que hablar\u00eda con la fiscal para sacar las detenciones\u201d, confes\u00f3 el Intendente.<\/p>\n<p>Los mencionados son s\u00f3lo algunos de los hechos protagonizados por el Intendente y que demuestran una indebida intromisi\u00f3n del poder pol\u00edtico de Su\u00e1rez en la causa.<\/p>\n<p>\u201cNosotros no podemos sancionar a Moccero por exponer p\u00fablicamente cuestiones reservadas de la causa o por entrevistarse con la v\u00edctima, pero s\u00ed podemos sancionar a quienes debieron resguardar la prueba y limitar el acceso del Intendente y otras personas a los lugares reservados\u201d, indic\u00f3 una alta fuente judicial.<\/p>\n","protected":false},"excerpt":{"rendered":"<p>La fiscal Claudia Lorenzo solicit\u00f3 formalmente sanciones para las m\u00e1ximas autoridades policiales que intervinieron en el Caso Heit de Coronel Su\u00e1rez. La medida es consecuencia directa de las filtraciones y la manipulaci\u00f3n de pruebas evidenciadas por parte del intendente Ricardo Moccero.<\/p>\n","protected":false},"author":4,"featured_media":0,"comment_status":"open","ping_status":"open","sticky":false,"template":"","format":"standard","meta":{"_jetpack_newsletter_access":"","_jetpack_dont_email_post_to_subs":false,"_jetpack_newsletter_tier_id":0,"_jetpack_memberships_contains_paywalled_content":false,"_jetpack_memberships_contains_paid_content":false,"footnotes":""},"categories":[38],"tags":[],"class_list":["post-6096","post","type-post","status-publish","format-standard","hentry","category-locales"],"jetpack_featured_media_url":"","jetpack_shortlink":"https:\/\/wp.me\/p2JWE0-1Ak","jetpack-related-posts":[{"id":5978,"url":"https:\/\/www.24baires.com\/?p=5978","url_meta":{"origin":6096,"position":0},"title":"Caso Heit: Moccero neg\u00f3 haber manipulado pruebas y denunci\u00f3 campa\u00f1a en su contra","author":"AF","date":"19\/11\/2012","format":false,"excerpt":"El intendente de Coronel Su\u00e1rez, Ricardo Moccero, sali\u00f3 a brindar explicaciones y dijo que nunca interfiri\u00f3 en la investigaci\u00f3n del Caso Heit y desliz\u00f3 que se tratar\u00eda de un complot del Grupo Clar\u00edn para desprestigiarlo. M\u00e1s all\u00e1 de los argumentos defensistas del jefe comunal, La Br\u00fajula 24 ratifica la informaci\u00f3n\u2026","rel":"","context":"En \u00abMunicipios\u00bb","block_context":{"text":"Municipios","link":"https:\/\/www.24baires.com\/?cat=44"},"img":{"alt_text":"","src":"","width":0,"height":0},"classes":[]},{"id":5873,"url":"https:\/\/www.24baires.com\/?p=5873","url_meta":{"origin":6096,"position":1},"title":"Caso Heit: el intendente de Su\u00e1rez podr\u00eda ser investigado por &#8216;manipulaci\u00f3n&#8217; de pruebas","author":"AF","date":"18\/11\/2012","format":false,"excerpt":"El Intendente de Coronel Su\u00e1rez, Ricardo Moccero, podr\u00eda ser investigado por la Justicia bahiense por haber manipulado evidencia importante del caso policial que conmocion\u00f3 a todo el pa\u00eds la \u00faltima semana. Fuentes judiciales calificaron de \u201clamentable y vergonzosa\u201d la actuaci\u00f3n de Ricardo Moccero en relaci\u00f3n a la detenci\u00f3n de Jes\u00fas\u2026","rel":"","context":"En \u00abLocales\u00bb","block_context":{"text":"Locales","link":"https:\/\/www.24baires.com\/?cat=38"},"img":{"alt_text":"","src":"https:\/\/i0.wp.com\/www.24baires.com\/wp-content\/uploads\/2012\/11\/heit1-300x219.jpg?resize=350%2C200","width":350,"height":200},"classes":[]},{"id":42638,"url":"https:\/\/www.24baires.com\/?p=42638","url_meta":{"origin":6096,"position":2},"title":"Heit dijo que investigaba al intendente de Coronel Su\u00e1rez cuando la arrestaron","author":"Grupo Sierra","date":"23\/03\/2014","format":false,"excerpt":"Desde la c\u00e1rcel de Villa Floresta, la periodista Estefan\u00eda Heit, acusada de secuestrar junto a su pareja, el pastor Jes\u00fas Olivera, a Sonia Marisol Molina en Coronel Su\u00e1rez, habl\u00f3 sobre una supuesta investigaci\u00f3n de narcotr\u00e1fico que inclu\u00eda al intendente Moccero. La periodista Estefan\u00eda Heit declar\u00f3 que al momento de su\u2026","rel":"","context":"En \u00abPoliciales\u00bb","block_context":{"text":"Policiales","link":"https:\/\/www.24baires.com\/?cat=49"},"img":{"alt_text":"heit presa","src":"https:\/\/i0.wp.com\/www.24baires.com\/wp-content\/uploads\/2013\/01\/heit-presa.jpg?resize=350%2C200","width":350,"height":200},"classes":[]},{"id":5280,"url":"https:\/\/www.24baires.com\/?p=5280","url_meta":{"origin":6096,"position":3},"title":"La periodista de Cablevisi\u00f3n acusada de abuso dijo que era \u00abamiga de la v\u00edctima\u00bb","author":"Grupo Sierra","date":"13\/11\/2012","format":false,"excerpt":"CORONEL SUAREZ - La periodista Estefan\u00eda Heit, acusada junto a su pareja de haber secuestrado, golpeado y abusado sexualmente de una mujer durante m\u00e1s de tres meses en Coronel Su\u00e1rez, neg\u00f3 las imputaciones. En el marco de la investigaci\u00f3n, se encontraba pr\u00f3fugo el esposo de la acusada, imputado de los\u2026","rel":"","context":"En \u00abPoliciales\u00bb","block_context":{"text":"Policiales","link":"https:\/\/www.24baires.com\/?cat=49"},"img":{"alt_text":"","src":"","width":0,"height":0},"classes":[]},{"id":5429,"url":"https:\/\/www.24baires.com\/?p=5429","url_meta":{"origin":6096,"position":4},"title":"Dispusieron la detenci\u00f3n formal de la periodista de Cablevisi\u00f3n y su esposo","author":"Grupo Sierra","date":"14\/11\/2012","format":false,"excerpt":"CORONEL SU\u00c1REZ - La Justicia de Garant\u00edas de Bah\u00eda Blanca dispuso la detenci\u00f3n formal de la periodista Estefan\u00eda Heit y su esposo Jes\u00fas Olivera, acusados de secuestrar, torturar y abusar sexualmente durante tres meses a una mujer en su casa de la localidad bonaerense de Coronel Su\u00e1rez. Fuentes judiciales informaron\u2026","rel":"","context":"En \u00abPoliciales\u00bb","block_context":{"text":"Policiales","link":"https:\/\/www.24baires.com\/?cat=49"},"img":{"alt_text":"","src":"https:\/\/i0.wp.com\/www.24baires.com\/wp-content\/uploads\/2012\/11\/heit-300x219.jpg?resize=350%2C200","width":350,"height":200},"classes":[]},{"id":29008,"url":"https:\/\/www.24baires.com\/?p=29008","url_meta":{"origin":6096,"position":5},"title":"Distribuyen en Coronel Su\u00e1rez &#8216;botones antip\u00e1nico o alerta temprana&#8217;","author":"AF","date":"27\/07\/2013","format":false,"excerpt":"Hoy s\u00e1bado 27 de julio, a a partir de las 10 horas, en el Centro de Monitoreo de Coronel Su\u00e1rez, el intendente Ricardo Moccero, encabezar\u00e1 el acto de presentaci\u00f3n del sistema de \u201cbotones antip\u00e1nico o alerta temprana\u201d que se pondr\u00e1n en marcha en el distrito. Bajo el nuevo sistema se\u2026","rel":"","context":"En \u00abLocales\u00bb","block_context":{"text":"Locales","link":"https:\/\/www.24baires.com\/?cat=38"},"img":{"alt_text":"","src":"","width":0,"height":0},"classes":[]}],"jetpack_sharing_enabled":true,"jetpack_likes_enabled":true,"_links":{"self":[{"href":"https:\/\/www.24baires.com\/index.php?rest_route=\/wp\/v2\/posts\/6096","targetHints":{"allow":["GET"]}}],"collection":[{"href":"https:\/\/www.24baires.com\/index.php?rest_route=\/wp\/v2\/posts"}],"about":[{"href":"https:\/\/www.24baires.com\/index.php?rest_route=\/wp\/v2\/types\/post"}],"author":[{"embeddable":true,"href":"https:\/\/www.24baires.com\/index.php?rest_route=\/wp\/v2\/users\/4"}],"replies":[{"embeddable":true,"href":"https:\/\/www.24baires.com\/index.php?rest_route=%2Fwp%2Fv2%2Fcomments&post=6096"}],"version-history":[{"count":2,"href":"https:\/\/www.24baires.com\/index.php?rest_route=\/wp\/v2\/posts\/6096\/revisions"}],"predecessor-version":[{"id":6099,"href":"https:\/\/www.24baires.com\/index.php?rest_route=\/wp\/v2\/posts\/6096\/revisions\/6099"}],"wp:attachment":[{"href":"https:\/\/www.24baires.com\/index.php?rest_route=%2Fwp%2Fv2%2Fmedia&parent=6096"}],"wp:term":[{"taxonomy":"category","embeddable":true,"href":"https:\/\/www.24baires.com\/index.php?rest_route=%2Fwp%2Fv2%2Fcategories&post=6096"},{"taxonomy":"post_tag","embeddable":true,"href":"https:\/\/www.24baires.com\/index.php?rest_route=%2Fwp%2Fv2%2Ftags&post=6096"}],"curies":[{"name":"wp","href":"https:\/\/api.w.org\/{rel}","templated":true}]}}