{"id":60956,"date":"2015-01-29T17:00:49","date_gmt":"2015-01-29T20:00:49","guid":{"rendered":"http:\/\/www.24baires.com\/?p=60956"},"modified":"2015-01-29T16:25:41","modified_gmt":"2015-01-29T19:25:41","slug":"las-hipotesis-ficcionales-y-la-realidad","status":"publish","type":"post","link":"https:\/\/www.24baires.com\/?p=60956","title":{"rendered":"Las hip\u00f3tesis ficcionales y la realidad"},"content":{"rendered":"<p><img data-recalc-dims=\"1\" loading=\"lazy\" decoding=\"async\" class=\"aligncenter size-full wp-image-60888\" src=\"https:\/\/i0.wp.com\/www.24baires.com\/wp-content\/uploads\/2015\/01\/lagomarsino-11.jpg?resize=560%2C313\" alt=\"lagomarsino 1\" width=\"560\" height=\"313\" srcset=\"https:\/\/i0.wp.com\/www.24baires.com\/wp-content\/uploads\/2015\/01\/lagomarsino-11.jpg?w=560&amp;ssl=1 560w, https:\/\/i0.wp.com\/www.24baires.com\/wp-content\/uploads\/2015\/01\/lagomarsino-11.jpg?resize=300%2C168&amp;ssl=1 300w\" sizes=\"auto, (max-width: 560px) 100vw, 560px\" \/>No s\u00e9 qu\u00e9 les ocurrir\u00e1 a otros escritores, pero imagino que a muchos les han dicho por estos d\u00edas cosas como \u201cSeguro todo esto te da un mont\u00f3n de ideas para un policial\u201d, o similares. Lo cierto es que, personalmente, prefiero mis propias ideas, por simples o malas que resulten, porque es as\u00ed como me siento c\u00f3moda, aunque a veces sean ideas inc\u00f3modas. Suena extra\u00f1o pero seguro se entiende. <!--more--><\/p>\n<p>Es com\u00fan que algunos conocidos m\u00e1s o menos cercanos te digan alguna vez que tienen una historia genial para que la escribas y quiz\u00e1, en alg\u00fan momento la utilices en algo, porque la ficci\u00f3n puede ser moldeada a nuestro parecer, podemos amasarla a voluntad, recortarla, tusarla sin piedad o inflarla como un globo. Y la realidad es otra cosa. Debe ser otra cosa. Podemos ficcionalizar hechos reales, naturalmente, pero no podemos hacer de la ficci\u00f3n la realidad acomodaticia que necesitamos que exista. Porque eso no es otra cosa que mentir.<br \/>\nSer\u00eda como el trabajo del anti escritor: trastocar los hechos pretendi\u00e9ndolos reales. Y los escritores no hacemos eso, todo lo contrario. Hay periodistas que s\u00ed lo hacen, lastimando mucho la profesi\u00f3n que practican. Para ejemplificar esto, vamos a seleccionar brevemente y con torpeza algunas de las hip\u00f3tesis que se nos han presentado estos d\u00edas como si estuvi\u00e9ramos leyendo una novela policial.<\/p>\n<p>La hip\u00f3tesis del acusado inocente:<\/p>\n<p>Ayer pudimos ver un montaje berreta, una obra de marionetas mal montada, donde los hilos se ve\u00edan con claridad hasta para los miopes. Una conferencia de prensa aparatosa que lo \u00fanico que logr\u00f3 fue hundirnos un poco m\u00e1s en las dudas. Y despu\u00e9s debimos padecer las lecturas medi\u00e1ticas de la rara historia que nos contaron Lagomarsino y Rusconi, su abogado, ese que ya defendi\u00f3 a Menem.<br \/>\nInsistieron en el terrible momento que est\u00e1 pasando Diego, donde actu\u00f3 de buena fe al entregar un arma al fiscal. Donde s\u00f3lo quiso ayudarlo cuando \u00e9ste se lo solicit\u00f3.<\/p>\n<p>La hip\u00f3tesis del asesino o c\u00f3mplice de asesinato:<\/p>\n<p>Qu\u00e9 sent\u00ed yo al ver a ese asesor inform\u00e1tico en la tele es irrelevante, no aportar\u00eda nada a la causa de la muerte de Nisman, esa que queremos fervientemente que se resuelva. No creo que sumen mis apreciaciones de sus dichos y gestos pero puedo permitirme decir que lo \u00fanico que logr\u00e9 al verlo es confundirme m\u00e1s: la insistencia en algunos puntos, como remarcar la cantidad de resaltadotes amarillos que vio sobre la mesa cuando entr\u00f3 en el departamento o c\u00f3mo tuvo que hacerse el caf\u00e9 solito, fueron datos que me llamaron poderosamente la atenci\u00f3n.<br \/>\nEs impresionante la memoria que tiene Lagomarsino para recordar cada cosa dicha por tel\u00e9fono y en persona esa d\u00eda y cada movimiento, personas con las que se cruz\u00f3 al llegar a Le Parc y cosas que hizo y vio en la casa de Nisman. Su facilidad para rememorar todo es llamativa, as\u00ed como la endeble forma en que expuso su participaci\u00f3n m\u00e1s que necesaria en la muerte de la que todos hablamos. Si bien los detalles deben ser significativos, imagino que m\u00e1s importante es saber por qu\u00e9 quiso sacar de urgencia el pasaporte despu\u00e9s de la muerte del fiscal, o por qu\u00e9 le prest\u00f3 un arma \u201cvieja que fallaba\u201d a quien \u00e9l le arreglaba la computadora y ten\u00eda muchas formas de conseguir una por otros medios, pero hay que prestar atenci\u00f3n a todo.<\/p>\n<p>La hip\u00f3tesis del esp\u00eda desenmascarado:<\/p>\n<p>Mientras sigue la investigaci\u00f3n, vamos sabiendo cosas que s\u00f3lo incrementan los supuestos y magnifican las dudas. Como, por ejemplo, la afirmaci\u00f3n de Jos\u00e9 Iglesias, padre de una v\u00edctima de Croma\u00f1\u00f3n, de que Lagomarsino dijo ser fot\u00f3grafo en 2005 y entr\u00f3 a su casa para retratar la habitaci\u00f3n de su difunto hijo y que luego lo acompa\u00f1\u00f3 a reuniones y sigui\u00f3 sacando fotos. Que luego lo encontr\u00f3 en la calle y el t\u00e9cnico inform\u00e1tico cruz\u00f3 de vereda. \u201cMi mujer (que es fot\u00f3grafa) se dio cuenta que necesitaba flash y no lo us\u00f3 y ah\u00ed empezamos a dudar de \u00e9l\u201d, afirma Iglesias, quien se present\u00f3 a declarar en la fiscal\u00eda para relatar estos hechos.<\/p>\n<p>\u00bfSon estos condimentos interesantes para una historia de ficci\u00f3n? Si, claro, son bastante comunes de hecho, y en las grandes plumas del g\u00e9nero policial hemos le\u00eddo historias mejores. Pero esto sirve para entender c\u00f3mo todo puede variar de acuerdo a la perspectiva desde donde se lo mire y desde d\u00f3nde nos informemos y qu\u00e9 filtros coloquemos a esas noticias.<br \/>\nAunque insistan en lo contrario y se esfuercen con ah\u00ednco en las tapas de los diarios, por ahora elijo creer que la realidad no superar\u00e1 a la imaginaci\u00f3n, aunque, como dijo el grandioso Stephen King: \u201cA veces la vida escupe coincidencias que ning\u00fan escritor de ficci\u00f3n se atrever\u00eda a copiar\u201d.<\/p>\n<p>&nbsp;<\/p>\n<p>&nbsp;<\/p>\n<p>&nbsp;<\/p>\n<p>&nbsp;<\/p>\n<p>&nbsp;<\/p>\n<p>&nbsp;<\/p>\n<p>&nbsp;<\/p>\n<p>&nbsp;<\/p>\n<p>&nbsp;<\/p>\n<p>&nbsp;<\/p>\n<p>&nbsp;<\/p>\n","protected":false},"excerpt":{"rendered":"<p>No s\u00e9 qu\u00e9 les ocurrir\u00e1 a otros escritores, pero imagino que a muchos les han dicho por estos d\u00edas cosas como \u201cSeguro todo esto te da un mont\u00f3n de ideas para un policial\u201d, o similares. Lo cierto es que, personalmente, prefiero mis propias ideas, por simples o malas que resulten, porque es as\u00ed como me siento c\u00f3moda, aunque a veces [&#8230;]<\/p>\n","protected":false},"author":8,"featured_media":0,"comment_status":"open","ping_status":"open","sticky":false,"template":"","format":"standard","meta":{"_jetpack_newsletter_access":"","_jetpack_dont_email_post_to_subs":false,"_jetpack_newsletter_tier_id":0,"_jetpack_memberships_contains_paywalled_content":false,"_jetpack_memberships_contains_paid_content":false,"footnotes":""},"categories":[64],"tags":[],"class_list":["post-60956","post","type-post","status-publish","format-standard","hentry","category-opinion"],"jetpack_featured_media_url":"","jetpack_shortlink":"https:\/\/wp.me\/p2JWE0-fRa","jetpack-related-posts":[{"id":55121,"url":"https:\/\/www.24baires.com\/?p=55121","url_meta":{"origin":60956,"position":0},"title":"El Sistema Federal de Medici\u00f3n de Audiencias ya es realidad","author":"Grupo Sierra","date":"09\/10\/2014","format":false,"excerpt":"Se trata de la primera fase del Sifema, cuyo fin ser\u00e1 medir en todo el pa\u00eds el rating de la TV argentina. \u201cNo queremos que nos tutelen las ideas ni los pensamientos\u201d, recalc\u00f3 la Presidenta, durante la presentaci\u00f3n. En el marco del lanzamiento, la Presidenta felicit\u00f3 al titular de la\u2026","rel":"","context":"En \u00abTecnolog\u00eda\u00bb","block_context":{"text":"Tecnolog\u00eda","link":"https:\/\/www.24baires.com\/?cat=46"},"img":{"alt_text":"cristina","src":"https:\/\/i0.wp.com\/www.24baires.com\/wp-content\/uploads\/2014\/10\/cristina3.jpg?resize=350%2C200","width":350,"height":200,"srcset":"https:\/\/i0.wp.com\/www.24baires.com\/wp-content\/uploads\/2014\/10\/cristina3.jpg?resize=350%2C200 1x, https:\/\/i0.wp.com\/www.24baires.com\/wp-content\/uploads\/2014\/10\/cristina3.jpg?resize=525%2C300 1.5x"},"classes":[]},{"id":46579,"url":"https:\/\/www.24baires.com\/?p=46579","url_meta":{"origin":60956,"position":1},"title":"Historia y ficci\u00f3n se cruzan en una miniserie de Olavarr\u00eda","author":"GB","date":"23\/05\/2014","format":false,"excerpt":"La productora de contenidos audiovisuales de la Facultad de Ciencias Sociales inici\u00f3 el rodaje de su primer miniserie de ficci\u00f3n con contenido cient\u00edfico. Ser\u00e1n 4 cap\u00edtulos de una miniserie que aborda los or\u00edgenes del poblamiento urbano en la regi\u00f3n. La filmaci\u00f3n se realiza en la ciudad de Olavarr\u00eda, y tambi\u00e9n\u2026","rel":"","context":"En \u00abLocales\u00bb","block_context":{"text":"Locales","link":"https:\/\/www.24baires.com\/?cat=38"},"img":{"alt_text":"uni olavarria","src":"https:\/\/i0.wp.com\/www.24baires.com\/wp-content\/uploads\/2014\/05\/uni-olavarria.jpg?resize=350%2C200","width":350,"height":200,"srcset":"https:\/\/i0.wp.com\/www.24baires.com\/wp-content\/uploads\/2014\/05\/uni-olavarria.jpg?resize=350%2C200 1x, https:\/\/i0.wp.com\/www.24baires.com\/wp-content\/uploads\/2014\/05\/uni-olavarria.jpg?resize=525%2C300 1.5x"},"classes":[]},{"id":94162,"url":"https:\/\/www.24baires.com\/?p=94162","url_meta":{"origin":60956,"position":2},"title":"Randazzo apunt\u00f3 contra Macri: \u00abEs nuestro enemigo\u00bb","author":"GB","date":"27\/04\/2017","format":false,"excerpt":"El ex ministro de Transporte valor\u00f3 las PASO y realiz\u00f3 una autocr\u00edtica tras la derrota en 2015: \"Siento verg\u00fcenza cuando veo que gobiernan estos muchachos\". El ex ministro de Transporte Florencio Randazzo habl\u00f3 en un encuentro con intendentes, legisladores y dirigentes peronistas en el que apunt\u00f3 contra Mauricio Macri y\u2026","rel":"","context":"En \u00abPol\u00edtica\u00bb","block_context":{"text":"Pol\u00edtica","link":"https:\/\/www.24baires.com\/?cat=51"},"img":{"alt_text":"","src":"https:\/\/i0.wp.com\/www.24baires.com\/wp-content\/uploads\/2014\/10\/randazzo-tres.jpg?resize=350%2C200","width":350,"height":200,"srcset":"https:\/\/i0.wp.com\/www.24baires.com\/wp-content\/uploads\/2014\/10\/randazzo-tres.jpg?resize=350%2C200 1x, https:\/\/i0.wp.com\/www.24baires.com\/wp-content\/uploads\/2014\/10\/randazzo-tres.jpg?resize=525%2C300 1.5x"},"classes":[]},{"id":51706,"url":"https:\/\/www.24baires.com\/?p=51706","url_meta":{"origin":60956,"position":3},"title":"De Luc\u00eda se reuni\u00f3 con diputados bonaerenses","author":"AF","date":"13\/08\/2014","format":false,"excerpt":"La directora general de Cultura y Educaci\u00f3n, Nora de Luc\u00eda, se reuni\u00f3 con legisladores de diferentes bloques pol\u00edticos de la C\u00e1mara de Diputados para analizar la situaci\u00f3n educativa en territorio bonaerense. En el encuentro, considerado \u201caltamente positivo\u201d por la funcionaria y los diputados participantes, se evalu\u00f3 \u00edntegramente la realidad de\u2026","rel":"","context":"En \u00abSociedad\u00bb","block_context":{"text":"Sociedad","link":"https:\/\/www.24baires.com\/?cat=1"},"img":{"alt_text":"Nora-de-Lucia","src":"https:\/\/i0.wp.com\/www.24baires.com\/wp-content\/uploads\/2014\/01\/Nora-de-Lucia.jpg?resize=350%2C200","width":350,"height":200,"srcset":"https:\/\/i0.wp.com\/www.24baires.com\/wp-content\/uploads\/2014\/01\/Nora-de-Lucia.jpg?resize=350%2C200 1x, https:\/\/i0.wp.com\/www.24baires.com\/wp-content\/uploads\/2014\/01\/Nora-de-Lucia.jpg?resize=525%2C300 1.5x"},"classes":[]},{"id":61439,"url":"https:\/\/www.24baires.com\/?p=61439","url_meta":{"origin":60956,"position":4},"title":"Un marplatense har\u00e1 un documental en los pa\u00edses latinoamericanos \u00abm\u00e1s peligrosos\u00bb para el periodismo","author":"Grupo Sierra","date":"08\/02\/2015","format":false,"excerpt":"\"Bajo Presi\u00f3n\" es el nombre del proyecto creado por el periodista Diego Virgolini que lo llev\u00f3 desde Mar del Plata a un viaje por toda Am\u00e9rica Latina. M\u00e9xico y Colombia son los destinos elegidos por \u201cReporteros Sin Fronteras\u201d como los dos pa\u00edses de la zona m\u00e1s \u201cmort\u00edferos\u201d para ejercer la\u2026","rel":"","context":"En \u00abGeneral\u00bb","block_context":{"text":"General","link":"https:\/\/www.24baires.com\/?cat=67"},"img":{"alt_text":"diego","src":"https:\/\/i0.wp.com\/www.24baires.com\/wp-content\/uploads\/2015\/02\/diego.jpg?resize=350%2C200","width":350,"height":200},"classes":[]},{"id":12667,"url":"https:\/\/www.24baires.com\/?p=12667","url_meta":{"origin":60956,"position":5},"title":"Siguen buscando a un docente desaparecido hace dos meses en Mar de Aj\u00f3","author":"AF","date":"18\/01\/2013","format":false,"excerpt":"Silvina Caballero, busca desesperadamente a su hermano docente desaparecido desde hace dos meses en la localidad de Mar de Aj\u00f3. \"Son horas muy complicadas\", expres\u00f3 la hermana del docente. \"No son los mejores d\u00edas a dos meses de la desaparici\u00f3n de Claudio todo se complica un poco m\u00e1s\", dijo. Hace\u2026","rel":"","context":"En \u00abLocales\u00bb","block_context":{"text":"Locales","link":"https:\/\/www.24baires.com\/?cat=38"},"img":{"alt_text":"caballero desaparecido mar de aj\u00f3","src":"https:\/\/i0.wp.com\/www.24baires.com\/wp-content\/uploads\/2013\/01\/caballero-desaparecido-mar-de-aj%C3%B3.png?resize=350%2C200","width":350,"height":200},"classes":[]}],"jetpack_sharing_enabled":true,"jetpack_likes_enabled":true,"_links":{"self":[{"href":"https:\/\/www.24baires.com\/index.php?rest_route=\/wp\/v2\/posts\/60956","targetHints":{"allow":["GET"]}}],"collection":[{"href":"https:\/\/www.24baires.com\/index.php?rest_route=\/wp\/v2\/posts"}],"about":[{"href":"https:\/\/www.24baires.com\/index.php?rest_route=\/wp\/v2\/types\/post"}],"author":[{"embeddable":true,"href":"https:\/\/www.24baires.com\/index.php?rest_route=\/wp\/v2\/users\/8"}],"replies":[{"embeddable":true,"href":"https:\/\/www.24baires.com\/index.php?rest_route=%2Fwp%2Fv2%2Fcomments&post=60956"}],"version-history":[{"count":1,"href":"https:\/\/www.24baires.com\/index.php?rest_route=\/wp\/v2\/posts\/60956\/revisions"}],"predecessor-version":[{"id":60957,"href":"https:\/\/www.24baires.com\/index.php?rest_route=\/wp\/v2\/posts\/60956\/revisions\/60957"}],"wp:attachment":[{"href":"https:\/\/www.24baires.com\/index.php?rest_route=%2Fwp%2Fv2%2Fmedia&parent=60956"}],"wp:term":[{"taxonomy":"category","embeddable":true,"href":"https:\/\/www.24baires.com\/index.php?rest_route=%2Fwp%2Fv2%2Fcategories&post=60956"},{"taxonomy":"post_tag","embeddable":true,"href":"https:\/\/www.24baires.com\/index.php?rest_route=%2Fwp%2Fv2%2Ftags&post=60956"}],"curies":[{"name":"wp","href":"https:\/\/api.w.org\/{rel}","templated":true}]}}