{"id":6092,"date":"2012-11-20T11:15:16","date_gmt":"2012-11-20T14:15:16","guid":{"rendered":"http:\/\/www.24baires.com\/?p=6092"},"modified":"2012-11-22T02:02:10","modified_gmt":"2012-11-22T05:02:10","slug":"carne-para-todos-un-exito-en-tandil","status":"publish","type":"post","link":"https:\/\/www.24baires.com\/?p=6092","title":{"rendered":"&#8216;Carne para todos&#8217;, un \u00e9xito en Tandil"},"content":{"rendered":"<p><img data-recalc-dims=\"1\" loading=\"lazy\" decoding=\"async\" class=\"alignleft size-medium wp-image-6093\" title=\"carne para todos tandil\" src=\"https:\/\/i0.wp.com\/www.24baires.com\/wp-content\/uploads\/2012\/11\/carne-para-todos-tandil.jpg?resize=300%2C225\" alt=\"\" width=\"300\" height=\"225\" srcset=\"https:\/\/i0.wp.com\/www.24baires.com\/wp-content\/uploads\/2012\/11\/carne-para-todos-tandil.jpg?resize=300%2C225&amp;ssl=1 300w, https:\/\/i0.wp.com\/www.24baires.com\/wp-content\/uploads\/2012\/11\/carne-para-todos-tandil.jpg?w=560&amp;ssl=1 560w\" sizes=\"auto, (max-width: 300px) 100vw, 300px\" \/>Este martes, desde hora temprana, varios tandilenses se acercaron a Machado y 11 de Septiembre para acceder al Programa Carne Para Todos. Se vendieron 6.000 kilos y posteriormente, fue el turno de los l\u00e1cteos. Para este mi\u00e9rcoles, se anuncian 4.000 kilos m\u00e1s.<!--more--><\/p>\n<p>Los camiones con carne y l\u00e1cteos del plan del Gobierno Nacional, comenzaron a comercializar la mercader\u00eda este martes, desde las 8 de la ma\u00f1ana, con cientos de personas que hicieron fila para poder adquirir los productos a menor precio que en el circuito formal de comercializaci\u00f3n, como carnicer\u00edas, almacenes y supermercados.<br \/>\nLa gente pod\u00eda elegir entre:<br \/>\n4 kilos de asado a $80<br \/>\n5 kilos de diversos cortes a $65<br \/>\n10 kilos con 6 cortes diferentes a $100<br \/>\nLuego se procedi\u00f3 a la venta de productos l\u00e1cteos.<br \/>\nSeg\u00fan quienes manejaron la comercializaci\u00f3n, est\u00e1 previsto que este mi\u00e9rcoles lleguen a la ciudad otros 4.000 kilos de carne vacuna y m\u00e1s l\u00e1cteos.<\/p>\n","protected":false},"excerpt":{"rendered":"<p>Este martes, desde hora temprana, varios tandilenses se acercaron a Machado y 11 de Septiembre para acceder al Programa Carne Para Todos. Se vendieron 6.000 kilos y posteriormente, fue el turno de los l\u00e1cteos. Para este mi\u00e9rcoles, se anuncian 4.000 kilos m\u00e1s.<\/p>\n","protected":false},"author":4,"featured_media":0,"comment_status":"open","ping_status":"open","sticky":false,"template":"","format":"standard","meta":{"_jetpack_newsletter_access":"","_jetpack_dont_email_post_to_subs":false,"_jetpack_newsletter_tier_id":0,"_jetpack_memberships_contains_paywalled_content":false,"_jetpack_memberships_contains_paid_content":false,"footnotes":""},"categories":[38],"tags":[],"class_list":["post-6092","post","type-post","status-publish","format-standard","hentry","category-locales"],"jetpack_featured_media_url":"","jetpack_shortlink":"https:\/\/wp.me\/p2JWE0-1Ag","jetpack-related-posts":[{"id":113885,"url":"https:\/\/www.24baires.com\/?p=113885","url_meta":{"origin":6092,"position":0},"title":"Tarjeta Alimentaria: El 60% de los fondos fueron utilizados para comprar carne, l\u00e1cteos, frutas y verduras","author":"AF","date":"21\/01\/2020","format":false,"excerpt":"Un relevamiento del ministerio de Desarrollo Social en Concordia advierte adem\u00e1s que el 2% de los recursos llegaron a productores de la econom\u00eda social. El ministerio de Desarrollo Social realiz\u00f3 un relevamiento de los gastos de la Tarjeta Alimentar en sus primeras tres semanas. La medici\u00f3n se realiz\u00f3 en la\u2026","rel":"","context":"En \u00abSociedad\u00bb","block_context":{"text":"Sociedad","link":"https:\/\/www.24baires.com\/?cat=1"},"img":{"alt_text":"","src":"https:\/\/i0.wp.com\/www.24baires.com\/wp-content\/uploads\/2016\/12\/supermercado.jpg?resize=350%2C200","width":350,"height":200,"srcset":"https:\/\/i0.wp.com\/www.24baires.com\/wp-content\/uploads\/2016\/12\/supermercado.jpg?resize=350%2C200 1x, https:\/\/i0.wp.com\/www.24baires.com\/wp-content\/uploads\/2016\/12\/supermercado.jpg?resize=525%2C300 1.5x"},"classes":[]},{"id":37338,"url":"https:\/\/www.24baires.com\/?p=37338","url_meta":{"origin":6092,"position":1},"title":"Acuerdo de precios: los listados ser\u00e1n publicados el 3 de enero","author":"GB","date":"23\/12\/2013","format":false,"excerpt":"La canasta, que incluye 60 art\u00edculos de almac\u00e9n de un total de casi 200, todav\u00eda se est\u00e1 negociando. Incluir\u00e1 carne, l\u00e1cteos, frutas y verduras, bebidas, entre otros. En el primer rubro, habr\u00e1 precios fijos en cortes populares como el asado, la tapa de nalga, la milanesa, hamburguesas y carne picada.\u2026","rel":"","context":"En \u00abEconom\u00eda\u00bb","block_context":{"text":"Econom\u00eda","link":"https:\/\/www.24baires.com\/?cat=45"},"img":{"alt_text":"supermercado2","src":"https:\/\/i0.wp.com\/www.24baires.com\/wp-content\/uploads\/2013\/03\/supermercado2.jpg?resize=350%2C200","width":350,"height":200,"srcset":"https:\/\/i0.wp.com\/www.24baires.com\/wp-content\/uploads\/2013\/03\/supermercado2.jpg?resize=350%2C200 1x, https:\/\/i0.wp.com\/www.24baires.com\/wp-content\/uploads\/2013\/03\/supermercado2.jpg?resize=525%2C300 1.5x"},"classes":[]},{"id":117541,"url":"https:\/\/www.24baires.com\/?p=117541","url_meta":{"origin":6092,"position":2},"title":"El Gobierno anuncia un acuerdo para vender el kilo de asado a $359","author":"AF","date":"07\/05\/2021","format":false,"excerpt":"Va a estar disponible todos los d\u00edas, de lunes a viernes, en supermercacos. Mantiene los precios fijados en enero para la carne y el asado baja de $399 a $359. El ministro de Desarrollo Productivo, Mat\u00edas Kulfas, anunci\u00f3 este viernes que el pr\u00f3ximo martes entrar\u00e1 en vigencia el nuevo acuerdo\u2026","rel":"","context":"En \u00abSociedad\u00bb","block_context":{"text":"Sociedad","link":"https:\/\/www.24baires.com\/?cat=1"},"img":{"alt_text":"","src":"https:\/\/i0.wp.com\/www.24baires.com\/wp-content\/uploads\/2016\/07\/carne.jpg?resize=350%2C200","width":350,"height":200,"srcset":"https:\/\/i0.wp.com\/www.24baires.com\/wp-content\/uploads\/2016\/07\/carne.jpg?resize=350%2C200 1x, https:\/\/i0.wp.com\/www.24baires.com\/wp-content\/uploads\/2016\/07\/carne.jpg?resize=525%2C300 1.5x"},"classes":[]},{"id":24146,"url":"https:\/\/www.24baires.com\/?p=24146","url_meta":{"origin":6092,"position":3},"title":"Habr\u00e1 500 productos a precios congelados a partir del 1\u00ba de junio pr\u00f3ximo","author":"Grupo Sierra","date":"22\/05\/2013","format":false,"excerpt":"Lo acordaron la Secretar\u00eda de Comercio Interior y la Asociaci\u00f3n de Supermercados Unidos (ASU) y los productos, de consumo masivo, tendr\u00e1n los valores de febrero \u00faltimo. El resto de los 10 mil productos seguir\u00e1n en un esquema de precios acordados. Esta lista de 500 productos comenzar\u00e1 a regir a partir\u2026","rel":"","context":"En \u00abEconom\u00eda\u00bb","block_context":{"text":"Econom\u00eda","link":"https:\/\/www.24baires.com\/?cat=45"},"img":{"alt_text":"","src":"","width":0,"height":0},"classes":[]},{"id":107644,"url":"https:\/\/www.24baires.com\/?p=107644","url_meta":{"origin":6092,"position":4},"title":"Los l\u00e1cteos subieron hasta 40% en quince d\u00edas","author":"GB","date":"12\/04\/2019","format":false,"excerpt":"Los quesos, la manteca y el yogur bebible, los que m\u00e1s subieron. El kilo de cremoso no baja de los $340 mientras que el pote de 200 gramos de manteca roza los $100. \u00bfQu\u00e9 pas\u00f3 que aumentaron tanto? Las remarcaciones en las g\u00f3ndolas fueron una constante en 2018, pero lo\u2026","rel":"","context":"En \u00abEconom\u00eda\u00bb","block_context":{"text":"Econom\u00eda","link":"https:\/\/www.24baires.com\/?cat=45"},"img":{"alt_text":"","src":"https:\/\/i0.wp.com\/www.24baires.com\/wp-content\/uploads\/2019\/03\/lacteos-veronica.jpg?resize=350%2C200","width":350,"height":200,"srcset":"https:\/\/i0.wp.com\/www.24baires.com\/wp-content\/uploads\/2019\/03\/lacteos-veronica.jpg?resize=350%2C200 1x, https:\/\/i0.wp.com\/www.24baires.com\/wp-content\/uploads\/2019\/03\/lacteos-veronica.jpg?resize=525%2C300 1.5x"},"classes":[]},{"id":39318,"url":"https:\/\/www.24baires.com\/?p=39318","url_meta":{"origin":6092,"position":5},"title":"Salud Municipal decomis\u00f3 4000 kilos de pollo en Mar del Plata","author":"Grupo Sierra","date":"27\/01\/2014","format":false,"excerpt":"Los productos no contaban con el certificado de origen y fueron incautados. Tambi\u00e9n retuvieron 80 kilos de productos l\u00e1cteos por exceso de temperatura. La Direcci\u00f3n de Protecci\u00f3n Sanitaria de la Secretaria de Salud Municipal, a trav\u00e9s del Departamento de Reinspecci\u00f3n Sanitaria dependiente de esta Direcci\u00f3n, realizando el control sanitario de\u2026","rel":"","context":"En \u00abLocales\u00bb","block_context":{"text":"Locales","link":"https:\/\/www.24baires.com\/?cat=38"},"img":{"alt_text":"","src":"","width":0,"height":0},"classes":[]}],"jetpack_sharing_enabled":true,"jetpack_likes_enabled":true,"_links":{"self":[{"href":"https:\/\/www.24baires.com\/index.php?rest_route=\/wp\/v2\/posts\/6092","targetHints":{"allow":["GET"]}}],"collection":[{"href":"https:\/\/www.24baires.com\/index.php?rest_route=\/wp\/v2\/posts"}],"about":[{"href":"https:\/\/www.24baires.com\/index.php?rest_route=\/wp\/v2\/types\/post"}],"author":[{"embeddable":true,"href":"https:\/\/www.24baires.com\/index.php?rest_route=\/wp\/v2\/users\/4"}],"replies":[{"embeddable":true,"href":"https:\/\/www.24baires.com\/index.php?rest_route=%2Fwp%2Fv2%2Fcomments&post=6092"}],"version-history":[{"count":3,"href":"https:\/\/www.24baires.com\/index.php?rest_route=\/wp\/v2\/posts\/6092\/revisions"}],"predecessor-version":[{"id":6095,"href":"https:\/\/www.24baires.com\/index.php?rest_route=\/wp\/v2\/posts\/6092\/revisions\/6095"}],"wp:attachment":[{"href":"https:\/\/www.24baires.com\/index.php?rest_route=%2Fwp%2Fv2%2Fmedia&parent=6092"}],"wp:term":[{"taxonomy":"category","embeddable":true,"href":"https:\/\/www.24baires.com\/index.php?rest_route=%2Fwp%2Fv2%2Fcategories&post=6092"},{"taxonomy":"post_tag","embeddable":true,"href":"https:\/\/www.24baires.com\/index.php?rest_route=%2Fwp%2Fv2%2Ftags&post=6092"}],"curies":[{"name":"wp","href":"https:\/\/api.w.org\/{rel}","templated":true}]}}