{"id":6082,"date":"2012-11-20T08:45:37","date_gmt":"2012-11-20T11:45:37","guid":{"rendered":"http:\/\/www.24baires.com\/?p=6082"},"modified":"2012-11-22T02:03:12","modified_gmt":"2012-11-22T05:03:12","slug":"ferraresi-inauguro-el-polideportivo-de-avellaneda-acompanado-por-grondona","status":"publish","type":"post","link":"https:\/\/www.24baires.com\/?p=6082","title":{"rendered":"Ferraresi inaugur\u00f3 el polideportivo de Avellaneda acompa\u00f1ado por Grondona"},"content":{"rendered":"<p><img data-recalc-dims=\"1\" loading=\"lazy\" decoding=\"async\" class=\"alignleft size-full wp-image-6084\" title=\"ferraresi grondona\" src=\"https:\/\/i0.wp.com\/www.24baires.com\/wp-content\/uploads\/2012\/11\/ferraresi-grondona.jpg?resize=160%2C136\" alt=\"\" width=\"160\" height=\"136\" \/>En el municipio de <strong>Avellaneda<\/strong>, el jefe comunal Jorge Ferraresi, inaugur\u00f3 las obras realizadas en el polideportivo Participar de Villa Corina, y en su discurso expres\u00f3 que \u00abtrabajamos para recuperar espacios con poca infraestructura por la inclusi\u00f3n de los chicos\u00bb. Cont\u00f3 con la compa\u00f1\u00eda del titular de la AFA, Julio Grondona.<!--more--><br \/>\nEl intendente de Avellaneda, Jorge Ferraresi, acompa\u00f1ado por el titular de la AFA Julio Grondona, inaugur\u00f3 las obras realizadas en el polideportivo Participar de Villa Corina, y en su discurso expres\u00f3 que \u201ctrabajamos para recuperar espacios con poca infraestructura por la inclusi\u00f3n de los chicos\u201d .<br \/>\nAdem\u00e1s, el jefe comunal explic\u00f3 que el objetivo de la obra es brindar a toda la comunidad un espacio apto para la recreaci\u00f3n, la pr\u00e1ctica de deportes, fomentando as\u00ed la integraci\u00f3n y vinculaci\u00f3n de los vecinos.<br \/>\nEn el lugar funciona una escuela de f\u00fatbol bautizada con el nombre de H\u00e9ctor Grondona, en honor al ex jugador, cofundador y presidente del club Arsenal de Sarand\u00ed, fallecido a principios de este a\u00f1o.<br \/>\nPor su parte, el vicepresidente de la FIFA, presidente de la AFA y hermano del homenajeado, Julio Grondona, remarc\u00f3 \u201cla actual gesti\u00f3n municipal no se olvida de hacer obras en ning\u00fan rinc\u00f3n de Avellaneda. Son obras permanentes y se ven\u201d.<br \/>\nLos trabajos fueron realizados por el personal de las cooperativas del programa \u201cArgentina Trabaja\u201d y consistieron en la construcci\u00f3n de hormig\u00f3n del play\u00f3n de usos m\u00faltiples, columnas de alumbrado, reacondicionamiento de las luminarias existentes, ba\u00f1os, vestuarios, pintura general de todos los edificios que componen la junta vecinal y la construcci\u00f3n a nuevo de la cancha de f\u00fatbol once, tambi\u00e9n la ampliaci\u00f3n del sector de parrilla y colocaci\u00f3n de equipamiento aer\u00f3bico.<\/p>\n","protected":false},"excerpt":{"rendered":"<p>En el municipio de Avellaneda, el jefe comunal Jorge Ferraresi, inaugur\u00f3 las obras realizadas en el polideportivo Participar de Villa Corina, y en su discurso expres\u00f3 que \u00abtrabajamos para recuperar espacios con poca infraestructura por la inclusi\u00f3n de los chicos\u00bb. Cont\u00f3 con la compa\u00f1\u00eda del titular de la AFA, Julio Grondona.<\/p>\n","protected":false},"author":4,"featured_media":0,"comment_status":"open","ping_status":"open","sticky":false,"template":"","format":"standard","meta":{"_jetpack_newsletter_access":"","_jetpack_dont_email_post_to_subs":false,"_jetpack_newsletter_tier_id":0,"_jetpack_memberships_contains_paywalled_content":false,"_jetpack_memberships_contains_paid_content":false,"footnotes":""},"categories":[38],"tags":[],"class_list":["post-6082","post","type-post","status-publish","format-standard","hentry","category-locales"],"jetpack_featured_media_url":"","jetpack_shortlink":"https:\/\/wp.me\/p2JWE0-1A6","jetpack-related-posts":[{"id":115916,"url":"https:\/\/www.24baires.com\/?p=115916","url_meta":{"origin":6082,"position":0},"title":"Provincia contin\u00faa con la reactivaci\u00f3n de obras y con la urbanizaci\u00f3n de barrios","author":"AF","date":"11\/08\/2020","format":false,"excerpt":"Kicillof visit\u00f3 el barrio de Villa Azul donde anunci\u00f3 un plan de mejoras habitacionales y trabajos de infraestructura. El gobernador Axel Kicillof estuvo en el municipio de Avellaneda, junto al intendente Jorge Ferraresi, el ministro de Desarrollo de la Comunidad, Andr\u00e9s Larroque, y la secretaria de Integraci\u00f3n Socio Urbana de\u2026","rel":"","context":"En \u00abProvincia\u00bb","block_context":{"text":"Provincia","link":"https:\/\/www.24baires.com\/?cat=40"},"img":{"alt_text":"","src":"https:\/\/i0.wp.com\/www.24baires.com\/wp-content\/uploads\/2020\/08\/kici-azul.jpg?resize=350%2C200","width":350,"height":200,"srcset":"https:\/\/i0.wp.com\/www.24baires.com\/wp-content\/uploads\/2020\/08\/kici-azul.jpg?resize=350%2C200 1x, https:\/\/i0.wp.com\/www.24baires.com\/wp-content\/uploads\/2020\/08\/kici-azul.jpg?resize=525%2C300 1.5x"},"classes":[]},{"id":97298,"url":"https:\/\/www.24baires.com\/?p=97298","url_meta":{"origin":6082,"position":1},"title":"Cristina recorri\u00f3 Avellaneda junto a Ferraresi","author":"GB","date":"08\/09\/2017","format":false,"excerpt":"Visit\u00f3 una escuela, un polideportivo, un centro de jubilados y un jard\u00edn maternal municipal, entre otros lugares. Con la mira puesta en las elecciones de octubre, la candidata a senadora de Unidad Ciudadana, Cristina Fern\u00e1ndez de Kirchner, recorri\u00f3 el municipio de Avellaneda junto al intendente Jorge Ferraresi. Seg\u00fan se inform\u00f3,\u2026","rel":"","context":"En \u00abPol\u00edtica\u00bb","block_context":{"text":"Pol\u00edtica","link":"https:\/\/www.24baires.com\/?cat=51"},"img":{"alt_text":"","src":"https:\/\/i0.wp.com\/www.24baires.com\/wp-content\/uploads\/2017\/09\/cristina-ferraresi.jpg?resize=350%2C200","width":350,"height":200,"srcset":"https:\/\/i0.wp.com\/www.24baires.com\/wp-content\/uploads\/2017\/09\/cristina-ferraresi.jpg?resize=350%2C200 1x, https:\/\/i0.wp.com\/www.24baires.com\/wp-content\/uploads\/2017\/09\/cristina-ferraresi.jpg?resize=525%2C300 1.5x"},"classes":[]},{"id":32835,"url":"https:\/\/www.24baires.com\/?p=32835","url_meta":{"origin":6082,"position":2},"title":"Ferraresi y Casal entregaron escrituras en Avellaneda","author":"GB","date":"01\/10\/2013","format":false,"excerpt":"El Ministro de Justicia, junto al intendente de ese distrito, entregaron 513 escrituras a vecinos, acci\u00f3n que Ferraresi destac\u00f3 que se logr\u00f3 \"por la articulaci\u00f3n de los tres niveles de Estado, municipal, provincial y nacional\u201d. En tanto, Casal se comprometi\u00f3 a \"entregar hasta el \u00faltimo t\u00edtulo\u201d. El intendente Jorge Ferraresi\u2026","rel":"","context":"En \u00abLocales\u00bb","block_context":{"text":"Locales","link":"https:\/\/www.24baires.com\/?cat=38"},"img":{"alt_text":"","src":"","width":0,"height":0},"classes":[]},{"id":57062,"url":"https:\/\/www.24baires.com\/?p=57062","url_meta":{"origin":6082,"position":3},"title":"Scioli: \u00abEl deporte es la contracara de la violencia\u00bb","author":"GB","date":"13\/11\/2014","format":false,"excerpt":"AVELLANEDA-El gobernador bonaerense pidi\u00f3 erradicar de las instituciones a aquellos individuos que \"se dicen hinchas de f\u00fatbol pero que son verdaderos delincuentes\". Sciolo lo dijo al inaugurar un complejo polideportivo en Dock Sud, en Avellaneda. El gobernador de la provincia de Buenos Aires, Daniel Scioli, afirm\u00f3 hoy que \"el deporte\u2026","rel":"","context":"En \u00abPol\u00edtica\u00bb","block_context":{"text":"Pol\u00edtica","link":"https:\/\/www.24baires.com\/?cat=51"},"img":{"alt_text":"scioli5","src":"https:\/\/i0.wp.com\/www.24baires.com\/wp-content\/uploads\/2014\/08\/scioli5.jpg?resize=350%2C200","width":350,"height":200,"srcset":"https:\/\/i0.wp.com\/www.24baires.com\/wp-content\/uploads\/2014\/08\/scioli5.jpg?resize=350%2C200 1x, https:\/\/i0.wp.com\/www.24baires.com\/wp-content\/uploads\/2014\/08\/scioli5.jpg?resize=525%2C300 1.5x"},"classes":[]},{"id":32523,"url":"https:\/\/www.24baires.com\/?p=32523","url_meta":{"origin":6082,"position":4},"title":"Ferraresi asegur\u00f3 que Alicia Kirchner \u00abrepresenta el coraz\u00f3n de este Gobierno\u201d","author":"GB","date":"26\/09\/2013","format":false,"excerpt":"AVELLANEDA-\u00a0La ministra de Desarrollo de Naci\u00f3n junto al jefe comunal visitaron obras que fueron realizadas por cooperativistas, que pertenecen al programa \"Argentina Trabaja\" en la Isla Maciel. \u201cSeguiremos trabajando por la defensa de los derechos del pueblo, para fortalecerlos todos los d\u00edas y mejorar. Elegimos al pueblo\u201d, sostuvo la funcionaria\u2026","rel":"","context":"En \u00abLocales\u00bb","block_context":{"text":"Locales","link":"https:\/\/www.24baires.com\/?cat=38"},"img":{"alt_text":"Alicia K en avellaneda","src":"https:\/\/i0.wp.com\/www.24baires.com\/wp-content\/uploads\/2013\/09\/Alicia-K-en-avellaneda-300x190.jpg?resize=350%2C200","width":350,"height":200},"classes":[]},{"id":122138,"url":"https:\/\/www.24baires.com\/?p=122138","url_meta":{"origin":6082,"position":5},"title":"Axel Avellaneda: \u201cSin igualdad de oportunidades, hablar de libertad es una estafa\u201d","author":"GB","date":"13\/03\/2025","format":false,"excerpt":"El gobernador bonaerense inaugur\u00f3 obras en escuelas, entreg\u00f3 escrituras y reafirm\u00f3 el rol del Estado para garantizar derechos en Avellaneda. El gobernador de la provincia de Buenos Aires, Axel Kicillof, encabez\u00f3 este mi\u00e9rcoles una jornada de gesti\u00f3n en Avellaneda, donde inaugur\u00f3 obras de ampliaci\u00f3n y refacci\u00f3n en dos escuelas primarias\u2026","rel":"","context":"En \u00abProvincia\u00bb","block_context":{"text":"Provincia","link":"https:\/\/www.24baires.com\/?cat=40"},"img":{"alt_text":"","src":"https:\/\/i0.wp.com\/www.24baires.com\/wp-content\/uploads\/2025\/03\/primaria-53-kici.jpg?resize=350%2C200","width":350,"height":200,"srcset":"https:\/\/i0.wp.com\/www.24baires.com\/wp-content\/uploads\/2025\/03\/primaria-53-kici.jpg?resize=350%2C200 1x, https:\/\/i0.wp.com\/www.24baires.com\/wp-content\/uploads\/2025\/03\/primaria-53-kici.jpg?resize=525%2C300 1.5x, https:\/\/i0.wp.com\/www.24baires.com\/wp-content\/uploads\/2025\/03\/primaria-53-kici.jpg?resize=700%2C400 2x"},"classes":[]}],"jetpack_sharing_enabled":true,"jetpack_likes_enabled":true,"_links":{"self":[{"href":"https:\/\/www.24baires.com\/index.php?rest_route=\/wp\/v2\/posts\/6082","targetHints":{"allow":["GET"]}}],"collection":[{"href":"https:\/\/www.24baires.com\/index.php?rest_route=\/wp\/v2\/posts"}],"about":[{"href":"https:\/\/www.24baires.com\/index.php?rest_route=\/wp\/v2\/types\/post"}],"author":[{"embeddable":true,"href":"https:\/\/www.24baires.com\/index.php?rest_route=\/wp\/v2\/users\/4"}],"replies":[{"embeddable":true,"href":"https:\/\/www.24baires.com\/index.php?rest_route=%2Fwp%2Fv2%2Fcomments&post=6082"}],"version-history":[{"count":3,"href":"https:\/\/www.24baires.com\/index.php?rest_route=\/wp\/v2\/posts\/6082\/revisions"}],"predecessor-version":[{"id":6086,"href":"https:\/\/www.24baires.com\/index.php?rest_route=\/wp\/v2\/posts\/6082\/revisions\/6086"}],"wp:attachment":[{"href":"https:\/\/www.24baires.com\/index.php?rest_route=%2Fwp%2Fv2%2Fmedia&parent=6082"}],"wp:term":[{"taxonomy":"category","embeddable":true,"href":"https:\/\/www.24baires.com\/index.php?rest_route=%2Fwp%2Fv2%2Fcategories&post=6082"},{"taxonomy":"post_tag","embeddable":true,"href":"https:\/\/www.24baires.com\/index.php?rest_route=%2Fwp%2Fv2%2Ftags&post=6082"}],"curies":[{"name":"wp","href":"https:\/\/api.w.org\/{rel}","templated":true}]}}