{"id":6079,"date":"2012-11-20T09:00:22","date_gmt":"2012-11-20T12:00:22","guid":{"rendered":"http:\/\/www.24baires.com\/?p=6079"},"modified":"2012-11-20T10:36:22","modified_gmt":"2012-11-20T13:36:22","slug":"el-ministerio-de-trabajo-pidio-respeto-por-el-derecho-a-huelga-y-por-el-derecho-a-trabajar","status":"publish","type":"post","link":"https:\/\/www.24baires.com\/?p=6079","title":{"rendered":"El Ministerio de Trabajo pidi\u00f3 &#8216;respeto por el derecho a huelga y por el derecho a trabajar&#8217;"},"content":{"rendered":"<p>El Ministerio de Trabajo exhort\u00f3 a los organizadores del paro programado a que \u00abno obstaculicen a los trabajadores que quieran realizar sus tareas habituales\u00bb, y resalt\u00f3 que \u00abel derecho a huelga est\u00e1 plenamente garantizado\u00bb. <!--more--><br \/>\n\u00abEn conocimiento de que se planificaron cortes de rutas y bloqueos, El Ministerio exhorta a los organizadores de la medida a que no obstaculicen a quienes quieran realizar sus tareas habituales, ya que estar\u00edan afectando el derecho constitucional de trabajar\u00bb, manifest\u00f3 Trabajo a trav\u00e9s de un comunicado.<\/p>\n<p>No obstante, la cartera encabezada por Carlos Tomada adem\u00e1s subray\u00f3 que el Ministerio \u00abhace saber a los trabajadores que, de acuerdo a la ley y a las normativas vigentes, el derecho a huelga est\u00e1 plenamente garantizado\u00bb.<\/p>\n<p>El comunicado, titulado \u00abRespeto por el derecho a huelga de la misma manera que al derecho a trabajar\u00bb, tambi\u00e9n puso de relieve que la cartera \u00abdesde hace nueve a\u00f1os aborda la cuesti\u00f3n laboral a partir del di\u00e1logo\u00bb, lo que posibilit\u00f3 \u00abavanzar en la creaci\u00f3n de 5 millones de puestos de trabajo\u00bb.<\/p>\n<p>En ese sentido, Trabajo mencion\u00f3 adem\u00e1s la instituci\u00f3n de las negociaciones colectivas, miles de convenios firmados, la mejora en las condiciones laborales, la legalizaci\u00f3n de nuevos sindicatos y la recuperaci\u00f3n del Consejo del Salario M\u00ednimo.<\/p>\n<p>Por \u00faltimo, el Ministerio analiz\u00f3 que la huelga de este martes \u00abse trata de una medida parcial, en la que s\u00f3lo algunos sindicatos deciden participar\u00bb.<\/p>\n","protected":false},"excerpt":{"rendered":"<p>El Ministerio de Trabajo exhort\u00f3 a los organizadores del paro programado a que \u00abno obstaculicen a los trabajadores que quieran realizar sus tareas habituales\u00bb, y resalt\u00f3 que \u00abel derecho a huelga est\u00e1 plenamente garantizado\u00bb.<\/p>\n","protected":false},"author":4,"featured_media":0,"comment_status":"open","ping_status":"open","sticky":false,"template":"","format":"standard","meta":{"_jetpack_newsletter_access":"","_jetpack_dont_email_post_to_subs":false,"_jetpack_newsletter_tier_id":0,"_jetpack_memberships_contains_paywalled_content":false,"_jetpack_memberships_contains_paid_content":false,"footnotes":""},"categories":[1],"tags":[],"class_list":["post-6079","post","type-post","status-publish","format-standard","hentry","category-sociedad"],"jetpack_featured_media_url":"","jetpack_shortlink":"https:\/\/wp.me\/p2JWE0-1A3","jetpack-related-posts":[{"id":101693,"url":"https:\/\/www.24baires.com\/?p=101693","url_meta":{"origin":6079,"position":0},"title":"Tras el paro de 48 horas, bancarios esperan llegar a un acuerdo salarial","author":"GB","date":"19\/04\/2018","format":false,"excerpt":"Desde La Bancaria destacaron la medida de fuerza a nivel nacional en las entidades p\u00fablicas y privadas. Esta jornada tendr\u00e1n una reuni\u00f3n con las c\u00e1maras empresarias para intentar destrabar el conflicto. Los trabajadores de los bancos p\u00fablicos y privados culminaron la medida de fuerza dispuesta por 48 horas en todo\u2026","rel":"","context":"En \u00abPol\u00edtica\u00bb","block_context":{"text":"Pol\u00edtica","link":"https:\/\/www.24baires.com\/?cat=51"},"img":{"alt_text":"","src":"https:\/\/i0.wp.com\/www.24baires.com\/wp-content\/uploads\/2015\/05\/bancaria.jpg?resize=350%2C200","width":350,"height":200,"srcset":"https:\/\/i0.wp.com\/www.24baires.com\/wp-content\/uploads\/2015\/05\/bancaria.jpg?resize=350%2C200 1x, https:\/\/i0.wp.com\/www.24baires.com\/wp-content\/uploads\/2015\/05\/bancaria.jpg?resize=525%2C300 1.5x"},"classes":[]},{"id":116118,"url":"https:\/\/www.24baires.com\/?p=116118","url_meta":{"origin":6079,"position":1},"title":"Vicentin: represi\u00f3n y persecuci\u00f3n judicial a trabajadores","author":"AF","date":"31\/08\/2020","format":false,"excerpt":"Trabajadorxs de Vicentin denunciaron que tanto el poder judicial como la patronal de la empresa los persigue, adem\u00e1s de haber sufrido represi\u00f3n policial. Trabajadores y trabajadoras de Vicentin repudiaron el desalojo en Algodonera Avellaneda tras una violenta represi\u00f3n, denunciaron persecuci\u00f3n judicial, amedrentamiento de las patronales del Grupo, adem\u00e1s del ataque\u2026","rel":"","context":"En \u00abSociedad\u00bb","block_context":{"text":"Sociedad","link":"https:\/\/www.24baires.com\/?cat=1"},"img":{"alt_text":"","src":"https:\/\/i0.wp.com\/www.24baires.com\/wp-content\/uploads\/2020\/08\/vicent%C3%ADn.jpg?resize=350%2C200","width":350,"height":200,"srcset":"https:\/\/i0.wp.com\/www.24baires.com\/wp-content\/uploads\/2020\/08\/vicent%C3%ADn.jpg?resize=350%2C200 1x, https:\/\/i0.wp.com\/www.24baires.com\/wp-content\/uploads\/2020\/08\/vicent%C3%ADn.jpg?resize=525%2C300 1.5x"},"classes":[]},{"id":93194,"url":"https:\/\/www.24baires.com\/?p=93194","url_meta":{"origin":6079,"position":2},"title":"Jorge Triaca contrat\u00f3 personal para romper una huelga","author":"GB","date":"20\/03\/2017","format":false,"excerpt":"Lo denunciaron trabajadores de limpieza tercerizados del Ministerio de Trabajo. El Ministerio de Trabajo contrat\u00f3 personal de maestranza para romper una huelga. s\u00ed inform\u00f3 el sitio Pol\u00edtica Argentina. Lo denunciaron trabajadores de limpieza tercerizados de la cartera laboral que realizan una protesta. Acusaron por el hecho al ministro Jorge Triaca.\u2026","rel":"","context":"En \u00abPol\u00edtica\u00bb","block_context":{"text":"Pol\u00edtica","link":"https:\/\/www.24baires.com\/?cat=51"},"img":{"alt_text":"","src":"https:\/\/i0.wp.com\/www.24baires.com\/wp-content\/uploads\/2016\/09\/triaca.jpg?resize=350%2C200","width":350,"height":200,"srcset":"https:\/\/i0.wp.com\/www.24baires.com\/wp-content\/uploads\/2016\/09\/triaca.jpg?resize=350%2C200 1x, https:\/\/i0.wp.com\/www.24baires.com\/wp-content\/uploads\/2016\/09\/triaca.jpg?resize=525%2C300 1.5x"},"classes":[]},{"id":120198,"url":"https:\/\/www.24baires.com\/?p=120198","url_meta":{"origin":6079,"position":3},"title":"Jujuy: se multiplica el repudio a la reforma constitucional de Morales","author":"AF","date":"16\/06\/2023","format":false,"excerpt":"\"El derecho a la protesta y de huelga son derechos laborales instituidos por nuestra Constituci\u00f3n y tambi\u00e9n est\u00e1 la adopci\u00f3n de acuerdos internacionales que tienen jerarqu\u00eda constitucional\", justific\u00f3 la ministra de Trabajo en referencia al documento emitido por la Convenci\u00f3n Constituyente. El Gobierno nacional, a trav\u00e9s del ministerio de Trabajo,\u2026","rel":"","context":"En \u00abSociedad\u00bb","block_context":{"text":"Sociedad","link":"https:\/\/www.24baires.com\/?cat=1"},"img":{"alt_text":"","src":"https:\/\/www.tiemposur.com.ar\/uploads\/noticia_galeria\/2023\/06\/16\/file_173953_main1","width":350,"height":200,"srcset":"https:\/\/www.tiemposur.com.ar\/uploads\/noticia_galeria\/2023\/06\/16\/file_173953_main1 1x, https:\/\/www.tiemposur.com.ar\/uploads\/noticia_galeria\/2023\/06\/16\/file_173953_main1 1.5x, https:\/\/www.tiemposur.com.ar\/uploads\/noticia_galeria\/2023\/06\/16\/file_173953_main1 2x"},"classes":[]},{"id":113814,"url":"https:\/\/www.24baires.com\/?p=113814","url_meta":{"origin":6079,"position":4},"title":"La Provincia incorpora a los presos a la mesa para solucionar la crisis carcelaria","author":"GB","date":"16\/01\/2020","format":false,"excerpt":"Desde febrero un equipo integrado por representantes del ministerio, de organismos de Derechos Humanos, el Poder Judicial y la Defensor\u00eda ciudadana entre otros se reunir\u00e1n con los presos en las c\u00e1rceles para escuchar sus demandas. El Ministerio de Justicia y Derechos Humanos de la Provincia, anunci\u00f3 la creaci\u00f3n de una\u2026","rel":"","context":"En \u00abProvincia\u00bb","block_context":{"text":"Provincia","link":"https:\/\/www.24baires.com\/?cat=40"},"img":{"alt_text":"","src":"https:\/\/i0.wp.com\/www.24baires.com\/wp-content\/uploads\/2020\/01\/provincia-sist.-carcelario.jpg?resize=350%2C200","width":350,"height":200,"srcset":"https:\/\/i0.wp.com\/www.24baires.com\/wp-content\/uploads\/2020\/01\/provincia-sist.-carcelario.jpg?resize=350%2C200 1x, https:\/\/i0.wp.com\/www.24baires.com\/wp-content\/uploads\/2020\/01\/provincia-sist.-carcelario.jpg?resize=525%2C300 1.5x"},"classes":[]},{"id":52594,"url":"https:\/\/www.24baires.com\/?p=52594","url_meta":{"origin":6079,"position":5},"title":"Berni, atento a las protestas del jueves","author":"Grupo Sierra","date":"27\/08\/2014","format":false,"excerpt":"El secretario de Seguridad no descart\u00f3 intervenir ma\u00f1ana con fuerzas federales en caso de que se efect\u00faen piquetes o cortes de rutas y calles en medio del paro convocado por el sindicalismo opositor. \"Vamos a ver ma\u00f1ana. La \u00faltima vez eran cortes por todos lados. Eso se ve ma\u00f1ana\", respondi\u00f3\u2026","rel":"","context":"En \u00abSociedad\u00bb","block_context":{"text":"Sociedad","link":"https:\/\/www.24baires.com\/?cat=1"},"img":{"alt_text":"berni","src":"https:\/\/i0.wp.com\/www.24baires.com\/wp-content\/uploads\/2014\/01\/berni.jpg?resize=350%2C200","width":350,"height":200,"srcset":"https:\/\/i0.wp.com\/www.24baires.com\/wp-content\/uploads\/2014\/01\/berni.jpg?resize=350%2C200 1x, https:\/\/i0.wp.com\/www.24baires.com\/wp-content\/uploads\/2014\/01\/berni.jpg?resize=525%2C300 1.5x"},"classes":[]}],"jetpack_sharing_enabled":true,"jetpack_likes_enabled":true,"_links":{"self":[{"href":"https:\/\/www.24baires.com\/index.php?rest_route=\/wp\/v2\/posts\/6079","targetHints":{"allow":["GET"]}}],"collection":[{"href":"https:\/\/www.24baires.com\/index.php?rest_route=\/wp\/v2\/posts"}],"about":[{"href":"https:\/\/www.24baires.com\/index.php?rest_route=\/wp\/v2\/types\/post"}],"author":[{"embeddable":true,"href":"https:\/\/www.24baires.com\/index.php?rest_route=\/wp\/v2\/users\/4"}],"replies":[{"embeddable":true,"href":"https:\/\/www.24baires.com\/index.php?rest_route=%2Fwp%2Fv2%2Fcomments&post=6079"}],"version-history":[{"count":2,"href":"https:\/\/www.24baires.com\/index.php?rest_route=\/wp\/v2\/posts\/6079\/revisions"}],"predecessor-version":[{"id":6081,"href":"https:\/\/www.24baires.com\/index.php?rest_route=\/wp\/v2\/posts\/6079\/revisions\/6081"}],"wp:attachment":[{"href":"https:\/\/www.24baires.com\/index.php?rest_route=%2Fwp%2Fv2%2Fmedia&parent=6079"}],"wp:term":[{"taxonomy":"category","embeddable":true,"href":"https:\/\/www.24baires.com\/index.php?rest_route=%2Fwp%2Fv2%2Fcategories&post=6079"},{"taxonomy":"post_tag","embeddable":true,"href":"https:\/\/www.24baires.com\/index.php?rest_route=%2Fwp%2Fv2%2Ftags&post=6079"}],"curies":[{"name":"wp","href":"https:\/\/api.w.org\/{rel}","templated":true}]}}