{"id":6059,"date":"2012-11-19T21:25:17","date_gmt":"2012-11-20T00:25:17","guid":{"rendered":"http:\/\/www.24baires.com\/?p=6059"},"modified":"2012-11-19T21:25:17","modified_gmt":"2012-11-20T00:25:17","slug":"fundamentan-el-proyecto-que-propone-una-edad-minima-de-21-anos-para-ser-concejal","status":"publish","type":"post","link":"https:\/\/www.24baires.com\/?p=6059","title":{"rendered":"Fundamentan el proyecto que propone una edad m\u00ednima de 21 a\u00f1os para ser Concejal"},"content":{"rendered":"<p>El legislador provincial Alberto Espa\u00f1a consider\u00f3 que la iniciativa del Frente para la Victoria en la Legislatura bonaerense \u00abresuelve una incongruencia\u201d, ya que para los ediles se requiere un m\u00ednimo de 25 a\u00f1os y para un diputado s\u00f3lo 22. \u00abEn este tema hay que adaptar nuestra Carta Magna, que deviene injusta, il\u00f3gica y restringe derechos sin fundamentos\u00bb, precis\u00f3.<!--more--><\/p>\n<p>El proyecto de ley que propone bajar de 25 a 21 a\u00f1os la edad m\u00ednima para ser concejal en los municipios bonaerenses \u00abva en la l\u00ednea de ampliaci\u00f3n de derechos que impulsa el gobierno nacional\u00bb, como ocurri\u00f3 con el voto a los 16, consider\u00f3 hoy el diputado provincial Alberto Espa\u00f1a, autor de la iniciativa.<\/p>\n<p>\u00abEn materia de ampliaci\u00f3n de derechos, las pol\u00edticas de N\u00e9stor y Cristina se han transformado en ejemplo para la comunidad en general, tanto por su impulso hist\u00f3rico como por la repercusi\u00f3n internacional que originaron. Ampliar derechos constituye la esencia misma del Proyecto Nacional, Popular y Democr\u00e1tico que abrazamos y sostenemos\u00bb, agreg\u00f3.<\/p>\n<p>Seg\u00fan explic\u00f3 el legislador, la iniciativa para bajar la edad de los ediles \u00abresuelve una incongruencia, porque para ser elegido diputado se requieren solamente 22 a\u00f1os\u00bb.<\/p>\n<p>\u00abMientras el art\u00edculo 191 establece la edad de 25 a\u00f1os para ser electo concejal, el 71 exige solamente 22 para ser elegido diputado. Eso representa una incongruencia que debemos resolver y por eso promovemos esta reforma en la Constituci\u00f3n de la Provincia de Buenos Aires\u00bb, precis\u00f3.<\/p>\n<p>La iniciativa, que fue presentada la semana pasada en la C\u00e1mara baja bonaerense, propone reformar el inciso 3 del art\u00edculo 191 de la Constituci\u00f3n provincial, fijando en 21 a\u00f1os la edad m\u00ednima para poder ser electo concejal.<\/p>\n<p>\u00abEn este tema hay que adaptar nuestra Carta Magna, que deviene injusta, il\u00f3gica y restringe derechos sin fundamento, ya que es precisamente en el \u00e1mbito municipal donde los j\u00f3venes dan sus primeros pasos de acercamiento a la pr\u00e1ctica pol\u00edtica\u00bb, se\u00f1al\u00f3 Espa\u00f1a.<\/p>\n<p>El mecanismo previsto en la Constituci\u00f3n provincial y adoptado en esta oportunidad es mediante la convocatoria a un plebiscito en la primera elecci\u00f3n que se realice para que los ciudadanos se expresen a favor o en contra de la enmienda, de acuerdo a lo establecido en el inciso (b) del art\u00edculo 206.<\/p>\n<p>&nbsp;<\/p>\n<p>&nbsp;<\/p>\n<p>&nbsp;<\/p>\n<p>&nbsp;<\/p>\n","protected":false},"excerpt":{"rendered":"<p>El legislador provincial Alberto Espa\u00f1a consider\u00f3 que la iniciativa del Frente para la Victoria en la Legislatura bonaerense \u00abresuelve una incongruencia\u201d, ya que para los ediles se requiere un m\u00ednimo de 25 a\u00f1os y para un diputado s\u00f3lo 22. \u00abEn este tema hay que adaptar nuestra Carta Magna, que deviene injusta, il\u00f3gica y restringe derechos sin fundamentos\u00bb, precis\u00f3.<\/p>\n","protected":false},"author":11,"featured_media":0,"comment_status":"open","ping_status":"open","sticky":false,"template":"","format":"standard","meta":{"_jetpack_newsletter_access":"","_jetpack_dont_email_post_to_subs":false,"_jetpack_newsletter_tier_id":0,"_jetpack_memberships_contains_paywalled_content":false,"_jetpack_memberships_contains_paid_content":false,"footnotes":""},"categories":[40],"tags":[],"class_list":["post-6059","post","type-post","status-publish","format-standard","hentry","category-provincia"],"jetpack_featured_media_url":"","jetpack_shortlink":"https:\/\/wp.me\/p2JWE0-1zJ","jetpack-related-posts":[{"id":23046,"url":"https:\/\/www.24baires.com\/?p=23046","url_meta":{"origin":6059,"position":0},"title":"Diputados bonaerenses aprueban proyecto para poder ser concejal desde los 21 a\u00f1os","author":"Grupo Sierra","date":"08\/05\/2013","format":false,"excerpt":"La C\u00e1mara de Diputados bonaerense, aprob\u00f3 esta tarde por unanimidad y gir\u00f3 al Senado el proyecto de ley que declara la necesidad de reformar el inciso 3\u00b0 del art\u00edculo 191 de la Constituci\u00f3n bonaerense, para disminuir de 25 a 21 a\u00f1os la edad que un ciudadano debe tener como requisito\u2026","rel":"","context":"En \u00abPol\u00edtica\u00bb","block_context":{"text":"Pol\u00edtica","link":"https:\/\/www.24baires.com\/?cat=51"},"img":{"alt_text":"","src":"","width":0,"height":0},"classes":[]},{"id":25284,"url":"https:\/\/www.24baires.com\/?p=25284","url_meta":{"origin":6059,"position":1},"title":"La edad m\u00ednima para ser concejal se redujo de 25 a 21 a\u00f1os","author":"AF","date":"07\/06\/2013","format":false,"excerpt":"As\u00ed lo dispuso por mayor\u00eda el Senado de la Provincia, en su sesi\u00f3n de este jueves. Con este fin, se convocar\u00e1 a un plebiscito en las pr\u00f3ximas elecciones para autorizar una reforma constitucional. La C\u00e1mara de Senadores de la Provincia este jueves convirti\u00f3 en ley el proyecto que pide bajar\u2026","rel":"","context":"En \u00abPol\u00edtica\u00bb","block_context":{"text":"Pol\u00edtica","link":"https:\/\/www.24baires.com\/?cat=51"},"img":{"alt_text":"diputados6","src":"https:\/\/i0.wp.com\/www.24baires.com\/wp-content\/uploads\/2013\/06\/diputados6.jpg?resize=350%2C200","width":350,"height":200,"srcset":"https:\/\/i0.wp.com\/www.24baires.com\/wp-content\/uploads\/2013\/06\/diputados6.jpg?resize=350%2C200 1x, https:\/\/i0.wp.com\/www.24baires.com\/wp-content\/uploads\/2013\/06\/diputados6.jpg?resize=525%2C300 1.5x"},"classes":[]},{"id":28442,"url":"https:\/\/www.24baires.com\/?p=28442","url_meta":{"origin":6059,"position":2},"title":"Pospusieron el plebiscito de consulta para bajar a 21 la edad m\u00ednima para ser concejal","author":"AF","date":"17\/07\/2013","format":false,"excerpt":"El Gobierno bonaerense promulg\u00f3 la convocatoria a un plebiscito para reformar la Constituci\u00f3n provincial con el objetivo de bajar de los 25 actuales a 21 a\u00f1os la edad m\u00ednima para ser elegido concejal en los 135 municipios. Pero, contra lo que dispone la propia norma, el gobierno de Daniel Scioli\u2026","rel":"","context":"En \u00abSociedad\u00bb","block_context":{"text":"Sociedad","link":"https:\/\/www.24baires.com\/?cat=1"},"img":{"alt_text":"URNAS VOTOS","src":"https:\/\/i0.wp.com\/www.24baires.com\/wp-content\/uploads\/2013\/06\/URNAS-VOTOS-300x200.jpg?resize=350%2C200","width":350,"height":200},"classes":[]},{"id":122592,"url":"https:\/\/www.24baires.com\/?p=122592","url_meta":{"origin":6059,"position":3},"title":"Buscan ponerle un tope al sueldo de los intendentes y concejales","author":"GB","date":"07\/10\/2025","format":false,"excerpt":"Un proyecto ingresado en la Legislatura propone modificar la Ley Org\u00e1nica de las Municipalidades para establecer topes salariales a los intendentes y concejales. La iniciativa busca terminar con las asimetr\u00edas y que los jefes comunales rindan los gastos de representaci\u00f3n. Un proyecto de ley presentado en la C\u00e1mara de Diputados\u2026","rel":"","context":"En \u00abMunicipios\u00bb","block_context":{"text":"Municipios","link":"https:\/\/www.24baires.com\/?cat=44"},"img":{"alt_text":"","src":"https:\/\/i0.wp.com\/www.24baires.com\/wp-content\/uploads\/2025\/10\/municipios.jpg?resize=350%2C200","width":350,"height":200,"srcset":"https:\/\/i0.wp.com\/www.24baires.com\/wp-content\/uploads\/2025\/10\/municipios.jpg?resize=350%2C200 1x, https:\/\/i0.wp.com\/www.24baires.com\/wp-content\/uploads\/2025\/10\/municipios.jpg?resize=525%2C300 1.5x, https:\/\/i0.wp.com\/www.24baires.com\/wp-content\/uploads\/2025\/10\/municipios.jpg?resize=700%2C400 2x"},"classes":[]},{"id":4593,"url":"https:\/\/www.24baires.com\/?p=4593","url_meta":{"origin":6059,"position":4},"title":"\u00abSuma much\u00edsimo que j\u00f3venes de 21 a\u00f1os puedan ser concejales\u00bb","author":"AF","date":"06\/11\/2012","format":false,"excerpt":"El intendente de Castelli, Francisco Echarren, dijo que es contradictorio que la Constituci\u00f3n bonaerense ponga un piso de 22 a\u00f1os para ser diputado y de 25 para concejal. Intendentes de la provincia de Buenos Aires est\u00e1n promoviendo la modificaci\u00f3n de la Carta Org\u00e1nica de las Municipalidades para que se permita\u2026","rel":"","context":"En \u00abPol\u00edtica\u00bb","block_context":{"text":"Pol\u00edtica","link":"https:\/\/www.24baires.com\/?cat=51"},"img":{"alt_text":"","src":"https:\/\/i0.wp.com\/www.24baires.com\/wp-content\/uploads\/2012\/11\/echarren-castelli.jpg?resize=350%2C200","width":350,"height":200},"classes":[]},{"id":7278,"url":"https:\/\/www.24baires.com\/?p=7278","url_meta":{"origin":6059,"position":5},"title":"Se posterg\u00f3 el Voto Joven para la pr\u00f3xima sesi\u00f3n del Senado bonaerense","author":"AF","date":"29\/11\/2012","format":false,"excerpt":"La C\u00e1mara de Senadores bonaerense posterg\u00f3 el tratamiento del proyecto de ley que habilita a votar a los j\u00f3venes a partir de los 16 a\u00f1os en el \u00e1mbito de la provincia de Buenos Aires, en sinton\u00eda con la ley sancionada por el Congreso Nacional. La iniciativa, de los diputados del\u2026","rel":"","context":"En \u00abSociedad\u00bb","block_context":{"text":"Sociedad","link":"https:\/\/www.24baires.com\/?cat=1"},"img":{"alt_text":"","src":"","width":0,"height":0},"classes":[]}],"jetpack_sharing_enabled":true,"jetpack_likes_enabled":true,"_links":{"self":[{"href":"https:\/\/www.24baires.com\/index.php?rest_route=\/wp\/v2\/posts\/6059","targetHints":{"allow":["GET"]}}],"collection":[{"href":"https:\/\/www.24baires.com\/index.php?rest_route=\/wp\/v2\/posts"}],"about":[{"href":"https:\/\/www.24baires.com\/index.php?rest_route=\/wp\/v2\/types\/post"}],"author":[{"embeddable":true,"href":"https:\/\/www.24baires.com\/index.php?rest_route=\/wp\/v2\/users\/11"}],"replies":[{"embeddable":true,"href":"https:\/\/www.24baires.com\/index.php?rest_route=%2Fwp%2Fv2%2Fcomments&post=6059"}],"version-history":[{"count":3,"href":"https:\/\/www.24baires.com\/index.php?rest_route=\/wp\/v2\/posts\/6059\/revisions"}],"predecessor-version":[{"id":6062,"href":"https:\/\/www.24baires.com\/index.php?rest_route=\/wp\/v2\/posts\/6059\/revisions\/6062"}],"wp:attachment":[{"href":"https:\/\/www.24baires.com\/index.php?rest_route=%2Fwp%2Fv2%2Fmedia&parent=6059"}],"wp:term":[{"taxonomy":"category","embeddable":true,"href":"https:\/\/www.24baires.com\/index.php?rest_route=%2Fwp%2Fv2%2Fcategories&post=6059"},{"taxonomy":"post_tag","embeddable":true,"href":"https:\/\/www.24baires.com\/index.php?rest_route=%2Fwp%2Fv2%2Ftags&post=6059"}],"curies":[{"name":"wp","href":"https:\/\/api.w.org\/{rel}","templated":true}]}}