{"id":60568,"date":"2015-01-22T20:10:02","date_gmt":"2015-01-22T23:10:02","guid":{"rendered":"http:\/\/www.24baires.com\/?p=60568"},"modified":"2015-01-22T20:10:02","modified_gmt":"2015-01-22T23:10:02","slug":"a-quien-le-importa-la-verdad","status":"publish","type":"post","link":"https:\/\/www.24baires.com\/?p=60568","title":{"rendered":"A qui\u00e9n le importa la verdad"},"content":{"rendered":"<p><img data-recalc-dims=\"1\" loading=\"lazy\" decoding=\"async\" class=\"aligncenter size-full wp-image-60569\" src=\"https:\/\/i0.wp.com\/www.24baires.com\/wp-content\/uploads\/2015\/01\/nisman-1.jpg?resize=560%2C314\" alt=\"nisman-1\" width=\"560\" height=\"314\" srcset=\"https:\/\/i0.wp.com\/www.24baires.com\/wp-content\/uploads\/2015\/01\/nisman-1.jpg?w=560&amp;ssl=1 560w, https:\/\/i0.wp.com\/www.24baires.com\/wp-content\/uploads\/2015\/01\/nisman-1.jpg?resize=300%2C168&amp;ssl=1 300w\" sizes=\"auto, (max-width: 560px) 100vw, 560px\" \/>Si ya decidiste qu\u00e9 creer, aun sin saber, significa que la verdad no est\u00e1 entre tus intereses m\u00e1s acuciantes. Y no importa qu\u00e9 hayas decidido creer. Si eleg\u00eds no esperar pruebas, argumentos y razones y se\u00f1alar con tu ya gastado dedo de se\u00f1alar todo lo que no se encuadra en tus gustos y necesidades o se escapa a tus conocimientos, la verdad te es tan extra\u00f1a como te es conocida la ignorancia. Si es as\u00ed, no hay m\u00e1s que decir para vos, dej\u00e1 de leer en este punto. <!--more--><\/p>\n<p>Si no es as\u00ed y, si bien ten\u00e9s tus presunciones, como todos, pero quer\u00e9s saber realmente qu\u00e9 pas\u00f3 m\u00e1s all\u00e1 de lo que supongas, bueno, avancemos juntos en esta noche oscura que no se va desde el lunes por la madrugada. Y avancemos de la mano, para no perdernos y porque, te aseguro, vamos a sentir algo de miedo cuanto m\u00e1s lejos lleguemos.<\/p>\n<p>\u00bfDevelaremos los misterios que rodean la muerte del Fiscal Nisman? Claro que no. No somos peritos forenses ni est\u00e1 en nuestras capacidades realizar semejante proeza. Pero, al menos, reflexionemos con responsabilidad, sin imponer nada a nadie, sin dar por sentadas opiniones personales como si fueran irreductibles hechos de la realidad.<\/p>\n<p>No hablemos de habitaciones cerradas, de puertas sin pestillo, de calibres ni de cajas encomendadas a proveedores de armas. No hablemos de lo que no sabemos. O dej\u00e9moslo a la literatura que gustosa abordar\u00e1 esas cuestiones pudi\u00e9ndole inventar finales y razones, cosa que no deber\u00edamos hacer fuera de los l\u00edmites de la ficci\u00f3n.<\/p>\n<p>Hablemos de las influencias y las imposiciones medi\u00e1ticas, hablemos de los que afirman delante de las c\u00e1maras de TV lo que, en verdad, no saben. Y ellos saben que no saben. Hablemos de la tendenciosidad de los titulares, de raras encuestas, de las opiniones que son m\u00e1s acusaciones sin fundamentos que simples posturas. Hablemos de los que te preguntan tu opini\u00f3n s\u00f3lo para poder descalificarte s\u00f3lo porque no dec\u00eds lo que ellos anhelan o\u00edr.<\/p>\n<p>En el mundo que vivimos, que es el que mal o bien hemos construido y destruido entre todos, lo mejor que podemos hacer ante las opiniones de los dem\u00e1s es dudar. Porque cuando nos sirven la comidita ya digerida para que la devoremos, en ese platillo se amasaron los intereses de otros y si la masticamos sin pensar, s\u00f3lo lograremos atragantarnos y ser meros repetidores de los argumentos que otros han perge\u00f1ado porque as\u00ed, y s\u00f3lo as\u00ed, les conviene que se conozcan.<\/p>\n<p>Es como decir que fue un \u201csuicidio inducido\u201d a siete horas de encontrar el cuerpo del Fiscal, cuando reci\u00e9n se lo estaba retirando de su departamento. A Nelson Castro le serv\u00eda decir eso, sembrar sospechas cuando aun est\u00e1bamos shokeados (quiz\u00e1 sigamos bajo esa emoci\u00f3n) y que todo apunte al Gobierno, el peor perjudicado con todo esto. Es como decir que lo mat\u00f3 el Gobierno, incluso, como ya hizo Carri\u00f3, porque a ella le sirve desparramar la bosca que tradicionalmente suele escupir desde su fabuladora boca. Raro que no lo predijo.<\/p>\n<p>\u00bfA qui\u00e9n le importa la verdad? De seguro a aquellos que este evento desafortunado ensucia y perjudica, claro. A quienes descabezaron el Servicio de Inteligencia porque sab\u00edan que all\u00ed, desde hac\u00eda 42 a\u00f1os, hab\u00eda gente nociva para todos, que encubr\u00edan los hechos y ama\u00f1aban la informaci\u00f3n. Porque en la SIDE estaban muchos de los responsables de que tengamos 21 a\u00f1os de impunidad en el caso AMIA, por ejemplo. Tambi\u00e9n los hay en el Poder Judicial y en la pol\u00edtica, es por eso que cuando de verdad se quiso avanzar como fue el momento de la presentaci\u00f3n del Memorando de entendimiento con Ir\u00e1n, saltaron como locos, desquiciados, y eran los que siguen al pie los pasos que les marcaban seguir desde la Embajada norteamericana.<\/p>\n<p>Pero, \u00bfa qui\u00e9n le importa la verdad? Si encontramos un video donde se demuestra que se suicid\u00f3, probablemente aquellos que ya tomaron posici\u00f3n y salieron a marchar diciendo que ellos eran Nisman, no lo creer\u00e1n, siquiera.<\/p>\n<p>Porque est\u00e1n enceguecidos, porque lo que pas\u00f3 en verdad carece de importancia, porque la violencia y el odio envenenaron todo. Y si se descubre que fue un homicidio, tenemos que empezar a ver con los ojos bien abiertos a quienes sirvi\u00f3 Nisman con vida y a quienes les queda mejor su desaparici\u00f3n f\u00edsica ahora que la acusaci\u00f3n que hizo se cae a pedazos.<\/p>\n<p>Porque ya nos enteramos que la denuncia que realiz\u00f3 es inconsistente, que no hay delito en lo que Nisman se\u00f1alaba, en el peor de los casos que fuera cierto. Ya vimos que no ten\u00eda pruebas, us\u00f3 como fuente programas de Lanata y chismes de supuestos esp\u00edas. Y, si dudamos, todo empieza a hacer mucho ruido: tenemos un corso de sospechas. Y no apuntan necesariamente a donde muchos oportunistas de los medios y la pol\u00edtica quieren llevarnos.<\/p>\n<p>Pero sigamos dudando, no caigamos en el facilismo de comprar el buz\u00f3n de la opini\u00f3n ajena, sea de quien sea. Porque la verdad importa, porque si deja de importar nada tiene sentido, porque la verdad debe trascender cargos, tiempo y cualquier batalla, porque la verdad es todo eso y m\u00e1s. Porque no hay libertad sin verdad y as\u00ed, presos de la mentira, no se puede vivir.<\/p>\n","protected":false},"excerpt":{"rendered":"<p>Si ya decidiste qu\u00e9 creer, aun sin saber, significa que la verdad no est\u00e1 entre tus intereses m\u00e1s acuciantes. Y no importa qu\u00e9 hayas decidido creer. Si eleg\u00eds no esperar pruebas, argumentos y razones y se\u00f1alar con tu ya gastado dedo de se\u00f1alar todo lo que no se encuadra en tus gustos y necesidades o se escapa a tus conocimientos, [&#8230;]<\/p>\n","protected":false},"author":11,"featured_media":0,"comment_status":"open","ping_status":"open","sticky":false,"template":"","format":"standard","meta":{"_jetpack_newsletter_access":"","_jetpack_dont_email_post_to_subs":false,"_jetpack_newsletter_tier_id":0,"_jetpack_memberships_contains_paywalled_content":false,"_jetpack_memberships_contains_paid_content":false,"footnotes":""},"categories":[64],"tags":[],"class_list":["post-60568","post","type-post","status-publish","format-standard","hentry","category-opinion"],"jetpack_featured_media_url":"","jetpack_shortlink":"https:\/\/wp.me\/p2JWE0-fKU","jetpack-related-posts":[{"id":111164,"url":"https:\/\/www.24baires.com\/?p=111164","url_meta":{"origin":60568,"position":0},"title":"Vidal y Macri se mostraron en La Plata: \u00abEsta revoluci\u00f3n no puede parar\u00bb","author":"AF","date":"13\/07\/2019","format":false,"excerpt":"El presidente y la gobernadora inauguraron un taller ferroviario. Adem\u00e1s presentaron a los candidatos bonaerenses de Juntos por el Cambio. El presidente Mauricio Macri se mostr\u00f3 este s\u00e1bado con la gobernadora bonaerense, Mar\u00eda Eugenia Vidal, en la inauguraci\u00f3n de un taller ferroviario en el partido de La Plata y remarc\u00f3\u2026","rel":"","context":"En \u00abPol\u00edtica\u00bb","block_context":{"text":"Pol\u00edtica","link":"https:\/\/www.24baires.com\/?cat=51"},"img":{"alt_text":"","src":"https:\/\/i0.wp.com\/www.24baires.com\/wp-content\/uploads\/2019\/07\/vidal-macri.jpg?resize=350%2C200","width":350,"height":200,"srcset":"https:\/\/i0.wp.com\/www.24baires.com\/wp-content\/uploads\/2019\/07\/vidal-macri.jpg?resize=350%2C200 1x, https:\/\/i0.wp.com\/www.24baires.com\/wp-content\/uploads\/2019\/07\/vidal-macri.jpg?resize=525%2C300 1.5x"},"classes":[]},{"id":111447,"url":"https:\/\/www.24baires.com\/?p=111447","url_meta":{"origin":60568,"position":1},"title":"Macri inaugur\u00f3 la 133\u00b0 exposici\u00f3n de La Rural con un clima de campa\u00f1a","author":"AF","date":"03\/08\/2019","format":false,"excerpt":"El Presidente inaugur\u00f3 la 133\u00ba edici\u00f3n de la Exposici\u00f3n de Ganader\u00eda, Agricultura e Industria Internacional donde elogi\u00f3 a los productores. Mauricio Macri destac\u00f3 \"la importancia que la familia del campo tiene para los argentinos\", al inaugurar este s\u00e1bado la 133\u00ba edici\u00f3n de la Exposici\u00f3n de Ganader\u00eda, Agricultura e Industria Internacional\u2026","rel":"","context":"En \u00abPol\u00edtica\u00bb","block_context":{"text":"Pol\u00edtica","link":"https:\/\/www.24baires.com\/?cat=51"},"img":{"alt_text":"","src":"https:\/\/i0.wp.com\/www.24baires.com\/wp-content\/uploads\/2019\/08\/macri-rural.jpg?resize=350%2C200","width":350,"height":200,"srcset":"https:\/\/i0.wp.com\/www.24baires.com\/wp-content\/uploads\/2019\/08\/macri-rural.jpg?resize=350%2C200 1x, https:\/\/i0.wp.com\/www.24baires.com\/wp-content\/uploads\/2019\/08\/macri-rural.jpg?resize=525%2C300 1.5x"},"classes":[]},{"id":57920,"url":"https:\/\/www.24baires.com\/?p=57920","url_meta":{"origin":60568,"position":2},"title":"De Narv\u00e1ez dice que si lo opositores no se unen \u00abel FpV seguir\u00e1 gobernando el pa\u00eds\u00bb","author":"GB","date":"30\/11\/2014","format":false,"excerpt":"El diputado nacional Francisco de Narv\u00e1ez advirti\u00f3 que, si los opositores no se unen de cara a las elecciones presidenciales de 2015, \"el Frente para la Victoria seguir\u00e1 gobernando\", aunque admiti\u00f3 que la posibilidad de un frente con varios partidos era \"poco probable\". De Narv\u00e1ez, quien intentar\u00e1 disputar por la\u2026","rel":"","context":"En \u00abElecciones 2015\u00bb","block_context":{"text":"Elecciones 2015","link":"https:\/\/www.24baires.com\/?cat=74"},"img":{"alt_text":"de narv\u00e1ez2","src":"https:\/\/i0.wp.com\/www.24baires.com\/wp-content\/uploads\/2013\/05\/de-narv%C3%A1ez2.jpg?resize=350%2C200","width":350,"height":200,"srcset":"https:\/\/i0.wp.com\/www.24baires.com\/wp-content\/uploads\/2013\/05\/de-narv%C3%A1ez2.jpg?resize=350%2C200 1x, https:\/\/i0.wp.com\/www.24baires.com\/wp-content\/uploads\/2013\/05\/de-narv%C3%A1ez2.jpg?resize=525%2C300 1.5x"},"classes":[]},{"id":107802,"url":"https:\/\/www.24baires.com\/?p=107802","url_meta":{"origin":60568,"position":3},"title":"El juez Ramos Padilla ratific\u00f3 al fiscal Curi en la causa por espionaje ilegal","author":"AF","date":"24\/04\/2019","format":false,"excerpt":"Luego de algunos roces, el magistrado de Dolores rechaz\u00f3 la recusaci\u00f3n planteada por algunos querellantes. El juez de Dolores Alejo Ramos Padilla ratific\u00f3 al fiscal Juan Pablo Curi, contra las recusaciones solicitadas por el querellantes en la causa por presunto espionaje ilegal Ricardo Etchegaray, el acusado ex agente Rolando Barreiro\u2026","rel":"","context":"En \u00abJUDICIALES\u00bb","block_context":{"text":"JUDICIALES","link":"https:\/\/www.24baires.com\/?cat=68"},"img":{"alt_text":"","src":"https:\/\/i0.wp.com\/www.24baires.com\/wp-content\/uploads\/2019\/03\/ramos-padilla-1.jpg?resize=350%2C200","width":350,"height":200,"srcset":"https:\/\/i0.wp.com\/www.24baires.com\/wp-content\/uploads\/2019\/03\/ramos-padilla-1.jpg?resize=350%2C200 1x, https:\/\/i0.wp.com\/www.24baires.com\/wp-content\/uploads\/2019\/03\/ramos-padilla-1.jpg?resize=525%2C300 1.5x"},"classes":[]},{"id":38813,"url":"https:\/\/www.24baires.com\/?p=38813","url_meta":{"origin":60568,"position":4},"title":"El Secretario de DDHH considera que la causa Papel Prensa est\u00e1 \u00abvirtualmente cajoneada\u00bb","author":"Grupo Sierra","date":"19\/01\/2014","format":false,"excerpt":"El secretario de Derechos Humanos de la Naci\u00f3n, Mart\u00edn Fresneda, consider\u00f3 que la causa por la apropiaci\u00f3n de la empresa Papel Prensa se encuentra \"virtualmente cajoneada\" en el Juzgado Federal n\u00famero 10 a cargo de Juli\u00e1n Ercolini, y anticip\u00f3 que a partir de febrero, el organismo que encabeza \"redoblar\u00e1 los\u2026","rel":"","context":"En \u00abMemoria\u00bb","block_context":{"text":"Memoria","link":"https:\/\/www.24baires.com\/?cat=50"},"img":{"alt_text":"fresneda","src":"https:\/\/i0.wp.com\/www.24baires.com\/wp-content\/uploads\/2014\/01\/fresneda.jpg?resize=350%2C200","width":350,"height":200},"classes":[]},{"id":95475,"url":"https:\/\/www.24baires.com\/?p=95475","url_meta":{"origin":60568,"position":5},"title":"Amnist\u00eda Internacional alert\u00f3 sobre el avance en la criminalizaci\u00f3n de la disidencia","author":"AF","date":"27\/06\/2017","format":false,"excerpt":"La ONG tambi\u00e9n puso el acento en la arremetida oficial contra la inmigraci\u00f3n y la situaci\u00f3n de vulnerabilidad de la mujer en el pa\u00eds. \"El continente americano registra un grave retroceso en materia de derechos humanos\", advirti\u00f3 la directora para las Am\u00e9ricas de Amnist\u00eda Internacional, Erika Guevara Rosas. En ese\u2026","rel":"","context":"En \u00abSociedad\u00bb","block_context":{"text":"Sociedad","link":"https:\/\/www.24baires.com\/?cat=1"},"img":{"alt_text":"","src":"https:\/\/i0.wp.com\/www.24baires.com\/wp-content\/uploads\/2016\/06\/milagro-sala.jpg?resize=350%2C200","width":350,"height":200,"srcset":"https:\/\/i0.wp.com\/www.24baires.com\/wp-content\/uploads\/2016\/06\/milagro-sala.jpg?resize=350%2C200 1x, https:\/\/i0.wp.com\/www.24baires.com\/wp-content\/uploads\/2016\/06\/milagro-sala.jpg?resize=525%2C300 1.5x"},"classes":[]}],"jetpack_sharing_enabled":true,"jetpack_likes_enabled":true,"_links":{"self":[{"href":"https:\/\/www.24baires.com\/index.php?rest_route=\/wp\/v2\/posts\/60568","targetHints":{"allow":["GET"]}}],"collection":[{"href":"https:\/\/www.24baires.com\/index.php?rest_route=\/wp\/v2\/posts"}],"about":[{"href":"https:\/\/www.24baires.com\/index.php?rest_route=\/wp\/v2\/types\/post"}],"author":[{"embeddable":true,"href":"https:\/\/www.24baires.com\/index.php?rest_route=\/wp\/v2\/users\/11"}],"replies":[{"embeddable":true,"href":"https:\/\/www.24baires.com\/index.php?rest_route=%2Fwp%2Fv2%2Fcomments&post=60568"}],"version-history":[{"count":1,"href":"https:\/\/www.24baires.com\/index.php?rest_route=\/wp\/v2\/posts\/60568\/revisions"}],"predecessor-version":[{"id":60570,"href":"https:\/\/www.24baires.com\/index.php?rest_route=\/wp\/v2\/posts\/60568\/revisions\/60570"}],"wp:attachment":[{"href":"https:\/\/www.24baires.com\/index.php?rest_route=%2Fwp%2Fv2%2Fmedia&parent=60568"}],"wp:term":[{"taxonomy":"category","embeddable":true,"href":"https:\/\/www.24baires.com\/index.php?rest_route=%2Fwp%2Fv2%2Fcategories&post=60568"},{"taxonomy":"post_tag","embeddable":true,"href":"https:\/\/www.24baires.com\/index.php?rest_route=%2Fwp%2Fv2%2Ftags&post=60568"}],"curies":[{"name":"wp","href":"https:\/\/api.w.org\/{rel}","templated":true}]}}