{"id":6032,"date":"2012-11-19T19:06:50","date_gmt":"2012-11-19T22:06:50","guid":{"rendered":"http:\/\/www.24baires.com\/?p=6032"},"modified":"2012-11-26T18:21:01","modified_gmt":"2012-11-26T21:21:01","slug":"llaman-a-concurso-para-85-licencias-de-fm-en-la-provincia-de-mendoza","status":"publish","type":"post","link":"https:\/\/www.24baires.com\/?p=6032","title":{"rendered":"Llaman a concurso para 85 licencias de FM en la provincia de Mendoza"},"content":{"rendered":"<p><img data-recalc-dims=\"1\" loading=\"lazy\" decoding=\"async\" class=\"aligncenter size-full wp-image-6033\" title=\"sabbatella mendoza\" src=\"https:\/\/i0.wp.com\/www.24baires.com\/wp-content\/uploads\/2012\/11\/sabbatella-mendoza.jpg?resize=560%2C335\" alt=\"\" width=\"560\" height=\"335\" srcset=\"https:\/\/i0.wp.com\/www.24baires.com\/wp-content\/uploads\/2012\/11\/sabbatella-mendoza.jpg?w=560&amp;ssl=1 560w, https:\/\/i0.wp.com\/www.24baires.com\/wp-content\/uploads\/2012\/11\/sabbatella-mendoza.jpg?resize=300%2C179&amp;ssl=1 300w\" sizes=\"auto, (max-width: 560px) 100vw, 560px\" \/><\/p>\n<p>El titular de la AFSCA, Mart\u00edn Sabbatella, reiter\u00f3 en Mendoza que \u00abestamos trabajando para que el conjunto de los grupos econ\u00f3micos que est\u00e1n excedidos (en licencias), presenten su plan de adecuaci\u00f3n\u00bb. \u00a0Al mismo tiempo el organismo que preside Sabbatella abri\u00f3 un concurso p\u00fablico para la adjudicaci\u00f3n de licencias para la\u00a0prestaci\u00f3n\u00a0del servicio de\u00a0comunicaci\u00f3n\u00a0audiovisual de frecuencia modulada (FM) en diversas localidades de la Provincia de Mendoza.<!--more--><br \/>\n\u00abHasta el 7 de diciembre pr\u00f3ximo la adecuaci\u00f3n de los grupos excedidos en licencias es voluntaria y despu\u00e9s, ya con los plazos vencidos\u00bb, ser\u00e1 de oficio, dijo Sabbatella, acompa\u00f1ado por el gobernador mendocino, Francisco P\u00e9rez.<\/p>\n<p>Sabbatella a\u00f1adi\u00f3 que, hasta el 7 de diciembre, \u00abel titular de los grupos o licencia es quien organiza esta adecuaci\u00f3n y despu\u00e9s del 7 es el Estado el que organiza la adecuaci\u00f3n porque no se present\u00f3 y est\u00e1n los plazos vencidos. Un caso es voluntario y otro es de oficio\u00bb.<\/p>\n<p>\u00abEsperamos que todos los grupos cumplan con la ley con tiene que y que todos antes del 7 de diciembre hayan presentado su plan de adecuaci\u00f3n\u00bb, expres\u00f3 el funcionario y subray\u00f3 que hasta ahora \u00abs\u00f3lo un grupo se niega hacerlo y es el grupo Clar\u00edn\u00bb.<\/p>\n<p>Sabbatella asisti\u00f3 anoche a la multitudinaria presentaci\u00f3n en Mendoza del festival \u00abTodas las voces\u00bb, en el ex predio del ferrocarril en el departamento Luj\u00e1n de Cuyo.<\/p>\n<p>Por otra parte, ma\u00f1ana la AFSCA har\u00e1 un taller de asesoramiento para interesados en participar del concurso p\u00fablico para la adjudicaci\u00f3n de 84 licencias de FM en Mendoza, desde las 16.30, en el Albergue de la Municipalidad de Tunuy\u00e1n.<\/p>\n<p>El concurso abarca 35 frecuencias destinadas al sector sin fines de lucro y otras 49 para el sector comercial, en 21 localidades de la provincia, con requisitos que pueden consultarse en la p\u00e1gina web del organismo (www.afsca.gob.ar) o mediante mensajes al correo electr\u00f3nico: concursos2012@afsca.gob.ar.<\/p>\n<p>\u00abLo que busca la ley no es que algo deje de existir, sino que no tengan (los grupos) un tama\u00f1o que lesione al conjunto del mercado de la comunicaci\u00f3n audiovisual\u00bb, con una \u00abposici\u00f3n dominante\u00bb que impida que \u00abotras expresiones puedan existir\u00bb, sostuvo Sabbatella.<\/p>\n<p>Seg\u00fan el titular del AFSCA, \u00abm\u00e1s all\u00e1 de la aplicaci\u00f3n de la ley, que en s\u00ed misma es muy importante para la democracia, tambi\u00e9n est\u00e1 en discusi\u00f3n qui\u00e9n decide el rumbo en la Argentina. Si lo deciden las corporaciones o si lo decide el pueblo a trav\u00e9s de su Parlamento, a trav\u00e9s de su Presidenta, a trav\u00e9s de quienes el pueblo elige\u00bb.<\/p>\n","protected":false},"excerpt":{"rendered":"<p>El titular de la AFSCA, Mart\u00edn Sabbatella, reiter\u00f3 en Mendoza que \u00abestamos trabajando para que el conjunto de los grupos econ\u00f3micos que est\u00e1n excedidos (en licencias), presenten su plan de adecuaci\u00f3n\u00bb. \u00a0Al mismo tiempo el organismo que preside Sabbatella abri\u00f3 un concurso p\u00fablico para la adjudicaci\u00f3n de licencias para la\u00a0prestaci\u00f3n\u00a0del servicio de\u00a0comunicaci\u00f3n\u00a0audiovisual de frecuencia modulada (FM) en diversas localidades de [&#8230;]<\/p>\n","protected":false},"author":11,"featured_media":0,"comment_status":"open","ping_status":"open","sticky":false,"template":"","format":"standard","meta":{"_jetpack_newsletter_access":"","_jetpack_dont_email_post_to_subs":false,"_jetpack_newsletter_tier_id":0,"_jetpack_memberships_contains_paywalled_content":false,"_jetpack_memberships_contains_paid_content":false,"footnotes":""},"categories":[54],"tags":[],"class_list":["post-6032","post","type-post","status-publish","format-standard","hentry","category-medios"],"jetpack_featured_media_url":"","jetpack_shortlink":"https:\/\/wp.me\/p2JWE0-1zi","jetpack-related-posts":[{"id":3951,"url":"https:\/\/www.24baires.com\/?p=3951","url_meta":{"origin":6032,"position":0},"title":"Sabbatella asegur\u00f3 que \u00abClar\u00edn est\u00e1 desafiando a la democracia\u00bb","author":"Grupo Sierra","date":"31\/10\/2012","format":false,"excerpt":"El titular de la Autoridad Federal de Servicios de Comunicaci\u00f3n Audiovisual, Mart\u00edn Sabbatella, se refiri\u00f3 a la negativa de Clar\u00edn a presentar un plan de adecuaci\u00f3n a la ley. Adem\u00e1s reiter\u00f3 que despu\u00e9s del 7 de diciembre el organismo \"actuar\u00e1 de oficio\". \"Es un desaf\u00edo a la democracia, al estado\u2026","rel":"","context":"En \u00abMedios\u00bb","block_context":{"text":"Medios","link":"https:\/\/www.24baires.com\/?cat=54"},"img":{"alt_text":"","src":"https:\/\/i0.wp.com\/www.24baires.com\/wp-content\/uploads\/2012\/10\/sabbatella-desafio.jpg?resize=350%2C200","width":350,"height":200,"srcset":"https:\/\/i0.wp.com\/www.24baires.com\/wp-content\/uploads\/2012\/10\/sabbatella-desafio.jpg?resize=350%2C200 1x, https:\/\/i0.wp.com\/www.24baires.com\/wp-content\/uploads\/2012\/10\/sabbatella-desafio.jpg?resize=525%2C300 1.5x"},"classes":[]},{"id":5405,"url":"https:\/\/www.24baires.com\/?p=5405","url_meta":{"origin":6032,"position":1},"title":"Sabbatella: \u00abNadie puede tener en una ciudad m\u00e1s de 3 licencias de radio\u00bb","author":"Grupo Sierra","date":"14\/11\/2012","format":false,"excerpt":"El titular de la Afsca, Mart\u00edn Sabbatella, confirm\u00f3 que \"despu\u00e9s del 7 de diciembre comienza el proceso de oficio\". Y detall\u00f3 que el grupo Clar\u00edn \"puede tener 24 y hoy tiene 237 licencias\" de cable.\u00a0\"De esta manera, despu\u00e9s del 7 de diciembre la AFSCA inicia el proceso de transferencia de\u2026","rel":"","context":"En \u00abMedios\u00bb","block_context":{"text":"Medios","link":"https:\/\/www.24baires.com\/?cat=54"},"img":{"alt_text":"","src":"","width":0,"height":0},"classes":[]},{"id":5008,"url":"https:\/\/www.24baires.com\/?p=5008","url_meta":{"origin":6032,"position":2},"title":"El jueves Sabbattella dar\u00e1 a conocer el \u00abcuadro de situaci\u00f3n\u00bb de los grupos de medios con vistas al 7D","author":"Grupo Sierra","date":"11\/11\/2012","format":false,"excerpt":"El titular de la (AFSCA), Mart\u00edn Sabbatella, brindar\u00e1 el pr\u00f3ximo jueves 15 una conferencia de prensa donde presentar\u00e1 el \"cuadro de situaci\u00f3n\" de los grupos de medios que exceden lo establecido por la ley de Servicios de Comunicaci\u00f3n Audiovisual (SCA), tanto en porcentaje de mercado como en cantidad de licencias.\u2026","rel":"","context":"En \u00abMedios\u00bb","block_context":{"text":"Medios","link":"https:\/\/www.24baires.com\/?cat=54"},"img":{"alt_text":"","src":"","width":0,"height":0},"classes":[]},{"id":17513,"url":"https:\/\/www.24baires.com\/?p=17513","url_meta":{"origin":6032,"position":3},"title":"Sabbatella, clar\u00edsimo: \u00abNadie tiene coronita, las reglas son parejas\u00bb","author":"AF","date":"05\/03\/2013","format":false,"excerpt":"El titular de la Autoridad Federal de Servicios de Comunicaci\u00f3n Audiovisual (Afsca), Mart\u00edn Sabbatella, asegur\u00f3 hoy que la venta de medios del grupo Hadad al grupo Indalo, aprobada por ese organismo, \"se ajusta perfectamente a la ley\" porque se enmarca en el plan de adecuaci\u00f3n, e insisti\u00f3 con que \"las\u2026","rel":"","context":"En \u00abMedios\u00bb","block_context":{"text":"Medios","link":"https:\/\/www.24baires.com\/?cat=54"},"img":{"alt_text":"","src":"","width":0,"height":0},"classes":[]},{"id":5148,"url":"https:\/\/www.24baires.com\/?p=5148","url_meta":{"origin":6032,"position":4},"title":"\u00abEl Estado no viene ni a estatizar ni a expropiar a nadie, lo que viene a hacer es cumplir la ley\u00bb","author":"Grupo Sierra","date":"12\/11\/2012","format":false,"excerpt":"El presidente de la Afsca, Mart\u00edn Sabbatella, asegur\u00f3 que el Estado \"viene a cumplir con la ley\" y \"garantizar el servicio y las fuentes de trabajo del conjunto de los trabajadores\", as\u00ed como tambi\u00e9n \"la libertad de expresi\u00f3n y el derecho a estar informados\". \"El Estado no viene ni a\u2026","rel":"","context":"En \u00abMedios\u00bb","block_context":{"text":"Medios","link":"https:\/\/www.24baires.com\/?cat=54"},"img":{"alt_text":"","src":"","width":0,"height":0},"classes":[]},{"id":40574,"url":"https:\/\/www.24baires.com\/?p=40574","url_meta":{"origin":6032,"position":5},"title":"Tratan hoy la adecuaci\u00f3n del Grupo Clar\u00edn a la Ley de Medios","author":"Grupo Sierra","date":"17\/02\/2014","format":false,"excerpt":"El directorio de la Autoridad Federal de Servicios de Comunicaci\u00f3n Audiovisual (Afsca) se reunir\u00e1 este lunes para tratar el plan de adecuaci\u00f3n a la Ley de Medios que present\u00f3 el Grupo Clar\u00edn. La propuesta consiste en una divisi\u00f3n del mayor multimedios de la Argentina en media docena de empresas. \"Si\u2026","rel":"","context":"En \u00abGeneral\u00bb","block_context":{"text":"General","link":"https:\/\/www.24baires.com\/?cat=67"},"img":{"alt_text":"sabatella locura","src":"https:\/\/i0.wp.com\/www.24baires.com\/wp-content\/uploads\/2012\/11\/sabatella-locura.jpg?resize=350%2C200","width":350,"height":200,"srcset":"https:\/\/i0.wp.com\/www.24baires.com\/wp-content\/uploads\/2012\/11\/sabatella-locura.jpg?resize=350%2C200 1x, https:\/\/i0.wp.com\/www.24baires.com\/wp-content\/uploads\/2012\/11\/sabatella-locura.jpg?resize=525%2C300 1.5x"},"classes":[]}],"jetpack_sharing_enabled":true,"jetpack_likes_enabled":true,"_links":{"self":[{"href":"https:\/\/www.24baires.com\/index.php?rest_route=\/wp\/v2\/posts\/6032","targetHints":{"allow":["GET"]}}],"collection":[{"href":"https:\/\/www.24baires.com\/index.php?rest_route=\/wp\/v2\/posts"}],"about":[{"href":"https:\/\/www.24baires.com\/index.php?rest_route=\/wp\/v2\/types\/post"}],"author":[{"embeddable":true,"href":"https:\/\/www.24baires.com\/index.php?rest_route=\/wp\/v2\/users\/11"}],"replies":[{"embeddable":true,"href":"https:\/\/www.24baires.com\/index.php?rest_route=%2Fwp%2Fv2%2Fcomments&post=6032"}],"version-history":[{"count":3,"href":"https:\/\/www.24baires.com\/index.php?rest_route=\/wp\/v2\/posts\/6032\/revisions"}],"predecessor-version":[{"id":6899,"href":"https:\/\/www.24baires.com\/index.php?rest_route=\/wp\/v2\/posts\/6032\/revisions\/6899"}],"wp:attachment":[{"href":"https:\/\/www.24baires.com\/index.php?rest_route=%2Fwp%2Fv2%2Fmedia&parent=6032"}],"wp:term":[{"taxonomy":"category","embeddable":true,"href":"https:\/\/www.24baires.com\/index.php?rest_route=%2Fwp%2Fv2%2Fcategories&post=6032"},{"taxonomy":"post_tag","embeddable":true,"href":"https:\/\/www.24baires.com\/index.php?rest_route=%2Fwp%2Fv2%2Ftags&post=6032"}],"curies":[{"name":"wp","href":"https:\/\/api.w.org\/{rel}","templated":true}]}}