{"id":6027,"date":"2012-11-19T09:35:31","date_gmt":"2012-11-19T12:35:31","guid":{"rendered":"http:\/\/www.24baires.com\/?p=6027"},"modified":"2012-11-19T15:54:21","modified_gmt":"2012-11-19T18:54:21","slug":"la-legislatura-bonaerense-realizara-un-foro-para-una-agenda-de-genero","status":"publish","type":"post","link":"https:\/\/www.24baires.com\/?p=6027","title":{"rendered":"La Legislatura bonaerense realizar\u00e1 un Foro \u201cpara una agenda de G\u00e9nero\u00bb"},"content":{"rendered":"<p><strong>LA PLATA &#8211;<\/strong> Tendr\u00e1 lugar el pr\u00f3ximo mi\u00e9rcoles a partir de las 13.30 en el sal\u00f3n central \u201cEva Per\u00f3n del Edificio Anexo del Senado bonaerense, en el marco del \u201cD\u00eda internacional de la Eliminaci\u00f3n de la Violencia contra la Mujer\u201d. El Foro tiene por objetivo que la ciudadan\u00eda exponga sus propuestas de pol\u00edticas p\u00fablicas para una agenda de g\u00e9nero.<!--more--><\/p>\n<p>En el marco del \u201cD\u00eda internacional de la Eliminaci\u00f3n de la Violencia contra la Mujer\u201d, el pr\u00f3ximo 25 de noviembre, la Legislatura bonaerense realizar\u00e1 un Foro \u201cpara una agenda de g\u00e9nero en la provincia de Buenos Aires\u201d.<\/p>\n<p>El Foro tiene por objeto permitir la efectiva participaci\u00f3n ciudadana en el proceso de debate de pol\u00edticas p\u00fablicas, a fin de promover y generar condiciones aptas para sensibilizar, prevenir, sancionar y erradicar la discriminaci\u00f3n y las violencias contra las mujeres y garantizar la asistencia integral a las v\u00edctimas de violencia de g\u00e9nero en la provincia de Buenos Aires.<\/p>\n<p>El mismo, tendr\u00e1 lugar el mi\u00e9rcoles 21 de Noviembre a partir de las 13.30 en el Edificio Anexo \u201cVicegobernador Alberto Balestrini\u201d, Sal\u00f3n Central \u201cEva Per\u00f3n\u201d, de la Honorable C\u00e1mara de Senadores de la provincia de Buenos Aires, sito en Avenida 7 esquina 49, de La Plata.<\/p>\n<p>Los participantes que deseen hacer uso de la palabra, podr\u00e1n inscribirse v\u00eda correo electr\u00f3nico a:<br \/>\nmasderechosmasmujeres@senado-ba.gov.ar o al momento de la acreditaci\u00f3n,<br \/>\nconsignando los siguientes datos:<br \/>\n&#8211; Nombre y apellido<br \/>\n&#8211; Tel\u00e9fono<br \/>\n&#8211; Correo electr\u00f3nico<br \/>\n&#8211; Representaci\u00f3n institucional (si correspondiera).<\/p>\n<p>El tiempo concedido a cada orador ser\u00e1 de cinco minutos.<\/p>\n<p>Los interesados podr\u00e1n ampliar sus propuestas, aportes y sugerencias mediante la entrega de documentos en soporte papel en la mesa de acreditaciones del Foro y\/o digital, a<br \/>\nmasderechosmasmujeres@senado-ba.gov.ar.<\/p>\n","protected":false},"excerpt":{"rendered":"<p>LA PLATA &#8211; Tendr\u00e1 lugar el pr\u00f3ximo mi\u00e9rcoles a partir de las 13.30 en el sal\u00f3n central \u201cEva Per\u00f3n del Edificio Anexo del Senado bonaerense, en el marco del \u201cD\u00eda internacional de la Eliminaci\u00f3n de la Violencia contra la Mujer\u201d. El Foro tiene por objetivo que la ciudadan\u00eda exponga sus propuestas de pol\u00edticas p\u00fablicas para una agenda de g\u00e9nero.<\/p>\n","protected":false},"author":4,"featured_media":0,"comment_status":"open","ping_status":"open","sticky":false,"template":"","format":"standard","meta":{"_jetpack_newsletter_access":"","_jetpack_dont_email_post_to_subs":false,"_jetpack_newsletter_tier_id":0,"_jetpack_memberships_contains_paywalled_content":false,"_jetpack_memberships_contains_paid_content":false,"footnotes":""},"categories":[1],"tags":[],"class_list":["post-6027","post","type-post","status-publish","format-standard","hentry","category-sociedad"],"jetpack_featured_media_url":"","jetpack_shortlink":"https:\/\/wp.me\/p2JWE0-1zd","jetpack-related-posts":[{"id":118912,"url":"https:\/\/www.24baires.com\/?p=118912","url_meta":{"origin":6027,"position":0},"title":"Avanza la creaci\u00f3n de un plan nacional para erradicar la Violencia de G\u00e9nero","author":"GB","date":"30\/05\/2022","format":false,"excerpt":"La ministra de las Mujeres Estela D\u00edaz junto a su par de Naci\u00f3n Elizabeth G\u00f3mez Alcorta y la intendenta de Quilmes Mayra Mendoza realizaron el cierre del Foro participativo para la elaboraci\u00f3n del Plan Nacional de Acci\u00f3n contra las Violencias por Motivos de G\u00e9nero. La actividad, que cont\u00f3 con la\u2026","rel":"","context":"En \u00abSociedad\u00bb","block_context":{"text":"Sociedad","link":"https:\/\/www.24baires.com\/?cat=1"},"img":{"alt_text":"","src":"https:\/\/i0.wp.com\/www.24baires.com\/wp-content\/uploads\/2022\/05\/Compartido-desde-Lightroom-mobile-26-1024x648-1.jpg?resize=350%2C200","width":350,"height":200,"srcset":"https:\/\/i0.wp.com\/www.24baires.com\/wp-content\/uploads\/2022\/05\/Compartido-desde-Lightroom-mobile-26-1024x648-1.jpg?resize=350%2C200 1x, https:\/\/i0.wp.com\/www.24baires.com\/wp-content\/uploads\/2022\/05\/Compartido-desde-Lightroom-mobile-26-1024x648-1.jpg?resize=525%2C300 1.5x, https:\/\/i0.wp.com\/www.24baires.com\/wp-content\/uploads\/2022\/05\/Compartido-desde-Lightroom-mobile-26-1024x648-1.jpg?resize=700%2C400 2x"},"classes":[]},{"id":120729,"url":"https:\/\/www.24baires.com\/?p=120729","url_meta":{"origin":6027,"position":1},"title":"Kicillof mantendr\u00e1 el Minsiterio de Mujeres","author":"GB","date":"06\/12\/2023","format":false,"excerpt":"As\u00ed lo confirm\u00f3 Estela D\u00edaz, aunque no asegur\u00f3 su continuidad en el puesto. El gobernador confirm\u00f3 que mantendr\u00e1 con el mismo rango al Ministerio de las Mujeres (en rigor de las Mujeres, Pol\u00edticas de G\u00e9nero y Diversidad Sexual), creado en 2019. Estela D\u00edaz, actual titular de la cartera, afirm\u00f3 de\u2026","rel":"","context":"En \u00abProvincia\u00bb","block_context":{"text":"Provincia","link":"https:\/\/www.24baires.com\/?cat=40"},"img":{"alt_text":"","src":"https:\/\/i0.wp.com\/www.24baires.com\/wp-content\/uploads\/2023\/12\/kici-mist-mujeres.jpg?resize=350%2C200","width":350,"height":200,"srcset":"https:\/\/i0.wp.com\/www.24baires.com\/wp-content\/uploads\/2023\/12\/kici-mist-mujeres.jpg?resize=350%2C200 1x, https:\/\/i0.wp.com\/www.24baires.com\/wp-content\/uploads\/2023\/12\/kici-mist-mujeres.jpg?resize=525%2C300 1.5x, https:\/\/i0.wp.com\/www.24baires.com\/wp-content\/uploads\/2023\/12\/kici-mist-mujeres.jpg?resize=700%2C400 2x"},"classes":[]},{"id":35334,"url":"https:\/\/www.24baires.com\/?p=35334","url_meta":{"origin":6027,"position":2},"title":"La C\u00e1mara de Diputados bonaerense realizar\u00e1 en Tandil un nuevo foro contra la trata de personas","author":"AF","date":"18\/11\/2013","format":false,"excerpt":"La iniciativa impulsada por el vicegobernador de Buenos Aires, Gabriel Mariotto y el presidente de la c\u00e1mara baja, Horacio Gonzalez, busca generar debates y consesos que produzcan una legislaci\u00f3n participativa respecto a la trata de personas. El segundo foro se realizar\u00e1 en la sede de Tandil de la Universidad Nacional\u2026","rel":"","context":"En \u00abSociedad\u00bb","block_context":{"text":"Sociedad","link":"https:\/\/www.24baires.com\/?cat=1"},"img":{"alt_text":"","src":"","width":0,"height":0},"classes":[]},{"id":35783,"url":"https:\/\/www.24baires.com\/?p=35783","url_meta":{"origin":6027,"position":3},"title":"Casal afirm\u00f3 que \u00abel Estado tiene un rol central en la prevenci\u00f3n de la violencia de g\u00e9nero\u00bb","author":"GB","date":"26\/11\/2013","format":false,"excerpt":"La cartera de Justicia desarroll\u00f3 una serie de actividades de sensibilizaci\u00f3n en el marco del D\u00eda Internacional de la Eliminaci\u00f3n de la Violencia contra la Mujer, que se conmemor\u00f3 ayer, por lo que los principales edificios de esa cartera fueron iluminados en violeta, color que simboliza esa lucha. \"Este tipo\u2026","rel":"","context":"En \u00abProvincia\u00bb","block_context":{"text":"Provincia","link":"https:\/\/www.24baires.com\/?cat=40"},"img":{"alt_text":"CASAL 24 BAIRES small","src":"https:\/\/i0.wp.com\/www.24baires.com\/wp-content\/uploads\/2012\/12\/CASAL-24-BAIRES-small.jpg?resize=350%2C200","width":350,"height":200,"srcset":"https:\/\/i0.wp.com\/www.24baires.com\/wp-content\/uploads\/2012\/12\/CASAL-24-BAIRES-small.jpg?resize=350%2C200 1x, https:\/\/i0.wp.com\/www.24baires.com\/wp-content\/uploads\/2012\/12\/CASAL-24-BAIRES-small.jpg?resize=525%2C300 1.5x"},"classes":[]},{"id":35686,"url":"https:\/\/www.24baires.com\/?p=35686","url_meta":{"origin":6027,"position":4},"title":"Aumentan las denuncias por violencia familiar en el territorio bonaerense","author":"Grupo Sierra","date":"24\/11\/2013","format":false,"excerpt":"Las denuncias por casos de maltrato familiar crecieron en lo que va del a\u00f1o un 17% con respecto al mismo per\u00edodo de 2012, de acuerdo a las llamadas recibidas en la l\u00ednea gratuita 0800-666-5065 que el ministerio de Desarrollo Social de la Provincia pone a disposici\u00f3n de las v\u00edctimas de\u2026","rel":"","context":"En \u00abProvincia\u00bb","block_context":{"text":"Provincia","link":"https:\/\/www.24baires.com\/?cat=40"},"img":{"alt_text":"","src":"","width":0,"height":0},"classes":[]},{"id":90264,"url":"https:\/\/www.24baires.com\/?p=90264","url_meta":{"origin":6027,"position":5},"title":"Marchas y acto en Plaza de Mayo contra la violencia de g\u00e9nero","author":"GB","date":"25\/11\/2016","format":false,"excerpt":"En el marco del D\u00eda Internacional de la Eliminaci\u00f3n de la Violencia contra la Mujer, agrupaciones, sindicatos y centros de estudiantes de movilizan desde la ma\u00f1ana. Agrupaciones, sindicatos, centros de estudiantes y organizaciones sociales y pol\u00edticas se movilizan en el marco del D\u00eda Internacional de la Eliminaci\u00f3n de la Violencia\u2026","rel":"","context":"En \u00abPol\u00edtica\u00bb","block_context":{"text":"Pol\u00edtica","link":"https:\/\/www.24baires.com\/?cat=51"},"img":{"alt_text":"niunamenos mdp","src":"https:\/\/i0.wp.com\/www.24baires.com\/wp-content\/uploads\/2015\/06\/niunamenos-mdp.png?resize=350%2C200","width":350,"height":200,"srcset":"https:\/\/i0.wp.com\/www.24baires.com\/wp-content\/uploads\/2015\/06\/niunamenos-mdp.png?resize=350%2C200 1x, https:\/\/i0.wp.com\/www.24baires.com\/wp-content\/uploads\/2015\/06\/niunamenos-mdp.png?resize=525%2C300 1.5x"},"classes":[]}],"jetpack_sharing_enabled":true,"jetpack_likes_enabled":true,"_links":{"self":[{"href":"https:\/\/www.24baires.com\/index.php?rest_route=\/wp\/v2\/posts\/6027","targetHints":{"allow":["GET"]}}],"collection":[{"href":"https:\/\/www.24baires.com\/index.php?rest_route=\/wp\/v2\/posts"}],"about":[{"href":"https:\/\/www.24baires.com\/index.php?rest_route=\/wp\/v2\/types\/post"}],"author":[{"embeddable":true,"href":"https:\/\/www.24baires.com\/index.php?rest_route=\/wp\/v2\/users\/4"}],"replies":[{"embeddable":true,"href":"https:\/\/www.24baires.com\/index.php?rest_route=%2Fwp%2Fv2%2Fcomments&post=6027"}],"version-history":[{"count":1,"href":"https:\/\/www.24baires.com\/index.php?rest_route=\/wp\/v2\/posts\/6027\/revisions"}],"predecessor-version":[{"id":6028,"href":"https:\/\/www.24baires.com\/index.php?rest_route=\/wp\/v2\/posts\/6027\/revisions\/6028"}],"wp:attachment":[{"href":"https:\/\/www.24baires.com\/index.php?rest_route=%2Fwp%2Fv2%2Fmedia&parent=6027"}],"wp:term":[{"taxonomy":"category","embeddable":true,"href":"https:\/\/www.24baires.com\/index.php?rest_route=%2Fwp%2Fv2%2Fcategories&post=6027"},{"taxonomy":"post_tag","embeddable":true,"href":"https:\/\/www.24baires.com\/index.php?rest_route=%2Fwp%2Fv2%2Ftags&post=6027"}],"curies":[{"name":"wp","href":"https:\/\/api.w.org\/{rel}","templated":true}]}}