{"id":6022,"date":"2012-11-19T09:30:44","date_gmt":"2012-11-19T12:30:44","guid":{"rendered":"http:\/\/www.24baires.com\/?p=6022"},"modified":"2012-11-19T15:24:01","modified_gmt":"2012-11-19T18:24:01","slug":"convocan-a-adultos-mayores-a-definir-politicas-publicas-de-su-incumbencia","status":"publish","type":"post","link":"https:\/\/www.24baires.com\/?p=6022","title":{"rendered":"Convocan a adultos mayores a definir pol\u00edticas p\u00fablicas de su incumbencia"},"content":{"rendered":"<p><img data-recalc-dims=\"1\" loading=\"lazy\" decoding=\"async\" class=\"alignleft size-medium wp-image-6023\" title=\"Ferr\u00e9 - adultos mayores\" src=\"https:\/\/i0.wp.com\/www.24baires.com\/wp-content\/uploads\/2012\/11\/Ferr%C3%A9-adultos-mayores.jpg?resize=300%2C218\" alt=\"\" width=\"300\" height=\"218\" srcset=\"https:\/\/i0.wp.com\/www.24baires.com\/wp-content\/uploads\/2012\/11\/Ferr%C3%A9-adultos-mayores.jpg?resize=300%2C218&amp;ssl=1 300w, https:\/\/i0.wp.com\/www.24baires.com\/wp-content\/uploads\/2012\/11\/Ferr%C3%A9-adultos-mayores.jpg?w=560&amp;ssl=1 560w\" sizes=\"auto, (max-width: 300px) 100vw, 300px\" \/>El ministerio de Desarrollo Social, a trav\u00e9s de su Direcci\u00f3n de la Tercera Edad, lleva a cabo una <strong>campa\u00f1a para que los adultos mayores de la Provincia participen activamente en la definici\u00f3n de pol\u00edticas p\u00fablicas para el sector<\/strong>, a partir de la conformaci\u00f3n de <strong>Consejos Municipales<\/strong>. Hasta el momento, esos organismos funcionan en 41 municipios y se trabaja para que se constituyan en otros 47 distritos.<!--more--><\/p>\n<p>El titular de la cartera social, Mart\u00edn Ferr\u00e9, explic\u00f3 que \u201cestamos trabajando con los municipios y las organizaciones vinculadas con la tercera edad para lograr que cada distrito tenga su representaci\u00f3n formal en el Consejo Provincial de Adultos Mayores, que es una herramienta de gesti\u00f3n fundamental para establecer acciones que favorezcan el desarrollo, la sociabilidad y la inclusi\u00f3n de las personas de edad\u201d.<\/p>\n<p>\u201cQueremos que participen y sumen su experiencia de gran valor para nosotros y por eso no s\u00f3lo estamos articulando tareas con organizaciones y centros de jubilados, sino tambi\u00e9n con los municipios, a quienes asesoramos para promover la creaci\u00f3n de Consejos ya que concebimos a los adultos mayores, sus organizaciones y las gestiones locales como actores principales de nuestra gesti\u00f3n\u201d, destac\u00f3.<\/p>\n<p>Para ello, los referentes del \u00e1rea de la Tercera Edad de la Subsecretar\u00eda de Pol\u00edticas Sociales provincial ya mantuvieron encuentros con organizaciones y funcionarios municipales de 47 distritos con el fin de orientarlos tanto en la puesta en marcha de Consejos Municipales como tambi\u00e9n para informar acerca de la renovaci\u00f3n de los representantes del Consejo Provincial.<\/p>\n<p>Los organismos locales de Adultos Mayores \u2013constituidos por organizaciones vinculadas con la Tercera Edad y representantes comunales- son espacios de participaci\u00f3n que tienen como objetivo el dise\u00f1o de herramientas para atender las problem\u00e1ticas y promover el mejoramiento de la calidad de vida del sector.<\/p>\n<p>En tanto, el Consejo Consultivo Provincial de Adultos Mayores \u2013creado en 2008- tiene como objetivo institucionalizar y legitimar la participaci\u00f3n de las personas mayores en el dise\u00f1o, aplicaci\u00f3n y seguimiento de las pol\u00edticas p\u00fablicas provinciales para el sector, a partir de la identificaci\u00f3n de las necesidades, la propuesta de l\u00edneas de acci\u00f3n y la promoci\u00f3n de la participaci\u00f3n.<\/p>\n<p>El cuerpo est\u00e1 presidido por el ministro de Desarrollo Social y funciona mediante un comit\u00e9 ejecutivo y un plenario, este \u00faltimo constituido por el presidente, vicepresidente, secretario ejecutivo, y tres representantes de las 25 regiones en las que se divide la Provincia: uno del Consejo Municipal de Adultos Mayores, uno de la Federaci\u00f3n de Centros de Jubilados y uno por el \u00e1rea espec\u00edfica municipal.<\/p>\n","protected":false},"excerpt":{"rendered":"<p>El ministerio de Desarrollo Social, a trav\u00e9s de su Direcci\u00f3n de la Tercera Edad, lleva a cabo una campa\u00f1a para que los adultos mayores de la Provincia participen activamente en la definici\u00f3n de pol\u00edticas p\u00fablicas para el sector, a partir de la conformaci\u00f3n de Consejos Municipales. Hasta el momento, esos organismos funcionan en 41 municipios y se trabaja para que [&#8230;]<\/p>\n","protected":false},"author":4,"featured_media":0,"comment_status":"open","ping_status":"open","sticky":false,"template":"","format":"standard","meta":{"_jetpack_newsletter_access":"","_jetpack_dont_email_post_to_subs":false,"_jetpack_newsletter_tier_id":0,"_jetpack_memberships_contains_paywalled_content":false,"_jetpack_memberships_contains_paid_content":false,"footnotes":""},"categories":[1],"tags":[],"class_list":["post-6022","post","type-post","status-publish","format-standard","hentry","category-sociedad"],"jetpack_featured_media_url":"","jetpack_shortlink":"https:\/\/wp.me\/p2JWE0-1z8","jetpack-related-posts":[{"id":57985,"url":"https:\/\/www.24baires.com\/?p=57985","url_meta":{"origin":6022,"position":0},"title":"Berisso: el IPS dio una charla informativa a jubilados para evitar entraderas","author":"AF","date":"02\/12\/2014","format":false,"excerpt":"El Instituto de Previsi\u00f3n Social (IPS) y el Ministerio de Seguridad brindaron una nueva charla de prevenci\u00f3n del delito a adultos mayores de Berisso. Durante la jornada se hizo hincapi\u00e9 en prevenci\u00f3n de entraderas, secuestros virtuales y delitos en cajeros autom\u00e1ticos La inseguridad convierte a la tercera edad en uno\u2026","rel":"","context":"En \u00abSociedad\u00bb","block_context":{"text":"Sociedad","link":"https:\/\/www.24baires.com\/?cat=1"},"img":{"alt_text":"charla jubilados","src":"https:\/\/i0.wp.com\/www.24baires.com\/wp-content\/uploads\/2014\/12\/charla-jubilados.jpg?resize=350%2C200","width":350,"height":200,"srcset":"https:\/\/i0.wp.com\/www.24baires.com\/wp-content\/uploads\/2014\/12\/charla-jubilados.jpg?resize=350%2C200 1x, https:\/\/i0.wp.com\/www.24baires.com\/wp-content\/uploads\/2014\/12\/charla-jubilados.jpg?resize=525%2C300 1.5x"},"classes":[]},{"id":60792,"url":"https:\/\/www.24baires.com\/?p=60792","url_meta":{"origin":6022,"position":1},"title":"El IPS brinda servicios a jubilados y pensionados en la Costa Atl\u00e1ntica","author":"AF","date":"27\/01\/2015","format":false,"excerpt":"El Instituto de Previsi\u00f3n Social (IPS) en forma conjunta con la Direcci\u00f3n de la Tercera Edad del Ministerio de Desarrollo Social bonaerense, ofrecen servicios a los adultos mayores en la Costa Atl\u00e1ntica durante la presente temporada. Concretamente, en una carpa instalada en los balnearios del Partido de La Costa se\u2026","rel":"","context":"En \u00abSociedad\u00bb","block_context":{"text":"Sociedad","link":"https:\/\/www.24baires.com\/?cat=1"},"img":{"alt_text":"ips playa","src":"https:\/\/i0.wp.com\/www.24baires.com\/wp-content\/uploads\/2015\/01\/ips-playa.png?resize=350%2C200","width":350,"height":200},"classes":[]},{"id":59722,"url":"https:\/\/www.24baires.com\/?p=59722","url_meta":{"origin":6022,"position":2},"title":"Brindan charlas a jubilados para prevenirse de los delitos en Mar del Plata","author":"GB","date":"07\/01\/2015","format":false,"excerpt":"El Instituto de Previsi\u00f3n Social (IPS), el Ministerio de Seguridad y su par de Desarrollo Social de la Provincia brindaron una charla informativa en Mar del Plata destinada a jubilados y pensionados para prevenir delitos como robos en modalidad entradera a domicilios, secuestros virtuales y sustracciones en cajeros autom\u00e1ticos, adem\u00e1s\u2026","rel":"","context":"En \u00abLocales\u00bb","block_context":{"text":"Locales","link":"https:\/\/www.24baires.com\/?cat=38"},"img":{"alt_text":"","src":"","width":0,"height":0},"classes":[]},{"id":59287,"url":"https:\/\/www.24baires.com\/?p=59287","url_meta":{"origin":6022,"position":3},"title":"Provincia brindar\u00e1 charlas de prevenci\u00f3n del delito a jubilados en la Costa","author":"GB","date":"29\/12\/2014","format":false,"excerpt":"El Instituto de Previsi\u00f3n Social (IPS), el Ministerio de Seguridad y su par de Desarrollo Social de la Provincia, brindar\u00e1n durante la temporada estival charlas de prevenci\u00f3n del delito, a los abuelos que pasen sus vacaciones en Mar del Plata, y otros puntos de la Costa Atl\u00e1ntica. Estas charlas de\u2026","rel":"","context":"En \u00abSociedad\u00bb","block_context":{"text":"Sociedad","link":"https:\/\/www.24baires.com\/?cat=1"},"img":{"alt_text":"","src":"","width":0,"height":0},"classes":[]},{"id":18874,"url":"https:\/\/www.24baires.com\/?p=18874","url_meta":{"origin":6022,"position":4},"title":"En Lan\u00fas realizaron la apertura del curso de cuidadores domiciliarios","author":"AF","date":"20\/03\/2013","format":false,"excerpt":"El Jefe Comunal de Lan\u00fas, Dar\u00edo D\u00edaz P\u00e9rez. les dio la bienvenida a los ciudadanos que recibir\u00e1n esta capacitaci\u00f3n destinada a mejorar la calidad de vida de los adultos mayores del distrito. El curso se extender\u00e1 por cuatro meses y contar\u00e1 con clases te\u00f3ricas y pr\u00e1cticas. El intendente del Municipio\u2026","rel":"","context":"En \u00abLocales\u00bb","block_context":{"text":"Locales","link":"https:\/\/www.24baires.com\/?cat=38"},"img":{"alt_text":"","src":"","width":0,"height":0},"classes":[]},{"id":36770,"url":"https:\/\/www.24baires.com\/?p=36770","url_meta":{"origin":6022,"position":5},"title":"Lan\u00fas: los adultos mayores, imparables","author":"Grupo Sierra","date":"13\/12\/2013","format":false,"excerpt":"El Municipio de Lan\u00fas y la Fundaci\u00f3n MAFRE realizaron una caminata saludable en la que participaron abuelos de diferentes centros de jubilados del distrito. En el Parque Municipal Eva Per\u00f3n, el Municipio de Lan\u00fas a trav\u00e9s de la Secretar\u00eda de Pol\u00edticas Sociales, Cultura y Educaci\u00f3n, de la Secretar\u00eda de Salud\u2026","rel":"","context":"En \u00abLocales\u00bb","block_context":{"text":"Locales","link":"https:\/\/www.24baires.com\/?cat=38"},"img":{"alt_text":"abuelos lan\u00fas","src":"https:\/\/i0.wp.com\/www.24baires.com\/wp-content\/uploads\/2013\/12\/abuelos-lan%C3%BAs.jpg?resize=350%2C200","width":350,"height":200,"srcset":"https:\/\/i0.wp.com\/www.24baires.com\/wp-content\/uploads\/2013\/12\/abuelos-lan%C3%BAs.jpg?resize=350%2C200 1x, https:\/\/i0.wp.com\/www.24baires.com\/wp-content\/uploads\/2013\/12\/abuelos-lan%C3%BAs.jpg?resize=525%2C300 1.5x"},"classes":[]}],"jetpack_sharing_enabled":true,"jetpack_likes_enabled":true,"_links":{"self":[{"href":"https:\/\/www.24baires.com\/index.php?rest_route=\/wp\/v2\/posts\/6022","targetHints":{"allow":["GET"]}}],"collection":[{"href":"https:\/\/www.24baires.com\/index.php?rest_route=\/wp\/v2\/posts"}],"about":[{"href":"https:\/\/www.24baires.com\/index.php?rest_route=\/wp\/v2\/types\/post"}],"author":[{"embeddable":true,"href":"https:\/\/www.24baires.com\/index.php?rest_route=\/wp\/v2\/users\/4"}],"replies":[{"embeddable":true,"href":"https:\/\/www.24baires.com\/index.php?rest_route=%2Fwp%2Fv2%2Fcomments&post=6022"}],"version-history":[{"count":2,"href":"https:\/\/www.24baires.com\/index.php?rest_route=\/wp\/v2\/posts\/6022\/revisions"}],"predecessor-version":[{"id":6025,"href":"https:\/\/www.24baires.com\/index.php?rest_route=\/wp\/v2\/posts\/6022\/revisions\/6025"}],"wp:attachment":[{"href":"https:\/\/www.24baires.com\/index.php?rest_route=%2Fwp%2Fv2%2Fmedia&parent=6022"}],"wp:term":[{"taxonomy":"category","embeddable":true,"href":"https:\/\/www.24baires.com\/index.php?rest_route=%2Fwp%2Fv2%2Fcategories&post=6022"},{"taxonomy":"post_tag","embeddable":true,"href":"https:\/\/www.24baires.com\/index.php?rest_route=%2Fwp%2Fv2%2Ftags&post=6022"}],"curies":[{"name":"wp","href":"https:\/\/api.w.org\/{rel}","templated":true}]}}