{"id":60164,"date":"2015-01-15T20:30:13","date_gmt":"2015-01-15T23:30:13","guid":{"rendered":"http:\/\/www.24baires.com\/?p=60164"},"modified":"2015-01-15T19:34:23","modified_gmt":"2015-01-15T22:34:23","slug":"el-palito-en-la-rueda","status":"publish","type":"post","link":"https:\/\/www.24baires.com\/?p=60164","title":{"rendered":"El palito en la rueda"},"content":{"rendered":"<p><img data-recalc-dims=\"1\" loading=\"lazy\" decoding=\"async\" class=\"aligncenter size-full wp-image-60165\" src=\"https:\/\/i0.wp.com\/www.24baires.com\/wp-content\/uploads\/2015\/01\/descalzo-un-tren-del-sarmiento-no-hay-heridos.jpg?resize=560%2C317\" alt=\"descalzo-un-tren-del-sarmiento-no-hay-heridos\" width=\"560\" height=\"317\" srcset=\"https:\/\/i0.wp.com\/www.24baires.com\/wp-content\/uploads\/2015\/01\/descalzo-un-tren-del-sarmiento-no-hay-heridos.jpg?w=560&amp;ssl=1 560w, https:\/\/i0.wp.com\/www.24baires.com\/wp-content\/uploads\/2015\/01\/descalzo-un-tren-del-sarmiento-no-hay-heridos.jpg?resize=300%2C170&amp;ssl=1 300w\" sizes=\"auto, (max-width: 560px) 100vw, 560px\" \/><\/p>\n<p>El 30 de diciembre fue otra vez noticia un tren del Sarmiento y la estaci\u00f3n de Once. Resulta que se \u201cdescalz\u00f3\u201d de las v\u00edas, mientras transitaba entre las localidades de Haedo y Mor\u00f3n e iba de camino a la fat\u00eddicamente famosa Once. Esta vez se hablaba de un descarrilamiento de trenes nuevos en rieles nuevos, por eso ese inconveniente llam\u00f3 la atenci\u00f3n de las autoridades.<!--more--><\/p>\n<p>Desde esa fecha, se investig\u00f3 con detalle lo sucedido y ayer, el Ministro de Interior y Transporte, Florencio Randazzo, denunci\u00f3 negligencia o, aun peor, sabotaje, mientras mostraba por televisi\u00f3n un video donde se observa con total claridad como operarios manipulan el cambio de v\u00edas apenas despu\u00e9s de que la formaci\u00f3n de tren descarrilara. Los trabajadores fueron separados de sus cargos y est\u00e1n bajo investigaci\u00f3n.<\/p>\n<p>\u201cEn el video se ve que despu\u00e9s del descalce tocan pruebas y ponen el taco como debi\u00f3 haber estado, por lo que se podr\u00eda pensar en sabotaje\u201d, dijo Randazzo sin ning\u00fan eufemismo, se\u00f1alando en la filmaci\u00f3n lo que todos podemos ver si queremos mirar.<\/p>\n<p>El tema es que ac\u00e1 no se trata simplemente de que pueden arruinar las nuevas formaciones del Sarmiento, as\u00ed como los nuevos rieles instalados, \u00e9sos que pagamos todos los argentinos. Ac\u00e1 la cosa es que pueden estar poniendo en riesgo la vida de cientos de personas. Y, quiz\u00e1, ya las hayan arriesgado en otras oportunidades. La gravedad de estas filmaciones y las denuncias del Ministerio de Interior y Transporte, son may\u00fasculas.<\/p>\n<p>Aunque la noticia urgente de otra denuncia, la de Nisman contra la Presidenta de la Naci\u00f3n, desplaz\u00f3 esta otra (Ya tendremos tiempo de referirnos en esta columna a esta renovada embestida de la corporaci\u00f3n judicial), la importancia de este hecho filmado, merece y necesita ser sostenido en los medios. Hay que saber qu\u00e9 est\u00e1n haciendo algunos gremialistas que deciden jugar, vaya a saberse por qu\u00e9, con la vida de la gente.<\/p>\n<p>El Pollo Sobrero, blondo delegado de la l\u00ednea Sarmiento, se mostr\u00f3 indignado con esto y dijo \u201cO Randazzo de rectifica o hago un quilombo b\u00e1rbaro\u201d, pero se fue por la tangente y no opin\u00f3 sobre las alteraciones a las v\u00edas que se observan en el video. La respuesta de Randazzo ante este apriete del sindicalista fue ratificar la denuncia.<\/p>\n<p>Sabemos que desde diversos sectores opositores al kirchnerismo se realiza una incansable guerra que apunta, desde diversos \u00e1ngulos, a voltear al g0bierno, da miedo siquiera pensar que hay personas capaces de realizar estos atentados y poner en riesgo la vida de tanta gente, incluso llegar a lastimar de gravedad y hasta matar a muchos, por objetivos pol\u00edticos y econ\u00f3micos. Pero el miedo choca con la memoria al recordar cu\u00e1ntas veces esto ya se hizo, cu\u00e1ntas veces se priv\u00f3 de libertad, se tortur\u00f3 y asesin\u00f3 por poder, como el caso Papel Prensa. Aunque ya vimos c\u00f3mo operarios alteran la escena del descarrilamiento, esperemos a ver c\u00f3mo avanza la justicia en este sentido.<\/p>\n<p>&nbsp;<\/p>\n<p>&nbsp;<\/p>\n","protected":false},"excerpt":{"rendered":"<p>El 30 de diciembre fue otra vez noticia un tren del Sarmiento y la estaci\u00f3n de Once. Resulta que se \u201cdescalz\u00f3\u201d de las v\u00edas, mientras transitaba entre las localidades de Haedo y Mor\u00f3n e iba de camino a la fat\u00eddicamente famosa Once. Esta vez se hablaba de un descarrilamiento de trenes nuevos en rieles nuevos, por eso ese inconveniente llam\u00f3 [&#8230;]<\/p>\n","protected":false},"author":11,"featured_media":0,"comment_status":"open","ping_status":"open","sticky":false,"template":"","format":"standard","meta":{"_jetpack_newsletter_access":"","_jetpack_dont_email_post_to_subs":false,"_jetpack_newsletter_tier_id":0,"_jetpack_memberships_contains_paywalled_content":false,"_jetpack_memberships_contains_paid_content":false,"footnotes":""},"categories":[64],"tags":[],"class_list":["post-60164","post","type-post","status-publish","format-standard","hentry","category-opinion"],"jetpack_featured_media_url":"","jetpack_shortlink":"https:\/\/wp.me\/p2JWE0-fEo","jetpack-related-posts":[{"id":29366,"url":"https:\/\/www.24baires.com\/?p=29366","url_meta":{"origin":60164,"position":0},"title":"Descarril\u00f3 una formaci\u00f3n del Sarmiento: no hay heridos","author":"AF","date":"02\/08\/2013","format":false,"excerpt":"La formaci\u00f3n proven\u00eda de Mercedes y sufri\u00f3 \u201cun descalce\u201d cuando ingresaba a la estaci\u00f3n a 5 kil\u00f3metros por hora. No hay heridos. Un tren di\u00e9sel que proven\u00eda de la ciudad bonaerense de Mercedes descarril\u00f3 cuando ingresaba a la estaci\u00f3n ferroviaria de Once, sin que se registraran heridos. El incidente, que\u2026","rel":"","context":"En \u00abLocales\u00bb","block_context":{"text":"Locales","link":"https:\/\/www.24baires.com\/?cat=38"},"img":{"alt_text":"","src":"","width":0,"height":0},"classes":[]},{"id":59329,"url":"https:\/\/www.24baires.com\/?p=59329","url_meta":{"origin":60164,"position":1},"title":"Descarril\u00f3 una formaci\u00f3n del Sarmiento","author":"AF","date":"30\/12\/2014","format":false,"excerpt":"Un tren del Sarmiento descarril\u00f3 entre Haedo y Mor\u00f3n, camino a la estaci\u00f3n de Once. No hay heridos, pero el servicio se encuentra interrumpido.","rel":"","context":"En \u00ab\u00daltimo Momento\u00bb","block_context":{"text":"\u00daltimo Momento","link":"https:\/\/www.24baires.com\/?cat=55"},"img":{"alt_text":"descarril\u00f3 sarmiento","src":"https:\/\/i0.wp.com\/www.24baires.com\/wp-content\/uploads\/2014\/12\/descarril%C3%B3-sarmiento.png?resize=350%2C200","width":350,"height":200,"srcset":"https:\/\/i0.wp.com\/www.24baires.com\/wp-content\/uploads\/2014\/12\/descarril%C3%B3-sarmiento.png?resize=350%2C200 1x, https:\/\/i0.wp.com\/www.24baires.com\/wp-content\/uploads\/2014\/12\/descarril%C3%B3-sarmiento.png?resize=525%2C300 1.5x"},"classes":[]},{"id":60049,"url":"https:\/\/www.24baires.com\/?p=60049","url_meta":{"origin":60164,"position":2},"title":"Capitanich: \u201cLa denuncia de Randazzo fue clara e inobjetable\u00bb","author":"AF","date":"14\/01\/2015","format":false,"excerpt":"El jefe de Gabinete, Jorge Capitanich, se refiri\u00f3 as\u00ed a la denuncia presentada ayer por el ministro de Transporte e Interior por sabotaje en las v\u00edas del ferrocarril Sarmiento y consider\u00f3 que ser\u00e1 el Poder Judicial el que a partir de ahora deber\u00e1 investigar y \u201caplicar todo el rigor de\u2026","rel":"","context":"En \u00abPol\u00edtica\u00bb","block_context":{"text":"Pol\u00edtica","link":"https:\/\/www.24baires.com\/?cat=51"},"img":{"alt_text":"capitanich 4","src":"https:\/\/i0.wp.com\/www.24baires.com\/wp-content\/uploads\/2014\/09\/capitanich-4.jpg?resize=350%2C200","width":350,"height":200,"srcset":"https:\/\/i0.wp.com\/www.24baires.com\/wp-content\/uploads\/2014\/09\/capitanich-4.jpg?resize=350%2C200 1x, https:\/\/i0.wp.com\/www.24baires.com\/wp-content\/uploads\/2014\/09\/capitanich-4.jpg?resize=525%2C300 1.5x"},"classes":[]},{"id":34980,"url":"https:\/\/www.24baires.com\/?p=34980","url_meta":{"origin":60164,"position":3},"title":"Har\u00e1n las pericias en el tren del Sarmiento","author":"AF","date":"11\/11\/2013","format":false,"excerpt":"Luego de la orden Ariel Lijo, comenzar\u00e1n a llevarse a cabo las pericias en el ferrocarril del Sarmiento, que choc\u00f3 en la estaci\u00f3n Once. Buscar\u00e1n determinar el estado de los frenos de la formaci\u00f3n del Sarmiento que conduc\u00eda Julio Ben\u00edtez, quien est\u00e1 procesado por el hecho. El magistrado design\u00f3 como\u2026","rel":"","context":"En \u00abJUDICIALES\u00bb","block_context":{"text":"JUDICIALES","link":"https:\/\/www.24baires.com\/?cat=68"},"img":{"alt_text":"accidente tren","src":"https:\/\/i0.wp.com\/www.24baires.com\/wp-content\/uploads\/2013\/10\/accidente-tren.png?resize=350%2C200","width":350,"height":200},"classes":[]},{"id":34338,"url":"https:\/\/www.24baires.com\/?p=34338","url_meta":{"origin":60164,"position":4},"title":"Accidente Once: procesaron al maquinista por descarrilamiento culposo","author":"GB","date":"29\/10\/2013","format":false,"excerpt":"El juez federal Ariel Lijo proces\u00f3 hoy sin prisi\u00f3n preventiva al maquinista Julio Ben\u00edtez por \"descarrilamiento culposo agravado\" por lesiones a 105 personas y \"sustracci\u00f3n de pruebas\", y lo embarg\u00f3 por 2 millones y medio de pesos. El pasado 19 de octubre, una formaci\u00f3n de la l\u00ednea Sarmiento descarrill\u00f3 en\u2026","rel":"","context":"En \u00abJUDICIALES\u00bb","block_context":{"text":"JUDICIALES","link":"https:\/\/www.24baires.com\/?cat=68"},"img":{"alt_text":"motorman","src":"https:\/\/i0.wp.com\/www.24baires.com\/wp-content\/uploads\/2013\/10\/motorman-300x187.jpg?resize=350%2C200","width":350,"height":200},"classes":[]},{"id":68320,"url":"https:\/\/www.24baires.com\/?p=68320","url_meta":{"origin":60164,"position":5},"title":"Tragedia de Once: El maquinista ir\u00e1 a juicio oral","author":"GB","date":"29\/06\/2015","format":false,"excerpt":"La causa penal a Julio Ben\u00edtez fue enviada a juicio oral y p\u00fablico, seg\u00fan confirmaron hoy fuentes vinculadas al sumario. Ben\u00edtez es procesado por el descarrilamiento del tren de la l\u00ednea Sarmiento en Once el 19 de octubre de 2013, que caus\u00f3 un centenar de heridos. La decisi\u00f3n la tom\u00f3\u2026","rel":"","context":"En \u00abSociedad\u00bb","block_context":{"text":"Sociedad","link":"https:\/\/www.24baires.com\/?cat=1"},"img":{"alt_text":"tragedia once","src":"https:\/\/i0.wp.com\/www.24baires.com\/wp-content\/uploads\/2013\/10\/tragedia-once.jpg?resize=350%2C200","width":350,"height":200,"srcset":"https:\/\/i0.wp.com\/www.24baires.com\/wp-content\/uploads\/2013\/10\/tragedia-once.jpg?resize=350%2C200 1x, https:\/\/i0.wp.com\/www.24baires.com\/wp-content\/uploads\/2013\/10\/tragedia-once.jpg?resize=525%2C300 1.5x"},"classes":[]}],"jetpack_sharing_enabled":true,"jetpack_likes_enabled":true,"_links":{"self":[{"href":"https:\/\/www.24baires.com\/index.php?rest_route=\/wp\/v2\/posts\/60164","targetHints":{"allow":["GET"]}}],"collection":[{"href":"https:\/\/www.24baires.com\/index.php?rest_route=\/wp\/v2\/posts"}],"about":[{"href":"https:\/\/www.24baires.com\/index.php?rest_route=\/wp\/v2\/types\/post"}],"author":[{"embeddable":true,"href":"https:\/\/www.24baires.com\/index.php?rest_route=\/wp\/v2\/users\/11"}],"replies":[{"embeddable":true,"href":"https:\/\/www.24baires.com\/index.php?rest_route=%2Fwp%2Fv2%2Fcomments&post=60164"}],"version-history":[{"count":1,"href":"https:\/\/www.24baires.com\/index.php?rest_route=\/wp\/v2\/posts\/60164\/revisions"}],"predecessor-version":[{"id":60166,"href":"https:\/\/www.24baires.com\/index.php?rest_route=\/wp\/v2\/posts\/60164\/revisions\/60166"}],"wp:attachment":[{"href":"https:\/\/www.24baires.com\/index.php?rest_route=%2Fwp%2Fv2%2Fmedia&parent=60164"}],"wp:term":[{"taxonomy":"category","embeddable":true,"href":"https:\/\/www.24baires.com\/index.php?rest_route=%2Fwp%2Fv2%2Fcategories&post=60164"},{"taxonomy":"post_tag","embeddable":true,"href":"https:\/\/www.24baires.com\/index.php?rest_route=%2Fwp%2Fv2%2Ftags&post=60164"}],"curies":[{"name":"wp","href":"https:\/\/api.w.org\/{rel}","templated":true}]}}