{"id":6009,"date":"2012-11-19T14:17:49","date_gmt":"2012-11-19T17:17:49","guid":{"rendered":"http:\/\/www.24baires.com\/?p=6009"},"modified":"2012-11-20T14:19:12","modified_gmt":"2012-11-20T17:19:12","slug":"el-gobierno-no-desalojara-piquetes-el-proximos-martes","status":"publish","type":"post","link":"https:\/\/www.24baires.com\/?p=6009","title":{"rendered":"El Gobierno no desalojar\u00e1 piquetes este martes"},"content":{"rendered":"<p>Lo anticip\u00f3 el\u00a0secretario de Seguridad de la Naci\u00f3n,<strong> Sergio Berni<\/strong>. El paro nacional prepara <strong>160 piquetes<\/strong> en todo el pa\u00eds. Para<strong> An\u00edbal Fern\u00e1ndez<\/strong>, la medida tiene <strong>\u00abamenazas rayanas con el delito\u00bb.<\/strong> <!--more--><\/p>\n<p>El secretario de Seguridad de la Naci\u00f3n, Sergio Berni, asegur\u00f3 hoy que el Gobierno \u00abno desalojar\u00e1\u00bb los piquetes que se realicen el pr\u00f3ximo martes durante la jornada de paro convocada por la CGT Azopardo y la CTA disidente.<\/p>\n<p>Adem\u00e1s, Berni advirti\u00f3 que la intenci\u00f3n de los organizadores del paro es \u00abgenerar caos\u00bb pero aclar\u00f3 que no van a \u00abresponder a las provocaciones\u00bb.<\/p>\n<p>\u00abPretenden una reacci\u00f3n que no la van a tener\u00bb, agreg\u00f3 el secretario de Seguridad en declaraciones a la se\u00f1al de noticias por cable C5N. El funcionario puso de relieve que el Gobierno \u00abgarantizar\u00e1 la seguridad en los medios de transporte\u00bb, pero no intervendr\u00e1 en los cortes y piquetes de ma\u00f1ana. \u00abQuieren generar caos y pretenden una reacci\u00f3n por parte nuestra que no la van a tener. No vamos a responder a las provocaciones, pero s\u00ed vamos a hacer un esfuerzo para que la gente pueda ir a trabajar\u00bb, afirm\u00f3 Berni.<\/p>\n<p><strong>LOS PIQUETES<br \/>\n<\/strong><br \/>\nEl titular de la Corriente Clasista y Combativa (CCC), Juan Carlos Alderete, anticip\u00f3 hoy que, con motivo del paro nacional impulsado por la CGT de Hugo Moyano y la CTA de Pablo Micheli, ma\u00f1ana \u00abhabr\u00e1 160 piquetes en todo el pa\u00eds, con m\u00e1s de 16 en el conurbano\u00bb.<\/p>\n<p>El dirigente, en declaraciones a la radio La 2&#215;4\/FM 92.7, justific\u00f3 la medida de fuerza al se\u00f1alar que \u00abduele mucho que el Gobierno nos maltrate, castigue y mienta\u00bb.<\/p>\n<p><strong>AN\u00cdBAL, POL\u00c9MICO<\/strong><\/p>\n<p>El senador nacional por el Frente para la Victoria (FpV) An\u00edbal Fern\u00e1ndez advirti\u00f3 hoy que el paro convocado para ma\u00f1ana por la CGT Azopardo y la CTA disidente \u00abtiene amenazas rayanas con el delito\u00bb, por lo que consider\u00f3 que tal vez \u00abcorresponde una denuncia penal\u00bb contra los dirigentes que convocaron a los piquetes.<\/p>\n<p>De esta forma, Fern\u00e1ndez apunt\u00f3 sus ca\u00f1ones contra el titular de la CTA opositora, Pablo Micheli, y el titular de la Federaci\u00f3n Agraria (FAA), Eduardo Buzzi, entidad que adhiere a la medida, quienes convocaron a realizar piquetes que podr\u00edan complicar la normal circulaci\u00f3n de los veh\u00edculos.<\/p>\n<p>\u00abA m\u00ed me gustar\u00eda mirar con mucho detenimiento si no corresponde una denuncia penal por las amenazas\u00bb, advirti\u00f3 el senador kirchnerista. En declaraciones a Telef\u00e9, el ex jefe de Gabinete destac\u00f3 que<br \/>\n\u00absi ellos entienden que el paro es la forma de resolver el tema, la Constituci\u00f3n lo consagra\u00bb, aunque aclar\u00f3 que le \u00abda la sensaci\u00f3n que la mayor\u00eda no piensa as\u00ed\u00bb.<\/p>\n","protected":false},"excerpt":{"rendered":"<p>Lo anticip\u00f3 el\u00a0secretario de Seguridad de la Naci\u00f3n, Sergio Berni. El paro nacional prepara 160 piquetes en todo el pa\u00eds. Para An\u00edbal Fern\u00e1ndez, la medida tiene \u00abamenazas rayanas con el delito\u00bb.<\/p>\n","protected":false},"author":4,"featured_media":0,"comment_status":"open","ping_status":"open","sticky":false,"template":"","format":"standard","meta":{"_jetpack_newsletter_access":"","_jetpack_dont_email_post_to_subs":false,"_jetpack_newsletter_tier_id":0,"_jetpack_memberships_contains_paywalled_content":false,"_jetpack_memberships_contains_paid_content":false,"footnotes":""},"categories":[1],"tags":[],"class_list":["post-6009","post","type-post","status-publish","format-standard","hentry","category-sociedad"],"jetpack_featured_media_url":"","jetpack_shortlink":"https:\/\/wp.me\/p2JWE0-1yV","jetpack-related-posts":[{"id":52594,"url":"https:\/\/www.24baires.com\/?p=52594","url_meta":{"origin":6009,"position":0},"title":"Berni, atento a las protestas del jueves","author":"Grupo Sierra","date":"27\/08\/2014","format":false,"excerpt":"El secretario de Seguridad no descart\u00f3 intervenir ma\u00f1ana con fuerzas federales en caso de que se efect\u00faen piquetes o cortes de rutas y calles en medio del paro convocado por el sindicalismo opositor. \"Vamos a ver ma\u00f1ana. La \u00faltima vez eran cortes por todos lados. Eso se ve ma\u00f1ana\", respondi\u00f3\u2026","rel":"","context":"En \u00abSociedad\u00bb","block_context":{"text":"Sociedad","link":"https:\/\/www.24baires.com\/?cat=1"},"img":{"alt_text":"berni","src":"https:\/\/i0.wp.com\/www.24baires.com\/wp-content\/uploads\/2014\/01\/berni.jpg?resize=350%2C200","width":350,"height":200,"srcset":"https:\/\/i0.wp.com\/www.24baires.com\/wp-content\/uploads\/2014\/01\/berni.jpg?resize=350%2C200 1x, https:\/\/i0.wp.com\/www.24baires.com\/wp-content\/uploads\/2014\/01\/berni.jpg?resize=525%2C300 1.5x"},"classes":[]},{"id":46468,"url":"https:\/\/www.24baires.com\/?p=46468","url_meta":{"origin":6009,"position":1},"title":"Berni sobre Macri: \u00abQuiere ser candidato a Presidente, pero no puede resolver un corte\u00bb","author":"AF","date":"21\/05\/2014","format":false,"excerpt":"El secretario de Seguridad, Sergio Berni, volvi\u00f3 a criticar a la Justicia y sostuvo que \u201cel que corta una ruta deber\u00eda ir preso\u201d, luego del cruce que mantuvo ayer con una fiscal del fuero contravencional por el piquete en la General Paz. \"Lo de ayer fue at\u00edpico, tuvimos que lidiar\u2026","rel":"","context":"En \u00abPol\u00edtica\u00bb","block_context":{"text":"Pol\u00edtica","link":"https:\/\/www.24baires.com\/?cat=51"},"img":{"alt_text":"berni","src":"https:\/\/i0.wp.com\/www.24baires.com\/wp-content\/uploads\/2014\/01\/berni.jpg?resize=350%2C200","width":350,"height":200,"srcset":"https:\/\/i0.wp.com\/www.24baires.com\/wp-content\/uploads\/2014\/01\/berni.jpg?resize=350%2C200 1x, https:\/\/i0.wp.com\/www.24baires.com\/wp-content\/uploads\/2014\/01\/berni.jpg?resize=525%2C300 1.5x"},"classes":[]},{"id":107868,"url":"https:\/\/www.24baires.com\/?p=107868","url_meta":{"origin":6009,"position":2},"title":"La Ministra Bullrich intimida. Aseguran que no permitir\u00e1n cortes de calle ni piquetes durante el paro.","author":"AF","date":"28\/04\/2019","format":false,"excerpt":"La ministra de Seguridad, Patricia Bullrich, anunci\u00f3 que no permitir\u00e1 cortes de calles y piquetes. La Secretar\u00eda de Trabajo presiona a los sindicatos para que desistan de participar del paro y advierte que, si no, aplicar\u00e1 sanciones. La respuesta de los gremios. El paro y la movilizaci\u00f3n de este martes\u2026","rel":"","context":"En \u00abSociedad\u00bb","block_context":{"text":"Sociedad","link":"https:\/\/www.24baires.com\/?cat=1"},"img":{"alt_text":"","src":"https:\/\/i0.wp.com\/www.24baires.com\/wp-content\/uploads\/2019\/01\/bullrich.jpg?resize=350%2C200","width":350,"height":200,"srcset":"https:\/\/i0.wp.com\/www.24baires.com\/wp-content\/uploads\/2019\/01\/bullrich.jpg?resize=350%2C200 1x, https:\/\/i0.wp.com\/www.24baires.com\/wp-content\/uploads\/2019\/01\/bullrich.jpg?resize=525%2C300 1.5x"},"classes":[]},{"id":50255,"url":"https:\/\/www.24baires.com\/?p=50255","url_meta":{"origin":6009,"position":3},"title":"Berni: \u00abHay que discutir la despenalizaci\u00f3n del consumo de drogas\u00bb","author":"AF","date":"20\/07\/2014","format":false,"excerpt":"El secretario de Seguridad de la Naci\u00f3n, Sergio Berni, se mostr\u00f3 a favor de \"discutir la despenalizaci\u00f3n del consumo de todas las drogas\", al tiempo que descart\u00f3 ser candidato en las elecciones del a\u00f1o que viene. \"El modelo actual de lucha contra las drogas ha fracasado en el mundo y\u2026","rel":"","context":"En \u00abSociedad\u00bb","block_context":{"text":"Sociedad","link":"https:\/\/www.24baires.com\/?cat=1"},"img":{"alt_text":"conferencia berni","src":"https:\/\/i0.wp.com\/www.24baires.com\/wp-content\/uploads\/2014\/02\/conferencia-berni.jpg?resize=350%2C200","width":350,"height":200,"srcset":"https:\/\/i0.wp.com\/www.24baires.com\/wp-content\/uploads\/2014\/02\/conferencia-berni.jpg?resize=350%2C200 1x, https:\/\/i0.wp.com\/www.24baires.com\/wp-content\/uploads\/2014\/02\/conferencia-berni.jpg?resize=525%2C300 1.5x"},"classes":[]},{"id":113752,"url":"https:\/\/www.24baires.com\/?p=113752","url_meta":{"origin":6009,"position":4},"title":"Frederic y Berni comenzaron a trabajar en la distribuci\u00f3n de las fuerzas en el Conurbano","author":"AF","date":"09\/01\/2020","format":false,"excerpt":"La ministra de Seguridad de la Naci\u00f3n recibi\u00f3 a su par de Provincia para coordinar el trabajo a futuro. La ministra de Seguridad de la Naci\u00f3n, Sabina Frederic, y su par de la provincia de Buenos Aires, Sergio Berni, mantuvieron un encuentro esta ma\u00f1ana luego de algunos chispazos medi\u00e1ticos que\u2026","rel":"","context":"En \u00abPol\u00edtica\u00bb","block_context":{"text":"Pol\u00edtica","link":"https:\/\/www.24baires.com\/?cat=51"},"img":{"alt_text":"","src":"https:\/\/i0.wp.com\/www.24baires.com\/wp-content\/uploads\/2020\/01\/berni-frederic.jpg?resize=350%2C200","width":350,"height":200,"srcset":"https:\/\/i0.wp.com\/www.24baires.com\/wp-content\/uploads\/2020\/01\/berni-frederic.jpg?resize=350%2C200 1x, https:\/\/i0.wp.com\/www.24baires.com\/wp-content\/uploads\/2020\/01\/berni-frederic.jpg?resize=525%2C300 1.5x"},"classes":[]},{"id":114091,"url":"https:\/\/www.24baires.com\/?p=114091","url_meta":{"origin":6009,"position":5},"title":"Tras la reuni\u00f3n con Fern\u00e1ndez, Kicillof junta a Frederic y Berni","author":"AF","date":"11\/02\/2020","format":false,"excerpt":"Luego del encuentro con el Presidente, el Gobernador reunir\u00e1 a la Ministra de Seguridad de la Naci\u00f3n con su par bonaerense en medio de la pol\u00e9mica por las fuerzas federales. Tras el encuentro que tuvo con el presidente Alberto Fern\u00e1ndez, el gobernador bonaerense Axel Kicillof mantendr\u00e1 un encuentro con la\u2026","rel":"","context":"En \u00abProvincia\u00bb","block_context":{"text":"Provincia","link":"https:\/\/www.24baires.com\/?cat=40"},"img":{"alt_text":"","src":"https:\/\/i0.wp.com\/www.24baires.com\/wp-content\/uploads\/2020\/02\/846725ec6449f641e16371f11a776c3f.jpg?resize=350%2C200","width":350,"height":200,"srcset":"https:\/\/i0.wp.com\/www.24baires.com\/wp-content\/uploads\/2020\/02\/846725ec6449f641e16371f11a776c3f.jpg?resize=350%2C200 1x, https:\/\/i0.wp.com\/www.24baires.com\/wp-content\/uploads\/2020\/02\/846725ec6449f641e16371f11a776c3f.jpg?resize=525%2C300 1.5x"},"classes":[]}],"jetpack_sharing_enabled":true,"jetpack_likes_enabled":true,"_links":{"self":[{"href":"https:\/\/www.24baires.com\/index.php?rest_route=\/wp\/v2\/posts\/6009","targetHints":{"allow":["GET"]}}],"collection":[{"href":"https:\/\/www.24baires.com\/index.php?rest_route=\/wp\/v2\/posts"}],"about":[{"href":"https:\/\/www.24baires.com\/index.php?rest_route=\/wp\/v2\/types\/post"}],"author":[{"embeddable":true,"href":"https:\/\/www.24baires.com\/index.php?rest_route=\/wp\/v2\/users\/4"}],"replies":[{"embeddable":true,"href":"https:\/\/www.24baires.com\/index.php?rest_route=%2Fwp%2Fv2%2Fcomments&post=6009"}],"version-history":[{"count":3,"href":"https:\/\/www.24baires.com\/index.php?rest_route=\/wp\/v2\/posts\/6009\/revisions"}],"predecessor-version":[{"id":6120,"href":"https:\/\/www.24baires.com\/index.php?rest_route=\/wp\/v2\/posts\/6009\/revisions\/6120"}],"wp:attachment":[{"href":"https:\/\/www.24baires.com\/index.php?rest_route=%2Fwp%2Fv2%2Fmedia&parent=6009"}],"wp:term":[{"taxonomy":"category","embeddable":true,"href":"https:\/\/www.24baires.com\/index.php?rest_route=%2Fwp%2Fv2%2Fcategories&post=6009"},{"taxonomy":"post_tag","embeddable":true,"href":"https:\/\/www.24baires.com\/index.php?rest_route=%2Fwp%2Fv2%2Ftags&post=6009"}],"curies":[{"name":"wp","href":"https:\/\/api.w.org\/{rel}","templated":true}]}}