{"id":6005,"date":"2012-11-19T14:04:28","date_gmt":"2012-11-19T17:04:28","guid":{"rendered":"http:\/\/www.24baires.com\/?p=6005"},"modified":"2012-11-19T14:04:28","modified_gmt":"2012-11-19T17:04:28","slug":"caso-ferreyra-confirmaron-el-procesamiento-a-pedraza-por-trafico-de-influencias","status":"publish","type":"post","link":"https:\/\/www.24baires.com\/?p=6005","title":{"rendered":"Caso Ferreyra: confirmaron el procesamiento a Pedraza por tr\u00e1fico de influencias"},"content":{"rendered":"<p><img data-recalc-dims=\"1\" loading=\"lazy\" decoding=\"async\" class=\"aligncenter size-full wp-image-6006\" title=\"pedraza\" src=\"https:\/\/i0.wp.com\/www.24baires.com\/wp-content\/uploads\/2012\/11\/pedraza.jpg?resize=560%2C398\" alt=\"\" width=\"560\" height=\"398\" srcset=\"https:\/\/i0.wp.com\/www.24baires.com\/wp-content\/uploads\/2012\/11\/pedraza.jpg?w=560&amp;ssl=1 560w, https:\/\/i0.wp.com\/www.24baires.com\/wp-content\/uploads\/2012\/11\/pedraza.jpg?resize=300%2C213&amp;ssl=1 300w\" sizes=\"auto, (max-width: 560px) 100vw, 560px\" \/>Lo confirm\u00f3 la Sala VI de la C\u00e1mara del Crimen en el marco de la una investigaci\u00f3n que se lleva a cabo por los delitos de pago de sobornos y tr\u00e1ficos de influencias durante el proceso por el asesinato del joven militante del Partido Obrero. La medida tambi\u00e9n afecta al ex juez federal Octavio Ar\u00e1oz de Lamadrid.<!--more--><\/p>\n<p>Fuentes judiciales indicaron que la medida dictada el mediod\u00eda de este lunes por los camaristas Marcelo Lucini, Mario Filozof y Ricardo Mat\u00edas Pinto tambi\u00e9n alcanz\u00f3 al ex empleado de la C\u00e1mara Federal de Casaci\u00f3n Penal Luis Escobar, al presunto agente de inteligencia Juan Jos\u00e9 Riquelme y al contador de la Uni\u00f3n Ferroviaria Angel Stafforini.<\/p>\n<p>En una resoluci\u00f3n de 64 carillas, los magistrados resolvieron en primer t\u00e9rmino \u201cno hacer lugar a los planteos de nulidades y de inconstitucionalidad\u201d efectuados por las defensas de los imputados y luego \u201cconfirmar los puntos del auto referido que fueron materia de recurso\u201d.<\/p>\n<p>Los imputados \u2013quienes quedaron en los umbrales del juicio oral y p\u00fablico- est\u00e1n acusados de los delitos de \u201ctr\u00e1fico de influencias agravado, reiterado en dos oportunidades, que concurre materialmente con el de cohecho activo\u201d y embarga sus bienes en la suma de 200.000 pesos.<\/p>\n<p>Con este fallo suscripto hoy la Sala Sexta de la C\u00e1mara en lo Criminal y Correccional ratifica los procesamientos dictados en primera instancia por el actual juez federal Luis Rodr\u00edguez, en septiembre \u00faltimo cuando estaba a cargo del juzgado de instrucci\u00f3n n\u00famero once.<\/p>\n<p>En esa oportunidad el magistrado imput\u00f3 a los procesados por presunto \u201ctr\u00e1fico de influencias y pago de sobornos en grado de tentativa\u201d, mediante una supuesta maniobra en la que habr\u00edan intervenido para evitar que Pedraza fuese a prisi\u00f3n.<\/p>\n<p>\u201cEl Tribunal entiende que las constancias de la causa, analizadas y articuladas en forma arm\u00f3nica, permiten demostrar, por lo menos, a esta altura del tr\u00e1mite, la presencia de los pactos venales acordados para lograr objetivos il\u00edcitos\u201d, indicaron los magistrados en la resoluci\u00f3n firmada este mediod\u00eda.<\/p>\n<p>En ese sentido los camaristas a\u00f1adieron que \u00abse acredit\u00f3 de modo fehaciente la vinculaci\u00f3n entre los implicados, que con un designio com\u00fan ejecutaron las acciones que estaban al alcance de cada uno, sacando para eso provecho de las relaciones preexistentes\u201d.<\/p>\n<p>Esas conductas, a\u00f1adieron los jueces, ten\u00edan \u201cel inequ\u00edvoco designio de torcer el destino que deparaba el tr\u00e1mite de las actuaciones individualizadas, tratando de lograr por entonces impunidad para Pedraza -u otros-, en el crimen que se estaba investigando\u00bb.<\/p>\n","protected":false},"excerpt":{"rendered":"<p>Lo confirm\u00f3 la Sala VI de la C\u00e1mara del Crimen en el marco de la una investigaci\u00f3n que se lleva a cabo por los delitos de pago de sobornos y tr\u00e1ficos de influencias durante el proceso por el asesinato del joven militante del Partido Obrero. La medida tambi\u00e9n afecta al ex juez federal Octavio Ar\u00e1oz de Lamadrid.<\/p>\n","protected":false},"author":4,"featured_media":0,"comment_status":"open","ping_status":"open","sticky":false,"template":"","format":"standard","meta":{"_jetpack_newsletter_access":"","_jetpack_dont_email_post_to_subs":false,"_jetpack_newsletter_tier_id":0,"_jetpack_memberships_contains_paywalled_content":false,"_jetpack_memberships_contains_paid_content":false,"footnotes":""},"categories":[1],"tags":[],"class_list":["post-6005","post","type-post","status-publish","format-standard","hentry","category-sociedad"],"jetpack_featured_media_url":"","jetpack_shortlink":"https:\/\/wp.me\/p2JWE0-1yR","jetpack-related-posts":[{"id":106040,"url":"https:\/\/www.24baires.com\/?p=106040","url_meta":{"origin":6005,"position":0},"title":"La C\u00e1mara Federal confirm\u00f3 el procesamiento con prisi\u00f3n preventiva para Cristina","author":"GB","date":"20\/12\/2018","format":false,"excerpt":"En otro avance de la Justicia, adem\u00e1s confirm\u00f3 el procesamiento de Julio De Vido y Roberto Baratta como \"l\u00edderes de una asociaci\u00f3n il\u00edcita\". En otro fallo escandaloso de Comodoro Py, ahora la C\u00e1mara Federal confirm\u00f3 el procesamiento con prisi\u00f3n preventiva de Cristina Kirchner, en el marco de la causa conocida\u2026","rel":"","context":"En \u00abPol\u00edtica\u00bb","block_context":{"text":"Pol\u00edtica","link":"https:\/\/www.24baires.com\/?cat=51"},"img":{"alt_text":"","src":"https:\/\/i0.wp.com\/www.24baires.com\/wp-content\/uploads\/2018\/12\/cris-senado.jpg?resize=350%2C200","width":350,"height":200,"srcset":"https:\/\/i0.wp.com\/www.24baires.com\/wp-content\/uploads\/2018\/12\/cris-senado.jpg?resize=350%2C200 1x, https:\/\/i0.wp.com\/www.24baires.com\/wp-content\/uploads\/2018\/12\/cris-senado.jpg?resize=525%2C300 1.5x"},"classes":[]},{"id":112765,"url":"https:\/\/www.24baires.com\/?p=112765","url_meta":{"origin":6005,"position":1},"title":"La Justicia revoc\u00f3 dos procesamientos de Cristina Kirchner vinculadas a los cuadernos","author":"AF","date":"29\/10\/2019","format":false,"excerpt":"Se trata de las causas en la que la vicepresidente electa est\u00e1 investigada por supuestas coimas en los corredores viales, y por el gas licuado. La C\u00e1mara Federal revoc\u00f3 este martes el procesamiento de la vicepresidenta electa Cristina Kirchner en dos causas vinculadas a las de los cuadernos: una la\u2026","rel":"","context":"En \u00abJUDICIALES\u00bb","block_context":{"text":"JUDICIALES","link":"https:\/\/www.24baires.com\/?cat=68"},"img":{"alt_text":"","src":"https:\/\/i0.wp.com\/www.24baires.com\/wp-content\/uploads\/2019\/08\/cristina-bancaria.jpg?resize=350%2C200","width":350,"height":200,"srcset":"https:\/\/i0.wp.com\/www.24baires.com\/wp-content\/uploads\/2019\/08\/cristina-bancaria.jpg?resize=350%2C200 1x, https:\/\/i0.wp.com\/www.24baires.com\/wp-content\/uploads\/2019\/08\/cristina-bancaria.jpg?resize=525%2C300 1.5x"},"classes":[]},{"id":111234,"url":"https:\/\/www.24baires.com\/?p=111234","url_meta":{"origin":6005,"position":2},"title":"Confirmaron la condena a Boudou: deber\u00e1 cumplir 5 a\u00f1os y 10 meses de prisi\u00f3n","author":"GB","date":"18\/07\/2019","format":false,"excerpt":"El ex funcionario kirchnerista fue condenado como autor de los delitos de cohecho pasivo en concurso ideal con negociaciones incompatibles con la funci\u00f3n p\u00fablica La C\u00e1mara Federal de Casaci\u00f3n Penal confirm\u00f3 la condena a 5 a\u00f1os y 10 meses de prisi\u00f3n para el ex vicepresidente de la naci\u00f3n, Amado Boudou.\u2026","rel":"","context":"En \u00abJUDICIALES\u00bb","block_context":{"text":"JUDICIALES","link":"https:\/\/www.24baires.com\/?cat=68"},"img":{"alt_text":"","src":"https:\/\/i0.wp.com\/www.24baires.com\/wp-content\/uploads\/2017\/11\/detencion-bodou.jpg?resize=350%2C200","width":350,"height":200,"srcset":"https:\/\/i0.wp.com\/www.24baires.com\/wp-content\/uploads\/2017\/11\/detencion-bodou.jpg?resize=350%2C200 1x, https:\/\/i0.wp.com\/www.24baires.com\/wp-content\/uploads\/2017\/11\/detencion-bodou.jpg?resize=525%2C300 1.5x"},"classes":[]},{"id":67365,"url":"https:\/\/www.24baires.com\/?p=67365","url_meta":{"origin":6005,"position":3},"title":"Revisar\u00e1n las condenas por el asesinato de Mariano Ferreyra","author":"AF","date":"10\/06\/2015","format":false,"excerpt":"Fue convocada por la C\u00e1mara Federal de Casaci\u00f3n Penal para el pr\u00f3ximo 25 de junio. Ser\u00e1 antes de que el tribunal resuelva los recursos de apelaci\u00f3n presentados por las partes. Las querellas y la fiscal\u00eda piden perpetua para Jos\u00e9 Pedraza, por homicidio agravado. El pr\u00f3ximo 25 de junio la C\u00e1mara\u2026","rel":"","context":"En \u00abJUDICIALES\u00bb","block_context":{"text":"JUDICIALES","link":"https:\/\/www.24baires.com\/?cat=68"},"img":{"alt_text":"mariano ferreyra","src":"https:\/\/i0.wp.com\/www.24baires.com\/wp-content\/uploads\/2015\/06\/mariano-ferreyra.jpg?resize=350%2C200","width":350,"height":200,"srcset":"https:\/\/i0.wp.com\/www.24baires.com\/wp-content\/uploads\/2015\/06\/mariano-ferreyra.jpg?resize=350%2C200 1x, https:\/\/i0.wp.com\/www.24baires.com\/wp-content\/uploads\/2015\/06\/mariano-ferreyra.jpg?resize=525%2C300 1.5x"},"classes":[]},{"id":102494,"url":"https:\/\/www.24baires.com\/?p=102494","url_meta":{"origin":6005,"position":4},"title":"La C\u00e1mara \u00abreflot\u00f3\u00bb la causa Nisman y asegura que se trat\u00f3 de un crimen","author":"AF","date":"01\/06\/2018","format":false,"excerpt":"Confirm\u00f3 que el ex juez Alberto Nisman fue asesinado. Agregaron que el motivo fue su denuncia contra Cristina Kirchner. Adem\u00e1s dejaron firme el procesamiento de Diego Lagomarsino. La C\u00e1mara Federal hizo su aparici\u00f3n en medio de la debacle econ\u00f3mica que enfrenta el gobierno de Mauricio Macri. Entre masivas manifestaciones en\u2026","rel":"","context":"En \u00abJUDICIALES\u00bb","block_context":{"text":"JUDICIALES","link":"https:\/\/www.24baires.com\/?cat=68"},"img":{"alt_text":"","src":"https:\/\/i0.wp.com\/www.24baires.com\/wp-content\/uploads\/2015\/07\/nisman.jpg?resize=350%2C200","width":350,"height":200,"srcset":"https:\/\/i0.wp.com\/www.24baires.com\/wp-content\/uploads\/2015\/07\/nisman.jpg?resize=350%2C200 1x, https:\/\/i0.wp.com\/www.24baires.com\/wp-content\/uploads\/2015\/07\/nisman.jpg?resize=525%2C300 1.5x"},"classes":[]},{"id":104517,"url":"https:\/\/www.24baires.com\/?p=104517","url_meta":{"origin":6005,"position":5},"title":"Bonadio dict\u00f3 la privisi\u00f3n preventiva para CFK y la embarg\u00f3 por 4 mil millones","author":"AF","date":"17\/09\/2018","format":false,"excerpt":"El pedido de desafuero, en tanto, qued\u00f3 sujeto a la confirmaci\u00f3n de la C\u00e1mara Federal. Junto al procesamiento, el juez federal Claudio Bonadio embarg\u00f3 este lunes a la ex presidenta Cristina Kirchner por un total de 4 mil millones de pesos, en tanto que el pedido de desafuero qued\u00f3 sujeto\u2026","rel":"","context":"En \u00abJUDICIALES\u00bb","block_context":{"text":"JUDICIALES","link":"https:\/\/www.24baires.com\/?cat=68"},"img":{"alt_text":"","src":"https:\/\/i0.wp.com\/www.24baires.com\/wp-content\/uploads\/2017\/10\/cristina-1.jpg?resize=350%2C200","width":350,"height":200,"srcset":"https:\/\/i0.wp.com\/www.24baires.com\/wp-content\/uploads\/2017\/10\/cristina-1.jpg?resize=350%2C200 1x, https:\/\/i0.wp.com\/www.24baires.com\/wp-content\/uploads\/2017\/10\/cristina-1.jpg?resize=525%2C300 1.5x"},"classes":[]}],"jetpack_sharing_enabled":true,"jetpack_likes_enabled":true,"_links":{"self":[{"href":"https:\/\/www.24baires.com\/index.php?rest_route=\/wp\/v2\/posts\/6005","targetHints":{"allow":["GET"]}}],"collection":[{"href":"https:\/\/www.24baires.com\/index.php?rest_route=\/wp\/v2\/posts"}],"about":[{"href":"https:\/\/www.24baires.com\/index.php?rest_route=\/wp\/v2\/types\/post"}],"author":[{"embeddable":true,"href":"https:\/\/www.24baires.com\/index.php?rest_route=\/wp\/v2\/users\/4"}],"replies":[{"embeddable":true,"href":"https:\/\/www.24baires.com\/index.php?rest_route=%2Fwp%2Fv2%2Fcomments&post=6005"}],"version-history":[{"count":2,"href":"https:\/\/www.24baires.com\/index.php?rest_route=\/wp\/v2\/posts\/6005\/revisions"}],"predecessor-version":[{"id":6008,"href":"https:\/\/www.24baires.com\/index.php?rest_route=\/wp\/v2\/posts\/6005\/revisions\/6008"}],"wp:attachment":[{"href":"https:\/\/www.24baires.com\/index.php?rest_route=%2Fwp%2Fv2%2Fmedia&parent=6005"}],"wp:term":[{"taxonomy":"category","embeddable":true,"href":"https:\/\/www.24baires.com\/index.php?rest_route=%2Fwp%2Fv2%2Fcategories&post=6005"},{"taxonomy":"post_tag","embeddable":true,"href":"https:\/\/www.24baires.com\/index.php?rest_route=%2Fwp%2Fv2%2Ftags&post=6005"}],"curies":[{"name":"wp","href":"https:\/\/api.w.org\/{rel}","templated":true}]}}