{"id":5964,"date":"2012-11-19T09:50:00","date_gmt":"2012-11-19T12:50:00","guid":{"rendered":"http:\/\/www.24baires.com\/?p=5964"},"modified":"2012-11-19T11:05:28","modified_gmt":"2012-11-19T14:05:28","slug":"p-peron-festejara-al-ritmo-de-los-sultanes","status":"publish","type":"post","link":"https:\/\/www.24baires.com\/?p=5964","title":{"rendered":"Presidente Per\u00f3n festejar\u00e1 al ritmo de Los Sultanes"},"content":{"rendered":"<p>La Municipalidad de Presidente Per\u00f3n se encuentra en un pleno e intensivo trabajo organizando el programa de festejos por un nuevo aniversario del distrito, 19\u00ba de su creaci\u00f3n por ley provincial 11.480 y 17\u00ba de su puesta en funcionamiento institucional.<!--more--><\/p>\n<p>El acto central se llevar\u00e1 a cabo el domingo 25 de noviembre, fecha del aniversario, donde se presentar\u00e1n grupos musicales populares, tales como Los Sultanes, Sebasti\u00e1n Mendoza, Mario Luis y Tu Pap\u00e1, que convocar\u00e1 como todos los a\u00f1os a miles de familias que se sienten part\u00edcipes de este programa que organiza la administraci\u00f3n p\u00fablica municipal, encabezada por An\u00edbal Regueiro.<\/p>\n<p>El acto protocolar comenzar\u00e1 a las 17, con la concentraci\u00f3n de las delegaciones que participar\u00e1n del desfile c\u00edvico militar sobre las avenidas Arturo Jauretche y Scalabrini Ortiz.<\/p>\n<p>A continuaci\u00f3n, el paso de revista del jefe comunal a las fuerzas militares, Himno Nacional, entrega de banderas de ceremonias a instituciones intermedias y educacionales, bendiciones del cura p\u00e1rroco, discurso de la m\u00e1xima autoridad municipal, quien luego autorizar\u00e1 el inicio del desfile.<\/p>\n<p>Aproximadamente a las 20.30, sobre el escenario grupos de renombres mencionados har\u00e1n bailar y cantar a la masiva concurrencia; y, finalmente, como corolario y todos los a\u00f1os, el cielo se iluminar\u00e1 -por varios minutos- con los fuegos artificiales.<\/p>\n<p>Cabe aclarar que los festejos dar\u00e1n inicio el s\u00e1bado 24, cuando a partir de las 17 tocar\u00e1n grupos musicales con int\u00e9rpretes locales sobre el escenario que estar\u00e1 ubicado en la intersecci\u00f3n de las avenidas Cris\u00f3logo Larralde y Scalabrini Ortiz, de Guernica.<\/p>\n","protected":false},"excerpt":{"rendered":"<p>La Municipalidad de Presidente Per\u00f3n se encuentra en un pleno e intensivo trabajo organizando el programa de festejos por un nuevo aniversario del distrito, 19\u00ba de su creaci\u00f3n por ley provincial 11.480 y 17\u00ba de su puesta en funcionamiento institucional.<\/p>\n","protected":false},"author":4,"featured_media":0,"comment_status":"open","ping_status":"open","sticky":false,"template":"","format":"standard","meta":{"_jetpack_newsletter_access":"","_jetpack_dont_email_post_to_subs":false,"_jetpack_newsletter_tier_id":0,"_jetpack_memberships_contains_paywalled_content":false,"_jetpack_memberships_contains_paid_content":false,"footnotes":""},"categories":[38],"tags":[],"class_list":["post-5964","post","type-post","status-publish","format-standard","hentry","category-locales"],"jetpack_featured_media_url":"","jetpack_shortlink":"https:\/\/wp.me\/p2JWE0-1yc","jetpack-related-posts":[{"id":35925,"url":"https:\/\/www.24baires.com\/?p=35925","url_meta":{"origin":5964,"position":0},"title":"Presidente Per\u00f3n celebra sus 20 a\u00f1os","author":"AF","date":"29\/11\/2013","format":false,"excerpt":"Los festejos comenzar\u00e1n ma\u00f1ana a partir de las 18, en el que se realizar\u00e1 un festival musical con n\u00fameros locales frente a la plaza Belisario Rold\u00e1n. El 1 de diciembre se desarrollar\u00e1 el acto protocolar, un festival art\u00edstico y fuegos artificiales. La Municipalidad de Presidente Per\u00f3n organiza el programa de\u2026","rel":"","context":"En \u00abLocales\u00bb","block_context":{"text":"Locales","link":"https:\/\/www.24baires.com\/?cat=38"},"img":{"alt_text":"","src":"","width":0,"height":0},"classes":[]},{"id":73713,"url":"https:\/\/www.24baires.com\/?p=73713","url_meta":{"origin":5964,"position":1},"title":"Scioli y An\u00edbal celebran el D\u00eda de la Lealtad con un acto en La Matanza","author":"AF","date":"17\/10\/2015","format":false,"excerpt":"Los candidatos del FpV a presidente y gobernador bonaerense, Daniel Scioli y An\u00edbal Fern\u00e1ndez, participar\u00e1n este s\u00e1bado de la celebraci\u00f3n, que organizar\u00e1 el Partido Justicialista (PJ) bonaerense en la localidad de Gonz\u00e1lez Cat\u00e1n, partido de La Matanza. De esta manera, Scioli, Fern\u00e1ndez y el intendente de La Matanza, Fernando Espinoza,\u2026","rel":"","context":"En \u00abPol\u00edtica\u00bb","block_context":{"text":"Pol\u00edtica","link":"https:\/\/www.24baires.com\/?cat=51"},"img":{"alt_text":"zannini scioli bossio an\u00edbal","src":"https:\/\/i0.wp.com\/www.24baires.com\/wp-content\/uploads\/2015\/07\/zannini-scioli-bossio-an%C3%ADbal.jpg?resize=350%2C200","width":350,"height":200,"srcset":"https:\/\/i0.wp.com\/www.24baires.com\/wp-content\/uploads\/2015\/07\/zannini-scioli-bossio-an%C3%ADbal.jpg?resize=350%2C200 1x, https:\/\/i0.wp.com\/www.24baires.com\/wp-content\/uploads\/2015\/07\/zannini-scioli-bossio-an%C3%ADbal.jpg?resize=525%2C300 1.5x"},"classes":[]},{"id":44537,"url":"https:\/\/www.24baires.com\/?p=44537","url_meta":{"origin":5964,"position":2},"title":"Lan\u00fas festeja sus 70 a\u00f1os a todo trapo","author":"Grupo Sierra","date":"23\/04\/2014","format":false,"excerpt":"La Plaza de Villa Obrera en Lan\u00fas Este -ubicada entre las calles Pergamino y Tucum\u00e1n, y las avenidas Eva Per\u00f3n y Villa de Luj\u00e1n- ser\u00e1 escenario de una jornada de festejos comunitarios en el marco del 70 aniversario del Municipio de Lan\u00fas, recordando a uno de sus visitantes m\u00e1s ilustres:\u2026","rel":"","context":"En \u00abLocales\u00bb","block_context":{"text":"Locales","link":"https:\/\/www.24baires.com\/?cat=38"},"img":{"alt_text":"01 Lan\u00fas ya tiene su primer skatepark (01)","src":"https:\/\/i0.wp.com\/www.24baires.com\/wp-content\/uploads\/2014\/01\/01-Lan%C3%BAs-ya-tiene-su-primer-skatepark-01-300x153.jpg?resize=350%2C200","width":350,"height":200},"classes":[]},{"id":26595,"url":"https:\/\/www.24baires.com\/?p=26595","url_meta":{"origin":5964,"position":3},"title":"Ayacucho festeja su 147\u00ba aniversario","author":"AF","date":"22\/06\/2013","format":false,"excerpt":"El acto principal se realizar\u00e1 este S\u00e1bado en el Sal\u00f3n Libertador General San Mart\u00edn, adem\u00e1s, habr\u00e1 una exposici\u00f3n de artesanos y el cierre musical a cargo de la Orquesta T\u00edpica Imperial. Con diferentes actividades culturales, Ayacucho festeja su 147 aniversario. El acto oficial ser\u00e1 este s\u00e1bado en el Sal\u00f3n Libertador\u2026","rel":"","context":"En \u00abLocales\u00bb","block_context":{"text":"Locales","link":"https:\/\/www.24baires.com\/?cat=38"},"img":{"alt_text":"","src":"","width":0,"height":0},"classes":[]},{"id":24345,"url":"https:\/\/www.24baires.com\/?p=24345","url_meta":{"origin":5964,"position":4},"title":"Fueron miles de personas las que llegaron a la plaza hist\u00f3rica","author":"Grupo Sierra","date":"25\/05\/2013","format":false,"excerpt":"Una multitud, en su mayor\u00eda j\u00f3venes organizados y tambi\u00e9n familias, llenan los espacios de la Plaza para participar de los festejos por el 203 aniversario de la Revoluci\u00f3n de Mayo y los diez a\u00f1os del proyecto pol\u00edtico iniciado por N\u00e9stor Kirchner. Desde temprano, las primeras columnas de manifestantes y organizaciones\u2026","rel":"","context":"En \u00abPol\u00edtica\u00bb","block_context":{"text":"Pol\u00edtica","link":"https:\/\/www.24baires.com\/?cat=51"},"img":{"alt_text":"","src":"","width":0,"height":0},"classes":[]},{"id":119047,"url":"https:\/\/www.24baires.com\/?p=119047","url_meta":{"origin":5964,"position":5},"title":"Fern\u00e1ndez reivindic\u00f3 a Per\u00f3n y dijo que \u00abel poder pasa por la capacidad de convencer\u00bb","author":"AF","date":"01\/07\/2022","format":false,"excerpt":"Alberto Fern\u00e1ndez particip\u00f3 este viernes del acto que se realiza en el hist\u00f3rico sal\u00f3n \"Felipe Vallese\" de la central obrera que conduce el triunvirato compuesto por H\u00e9ctor Daer, Pablo Moyano y Carlos Acu\u00f1a. El presidente Alberto Fern\u00e1ndez renov\u00f3 un llamado a la \"unidad\" de los argentinos como condici\u00f3n b\u00e1sica para\u2026","rel":"","context":"En \u00abPol\u00edtica\u00bb","block_context":{"text":"Pol\u00edtica","link":"https:\/\/www.24baires.com\/?cat=51"},"img":{"alt_text":"","src":"https:\/\/i0.wp.com\/www.24baires.com\/wp-content\/uploads\/2021\/03\/fern%C3%A1ndez.jpg?resize=350%2C200","width":350,"height":200,"srcset":"https:\/\/i0.wp.com\/www.24baires.com\/wp-content\/uploads\/2021\/03\/fern%C3%A1ndez.jpg?resize=350%2C200 1x, https:\/\/i0.wp.com\/www.24baires.com\/wp-content\/uploads\/2021\/03\/fern%C3%A1ndez.jpg?resize=525%2C300 1.5x, https:\/\/i0.wp.com\/www.24baires.com\/wp-content\/uploads\/2021\/03\/fern%C3%A1ndez.jpg?resize=700%2C400 2x"},"classes":[]}],"jetpack_sharing_enabled":true,"jetpack_likes_enabled":true,"_links":{"self":[{"href":"https:\/\/www.24baires.com\/index.php?rest_route=\/wp\/v2\/posts\/5964","targetHints":{"allow":["GET"]}}],"collection":[{"href":"https:\/\/www.24baires.com\/index.php?rest_route=\/wp\/v2\/posts"}],"about":[{"href":"https:\/\/www.24baires.com\/index.php?rest_route=\/wp\/v2\/types\/post"}],"author":[{"embeddable":true,"href":"https:\/\/www.24baires.com\/index.php?rest_route=\/wp\/v2\/users\/4"}],"replies":[{"embeddable":true,"href":"https:\/\/www.24baires.com\/index.php?rest_route=%2Fwp%2Fv2%2Fcomments&post=5964"}],"version-history":[{"count":2,"href":"https:\/\/www.24baires.com\/index.php?rest_route=\/wp\/v2\/posts\/5964\/revisions"}],"predecessor-version":[{"id":5966,"href":"https:\/\/www.24baires.com\/index.php?rest_route=\/wp\/v2\/posts\/5964\/revisions\/5966"}],"wp:attachment":[{"href":"https:\/\/www.24baires.com\/index.php?rest_route=%2Fwp%2Fv2%2Fmedia&parent=5964"}],"wp:term":[{"taxonomy":"category","embeddable":true,"href":"https:\/\/www.24baires.com\/index.php?rest_route=%2Fwp%2Fv2%2Fcategories&post=5964"},{"taxonomy":"post_tag","embeddable":true,"href":"https:\/\/www.24baires.com\/index.php?rest_route=%2Fwp%2Fv2%2Ftags&post=5964"}],"curies":[{"name":"wp","href":"https:\/\/api.w.org\/{rel}","templated":true}]}}