{"id":5956,"date":"2012-11-19T10:27:05","date_gmt":"2012-11-19T13:27:05","guid":{"rendered":"http:\/\/www.24baires.com\/?p=5956"},"modified":"2012-11-19T10:27:05","modified_gmt":"2012-11-19T13:27:05","slug":"finalmente-calle-13-cerrara-los-festejos-por-el-130o-aniversario-de-la-plata","status":"publish","type":"post","link":"https:\/\/www.24baires.com\/?p=5956","title":{"rendered":"Finalmente Calle 13 cerrar\u00e1 los festejos por el 130\u00ba aniversario de La Plata"},"content":{"rendered":"<p><img data-recalc-dims=\"1\" loading=\"lazy\" decoding=\"async\" class=\"aligncenter size-full wp-image-5957\" title=\"ren\u00e9 13\" src=\"https:\/\/i0.wp.com\/www.24baires.com\/wp-content\/uploads\/2012\/11\/ren%C3%A9-13.jpg?resize=560%2C419\" alt=\"\" width=\"560\" height=\"419\" srcset=\"https:\/\/i0.wp.com\/www.24baires.com\/wp-content\/uploads\/2012\/11\/ren%C3%A9-13.jpg?w=560&amp;ssl=1 560w, https:\/\/i0.wp.com\/www.24baires.com\/wp-content\/uploads\/2012\/11\/ren%C3%A9-13.jpg?resize=300%2C224&amp;ssl=1 300w\" sizes=\"auto, (max-width: 560px) 100vw, 560px\" \/>La banda puertorrique\u00f1a \u00abCalle 13\u00bb tocar\u00e1 gratis este lunes en La Plata, con motivo de celebrarse el 130\u00ba Aniversario de la ciudad.<!--more--><br \/>\nLa banda que lidera el cantante Ren\u00e9 P\u00e9rez ser\u00e1 la encargada de cerrar los festejos por el aniversario de la capital provincial, luego de una serie de festivales y actividades que se iniciaron la semana pasada.<br \/>\nDesde las 16 distintas bandas de m\u00fasica locales actuar\u00e1n en Meridiano V, como previa al recital que brindar\u00e1 gratis Calle 13 desde las 18.30 en Plaza Moreno.<br \/>\nCon motivo de esta actuaci\u00f3n del grupo portorrique\u00f1o, desde la ma\u00f1ana se coloc\u00f3 un vallado a la Plaza y, seg\u00fan se inform\u00f3, estar\u00e1 prohibido el ingreso con bebidas alcoh\u00f3licas.<br \/>\nTambi\u00e9n se dispondr\u00e1 de un dispositivo sanitario que incluir\u00e1 10 m\u00e9dicos, 30 enfermeros y 60 promotores comunitarios de salud.<br \/>\nLos festejos de la capital provincial culminar\u00e1n con un show de fuegos artificiales.<\/p>\n","protected":false},"excerpt":{"rendered":"<p>La banda puertorrique\u00f1a \u00abCalle 13\u00bb tocar\u00e1 gratis este lunes en La Plata, con motivo de celebrarse el 130\u00ba Aniversario de la ciudad.<\/p>\n","protected":false},"author":4,"featured_media":0,"comment_status":"open","ping_status":"open","sticky":false,"template":"","format":"standard","meta":{"_jetpack_newsletter_access":"","_jetpack_dont_email_post_to_subs":false,"_jetpack_newsletter_tier_id":0,"_jetpack_memberships_contains_paywalled_content":false,"_jetpack_memberships_contains_paid_content":false,"footnotes":""},"categories":[38],"tags":[],"class_list":["post-5956","post","type-post","status-publish","format-standard","hentry","category-locales"],"jetpack_featured_media_url":"","jetpack_shortlink":"https:\/\/wp.me\/p2JWE0-1y4","jetpack-related-posts":[{"id":3221,"url":"https:\/\/www.24baires.com\/?p=3221","url_meta":{"origin":5956,"position":0},"title":"Calle 13 cierra los festejos por el 130\u00b0 aniversario de la ciudad de La Plata","author":"Grupo Sierra","date":"25\/10\/2012","format":false,"excerpt":"El 19 de noviembre, la ciudad de las diagonales festejar\u00e1 su cumplea\u00f1os con un cronograma de actividades culturales y art\u00edsticas. La presentaci\u00f3n de lujo quedar\u00e1 para lo \u00faltimo. La banda puertorrique\u00f1a har\u00e1 vibrar a los platenses. El secretario de Gabinete de La Plata, Santiago Martorelli, fue quien confirm\u00f3 la noticia\u2026","rel":"","context":"En \u00abLocales\u00bb","block_context":{"text":"Locales","link":"https:\/\/www.24baires.com\/?cat=38"},"img":{"alt_text":"","src":"https:\/\/i0.wp.com\/www.24baires.com\/wp-content\/uploads\/2012\/10\/calle-13-visitante-rene.jpg?resize=350%2C200","width":350,"height":200,"srcset":"https:\/\/i0.wp.com\/www.24baires.com\/wp-content\/uploads\/2012\/10\/calle-13-visitante-rene.jpg?resize=350%2C200 1x, https:\/\/i0.wp.com\/www.24baires.com\/wp-content\/uploads\/2012\/10\/calle-13-visitante-rene.jpg?resize=525%2C300 1.5x"},"classes":[]},{"id":4367,"url":"https:\/\/www.24baires.com\/?p=4367","url_meta":{"origin":5956,"position":1},"title":"Quieren saber en La Plata a quienes contrataron para los festejos de los 130 a\u00f1os","author":"Grupo Sierra","date":"04\/11\/2012","format":false,"excerpt":"El Concejal Jos\u00e9 Arteaga solicit\u00f3 el viernes conocer cu\u00e1l ser\u00e1 el espect\u00e1culo contratado por la Municipalidad de La Plata para el acto de cierre de los festejos por el 130\u00ba Aniversario de la ciudad y requiri\u00f3 se detallen los recursos afectados para la realizaci\u00f3n de los diferentes festejos \u201cespecialmente para\u2026","rel":"","context":"En \u00abMunicipios\u00bb","block_context":{"text":"Municipios","link":"https:\/\/www.24baires.com\/?cat=44"},"img":{"alt_text":"","src":"","width":0,"height":0},"classes":[]},{"id":15439,"url":"https:\/\/www.24baires.com\/?p=15439","url_meta":{"origin":5956,"position":2},"title":"El Bahiano cierra hoy el carnaval en Los Hornos","author":"Grupo Sierra","date":"12\/02\/2013","format":false,"excerpt":"La delegada municipal, Berta Magnoli, invit\u00f3 a los vecinos a participar de la fiesta popular y disfrutar de las murgas y grupos musicales. Adem\u00e1s inform\u00f3 que durante esta tarde van a desfilar cuatro comparsas y cerrar\u00e1 con la presencia del Bahiano. \u00a0 La delegada de Los Hornos, Berta Magnoli, invit\u00f3\u2026","rel":"","context":"En \u00abSociedad\u00bb","block_context":{"text":"Sociedad","link":"https:\/\/www.24baires.com\/?cat=1"},"img":{"alt_text":"bahiano","src":"https:\/\/i0.wp.com\/www.24baires.com\/wp-content\/uploads\/2013\/02\/bahiano.jpg?resize=350%2C200","width":350,"height":200},"classes":[]},{"id":45731,"url":"https:\/\/www.24baires.com\/?p=45731","url_meta":{"origin":5956,"position":3},"title":"City Bell festeja sus 100 a\u00f1os con un show a todo color","author":"Grupo Sierra","date":"11\/05\/2014","format":false,"excerpt":"Durante la jornada del s\u00e1bado se desarrollaron diversos shows art\u00edsticos en cada una de las esquinas de la calle peatonal Cantilo, como parte de los festejos que organiza la Municipalidad de La Plata por el 100\u00ba Aniversario de la localidad. Hoy domingo los festejos se retoman a las 11 de\u2026","rel":"","context":"En \u00abLocales\u00bb","block_context":{"text":"Locales","link":"https:\/\/www.24baires.com\/?cat=38"},"img":{"alt_text":"autenticos decadentes","src":"https:\/\/i0.wp.com\/www.24baires.com\/wp-content\/uploads\/2014\/05\/autenticos-decadentes.jpg?resize=350%2C200","width":350,"height":200,"srcset":"https:\/\/i0.wp.com\/www.24baires.com\/wp-content\/uploads\/2014\/05\/autenticos-decadentes.jpg?resize=350%2C200 1x, https:\/\/i0.wp.com\/www.24baires.com\/wp-content\/uploads\/2014\/05\/autenticos-decadentes.jpg?resize=525%2C300 1.5x"},"classes":[]},{"id":22160,"url":"https:\/\/www.24baires.com\/?p=22160","url_meta":{"origin":5956,"position":4},"title":"Ensenada se prepara para festejar su 212\u00ba aniversario","author":"AF","date":"29\/04\/2013","format":false,"excerpt":"Con un show musical de Karina \"La Princesita\" y la tradicional exposici\u00f3n de colectividades, Ensenada se prepara para la celebraci\u00f3n del 212\u00ba Aniversario de su fundaci\u00f3n con un cronograma de actividades libres y gratuitas. Los festejos comenzar\u00e1n el viernes con el solemne Tedeum en la Parroquia Nuestra Se\u00f1ora de La\u2026","rel":"","context":"En \u00abLocales\u00bb","block_context":{"text":"Locales","link":"https:\/\/www.24baires.com\/?cat=38"},"img":{"alt_text":"","src":"","width":0,"height":0},"classes":[]},{"id":48513,"url":"https:\/\/www.24baires.com\/?p=48513","url_meta":{"origin":5956,"position":5},"title":"Miles de personas celebraron el 91\u00b0 Aniversario de Joaqu\u00edn Gorina en La Plata","author":"Grupo Sierra","date":"22\/06\/2014","format":false,"excerpt":"Una multitud de platenses disfrut\u00f3 durante el fin de semana de los festejos que contaron con la participaci\u00f3n musical de Los Nocheros, as\u00ed como de presentaciones de bandas locales. Adem\u00e1s el evento ofreci\u00f3 un show para chicos, el tradicional corte de la torta y una feria de productores locales. Como\u2026","rel":"","context":"En \u00abLocales\u00bb","block_context":{"text":"Locales","link":"https:\/\/www.24baires.com\/?cat=38"},"img":{"alt_text":"","src":"","width":0,"height":0},"classes":[]}],"jetpack_sharing_enabled":true,"jetpack_likes_enabled":true,"_links":{"self":[{"href":"https:\/\/www.24baires.com\/index.php?rest_route=\/wp\/v2\/posts\/5956","targetHints":{"allow":["GET"]}}],"collection":[{"href":"https:\/\/www.24baires.com\/index.php?rest_route=\/wp\/v2\/posts"}],"about":[{"href":"https:\/\/www.24baires.com\/index.php?rest_route=\/wp\/v2\/types\/post"}],"author":[{"embeddable":true,"href":"https:\/\/www.24baires.com\/index.php?rest_route=\/wp\/v2\/users\/4"}],"replies":[{"embeddable":true,"href":"https:\/\/www.24baires.com\/index.php?rest_route=%2Fwp%2Fv2%2Fcomments&post=5956"}],"version-history":[{"count":1,"href":"https:\/\/www.24baires.com\/index.php?rest_route=\/wp\/v2\/posts\/5956\/revisions"}],"predecessor-version":[{"id":5958,"href":"https:\/\/www.24baires.com\/index.php?rest_route=\/wp\/v2\/posts\/5956\/revisions\/5958"}],"wp:attachment":[{"href":"https:\/\/www.24baires.com\/index.php?rest_route=%2Fwp%2Fv2%2Fmedia&parent=5956"}],"wp:term":[{"taxonomy":"category","embeddable":true,"href":"https:\/\/www.24baires.com\/index.php?rest_route=%2Fwp%2Fv2%2Fcategories&post=5956"},{"taxonomy":"post_tag","embeddable":true,"href":"https:\/\/www.24baires.com\/index.php?rest_route=%2Fwp%2Fv2%2Ftags&post=5956"}],"curies":[{"name":"wp","href":"https:\/\/api.w.org\/{rel}","templated":true}]}}