{"id":5952,"date":"2012-11-19T10:00:37","date_gmt":"2012-11-19T13:00:37","guid":{"rendered":"http:\/\/www.24baires.com\/?p=5952"},"modified":"2012-11-19T10:28:21","modified_gmt":"2012-11-19T13:28:21","slug":"por-que-la-cta-se-adhiere-al-20n","status":"publish","type":"post","link":"https:\/\/www.24baires.com\/?p=5952","title":{"rendered":"\u00bfPor qu\u00e9 la CTA se adhiere al 20N?"},"content":{"rendered":"<p><img data-recalc-dims=\"1\" loading=\"lazy\" decoding=\"async\" class=\"alignleft size-medium wp-image-5953\" title=\"cta\" src=\"https:\/\/i0.wp.com\/www.24baires.com\/wp-content\/uploads\/2012\/11\/cta.jpg?resize=300%2C228\" alt=\"\" width=\"300\" height=\"228\" srcset=\"https:\/\/i0.wp.com\/www.24baires.com\/wp-content\/uploads\/2012\/11\/cta.jpg?resize=300%2C228&amp;ssl=1 300w, https:\/\/i0.wp.com\/www.24baires.com\/wp-content\/uploads\/2012\/11\/cta.jpg?w=480&amp;ssl=1 480w\" sizes=\"auto, (max-width: 300px) 100vw, 300px\" \/>Exigen eliminaci\u00f3n de Ganancias y topes a las asignaciones familiares; rediscusi\u00f3n del salario m\u00ednimo vital y m\u00f3vil; aumento de urgencia a jubilados y derogaci\u00f3n de Ley Antiterrorista.<!--more--><br \/>\nDesde la CTA opositora detallaron los motivos por los cuales adhieren al paro nacional con movilizaci\u00f3n de ma\u00f1ana. El secretario de Relaciones Institucionales, Juan Carlos Giuliani, explic\u00f3 que entre otras cosas piden \u201celiminaci\u00f3n de Ganancias a los trabajadores, aumento, unificaci\u00f3n y eliminaci\u00f3n de topes de asignaciones familiares; que se reabra el Consejo del Salario para discutir un nuevo m\u00ednimo vital y m\u00f3vil y no la cifra que acordaron el gobierno, las patronales y sindicalistas afines con un salario que reci\u00e9n ser\u00e1 de 2,800 en febrero con el proceso inflacionario que existe\u201d.<\/p>\n<p>Tambi\u00e9n exigen \u201cun aumento de emergencia para jubilados mientras discutimos el 82% m\u00f3vil que el gobierno vet\u00f3 y la derogaci\u00f3n de la Ley Antiterrorista que sirve para criminalizar la protesta social\u201d.<\/p>\n","protected":false},"excerpt":{"rendered":"<p>Exigen eliminaci\u00f3n de Ganancias y topes a las asignaciones familiares; rediscusi\u00f3n del salario m\u00ednimo vital y m\u00f3vil; aumento de urgencia a jubilados y derogaci\u00f3n de Ley Antiterrorista.<\/p>\n","protected":false},"author":4,"featured_media":0,"comment_status":"open","ping_status":"open","sticky":false,"template":"","format":"standard","meta":{"_jetpack_newsletter_access":"","_jetpack_dont_email_post_to_subs":false,"_jetpack_newsletter_tier_id":0,"_jetpack_memberships_contains_paywalled_content":false,"_jetpack_memberships_contains_paid_content":false,"footnotes":""},"categories":[1],"tags":[],"class_list":["post-5952","post","type-post","status-publish","format-standard","hentry","category-sociedad"],"jetpack_featured_media_url":"","jetpack_shortlink":"https:\/\/wp.me\/p2JWE0-1y0","jetpack-related-posts":[{"id":5453,"url":"https:\/\/www.24baires.com\/?p=5453","url_meta":{"origin":5952,"position":0},"title":"Todos los bancos del pa\u00eds se adhieren al 20N","author":"AF","date":"14\/11\/2012","format":false,"excerpt":"Los bancos p\u00fablicos y privados de toda la Argentina no abrir\u00e1n sus puertas el pr\u00f3ximo martes por la adhesi\u00f3n de sus empleados al paro nacional convocado por la CTA y CGT. La adhesi\u00f3n al paro fue confirmada por la Asociaci\u00f3n Bancaria (AB) a trav\u00e9s de un comunicado de prensa en\u2026","rel":"","context":"En \u00abSociedad\u00bb","block_context":{"text":"Sociedad","link":"https:\/\/www.24baires.com\/?cat=1"},"img":{"alt_text":"","src":"https:\/\/i0.wp.com\/www.24baires.com\/wp-content\/uploads\/2012\/11\/banco-naci%C3%B3n.png?resize=350%2C200","width":350,"height":200},"classes":[]},{"id":28839,"url":"https:\/\/www.24baires.com\/?p=28839","url_meta":{"origin":5952,"position":1},"title":"La CTA exigir\u00e1 un sueldo m\u00ednimo de $3.500","author":"AF","date":"24\/07\/2013","format":false,"excerpt":"La central dirigida por Hugo Yasky plantear\u00e1 ma\u00f1ana en el Consejo del Salario elevar el haber m\u00ednimo a 3.500 pesos, entre otros temas como la discusi\u00f3n sobre tercerizaciones, fraude laboral y la eliminaci\u00f3n definitiva del trabajo infantil. Asimismo, la central gremial expres\u00f3 tambi\u00e9n su apoyo al proyecto de ley que\u2026","rel":"","context":"En \u00abSociedad\u00bb","block_context":{"text":"Sociedad","link":"https:\/\/www.24baires.com\/?cat=1"},"img":{"alt_text":"","src":"","width":0,"height":0},"classes":[]},{"id":1418,"url":"https:\/\/www.24baires.com\/?p=1418","url_meta":{"origin":5952,"position":2},"title":"Paro docente para el pr\u00f3ximo jueves: reclaman reapertura de paritarias y aumento salarial","author":"AF","date":"08\/10\/2012","format":false,"excerpt":"El secretario General de UDocBA, Miguel D\u00edaz, anunci\u00f3 que \"todos los docentes bonaerenses realizar\u00e1n un paro de actividades este jueves 11 de octubre, sin concurrencia a sus lugares de trabajo, en demanda de reapertura de paritarias y 3900 pesos de salario b\u00e1sico inicial, aumento que es cada vez m\u00e1s urgente\u2026","rel":"","context":"En \u00abSociedad\u00bb","block_context":{"text":"Sociedad","link":"https:\/\/www.24baires.com\/?cat=1"},"img":{"alt_text":"","src":"","width":0,"height":0},"classes":[]},{"id":42207,"url":"https:\/\/www.24baires.com\/?p=42207","url_meta":{"origin":5952,"position":3},"title":"Los judiciales tambi\u00e9n: quieren un aumento del 45 % y anunciaron paro","author":"Grupo Sierra","date":"15\/03\/2014","format":false,"excerpt":"La Asociaci\u00f3n Judicial Bonaerense (AJB) anunci\u00f3 que los trabajadores del sector realizar\u00e1n una huelga el pr\u00f3ximo mi\u00e9rcoles ante la falta de convocatoria del gobierno provincial para discutir los salarios. El gremio que representa a los trabajadores de los 18 departamentos judiciales bonaerenses reclama un aumento salarial de 45 por ciento,\u2026","rel":"","context":"En \u00abProvincia\u00bb","block_context":{"text":"Provincia","link":"https:\/\/www.24baires.com\/?cat=40"},"img":{"alt_text":"judicial","src":"https:\/\/i0.wp.com\/www.24baires.com\/wp-content\/uploads\/2014\/03\/judicial.gif?resize=350%2C200","width":350,"height":200,"srcset":"https:\/\/i0.wp.com\/www.24baires.com\/wp-content\/uploads\/2014\/03\/judicial.gif?resize=350%2C200 1x, https:\/\/i0.wp.com\/www.24baires.com\/wp-content\/uploads\/2014\/03\/judicial.gif?resize=525%2C300 1.5x"},"classes":[]},{"id":121921,"url":"https:\/\/www.24baires.com\/?p=121921","url_meta":{"origin":5952,"position":4},"title":"Las dos CTA rechazaron el salario m\u00ednimo y denunciaron un \u00abcomplot\u00bb empresarial","author":"GB","date":"27\/12\/2024","format":false,"excerpt":"La CTA de los Trabajadores y la CTA Aut\u00f3noma repudiaron en conjunto el Salario M\u00ednimo, Vital y M\u00f3vil anunciado por el gobierno de Javier Milei, sin el acuerdo de las centrales obreras. Luego que el Gobierno nacional fijara este jueves el Salario M\u00ednimo, Vital y M\u00f3vil en menos de $280.000,\u2026","rel":"","context":"En \u00abPol\u00edtica\u00bb","block_context":{"text":"Pol\u00edtica","link":"https:\/\/www.24baires.com\/?cat=51"},"img":{"alt_text":"","src":"https:\/\/i0.wp.com\/www.24baires.com\/wp-content\/uploads\/2024\/12\/salario-minimo.webp?resize=350%2C200","width":350,"height":200,"srcset":"https:\/\/i0.wp.com\/www.24baires.com\/wp-content\/uploads\/2024\/12\/salario-minimo.webp?resize=350%2C200 1x, https:\/\/i0.wp.com\/www.24baires.com\/wp-content\/uploads\/2024\/12\/salario-minimo.webp?resize=525%2C300 1.5x, https:\/\/i0.wp.com\/www.24baires.com\/wp-content\/uploads\/2024\/12\/salario-minimo.webp?resize=700%2C400 2x"},"classes":[]},{"id":120508,"url":"https:\/\/www.24baires.com\/?p=120508","url_meta":{"origin":5952,"position":5},"title":"Es Ley la eliminaci\u00f3n del Impuesto a las Ganancias","author":"GB","date":"29\/09\/2023","format":false,"excerpt":"El oficialismo logr\u00f3 reunir el n\u00famero para aprobar el proyecto de Sergio Massa y elimin\u00f3 el tributo a los ingresos de la cuarta categor\u00eda. Rechaz\u00f3 de Juntos por el Cambio. El Senado sancion\u00f3 la ley que modifica el Impuesto a las Ganancias, elevando el piso del M\u00ednimo No Imponible a\u2026","rel":"","context":"En \u00abPol\u00edtica\u00bb","block_context":{"text":"Pol\u00edtica","link":"https:\/\/www.24baires.com\/?cat=51"},"img":{"alt_text":"","src":"https:\/\/i0.wp.com\/www.24baires.com\/wp-content\/uploads\/2022\/09\/senado.jpg?resize=350%2C200","width":350,"height":200,"srcset":"https:\/\/i0.wp.com\/www.24baires.com\/wp-content\/uploads\/2022\/09\/senado.jpg?resize=350%2C200 1x, https:\/\/i0.wp.com\/www.24baires.com\/wp-content\/uploads\/2022\/09\/senado.jpg?resize=525%2C300 1.5x, https:\/\/i0.wp.com\/www.24baires.com\/wp-content\/uploads\/2022\/09\/senado.jpg?resize=700%2C400 2x"},"classes":[]}],"jetpack_sharing_enabled":true,"jetpack_likes_enabled":true,"_links":{"self":[{"href":"https:\/\/www.24baires.com\/index.php?rest_route=\/wp\/v2\/posts\/5952","targetHints":{"allow":["GET"]}}],"collection":[{"href":"https:\/\/www.24baires.com\/index.php?rest_route=\/wp\/v2\/posts"}],"about":[{"href":"https:\/\/www.24baires.com\/index.php?rest_route=\/wp\/v2\/types\/post"}],"author":[{"embeddable":true,"href":"https:\/\/www.24baires.com\/index.php?rest_route=\/wp\/v2\/users\/4"}],"replies":[{"embeddable":true,"href":"https:\/\/www.24baires.com\/index.php?rest_route=%2Fwp%2Fv2%2Fcomments&post=5952"}],"version-history":[{"count":3,"href":"https:\/\/www.24baires.com\/index.php?rest_route=\/wp\/v2\/posts\/5952\/revisions"}],"predecessor-version":[{"id":5955,"href":"https:\/\/www.24baires.com\/index.php?rest_route=\/wp\/v2\/posts\/5952\/revisions\/5955"}],"wp:attachment":[{"href":"https:\/\/www.24baires.com\/index.php?rest_route=%2Fwp%2Fv2%2Fmedia&parent=5952"}],"wp:term":[{"taxonomy":"category","embeddable":true,"href":"https:\/\/www.24baires.com\/index.php?rest_route=%2Fwp%2Fv2%2Fcategories&post=5952"},{"taxonomy":"post_tag","embeddable":true,"href":"https:\/\/www.24baires.com\/index.php?rest_route=%2Fwp%2Fv2%2Ftags&post=5952"}],"curies":[{"name":"wp","href":"https:\/\/api.w.org\/{rel}","templated":true}]}}