{"id":59433,"date":"2014-12-31T21:24:32","date_gmt":"2015-01-01T00:24:32","guid":{"rendered":"http:\/\/www.24baires.com\/?p=59433"},"modified":"2014-12-31T21:24:32","modified_gmt":"2015-01-01T00:24:32","slug":"no-se-cayo-el-pais-dos-mundiales-y-los-fondos-buitre","status":"publish","type":"post","link":"https:\/\/www.24baires.com\/?p=59433","title":{"rendered":"No se cay\u00f3 el pa\u00eds: dos mundiales y los Fondos Buitre"},"content":{"rendered":"<p><img data-recalc-dims=\"1\" loading=\"lazy\" decoding=\"async\" class=\"aligncenter size-full wp-image-48593\" src=\"https:\/\/i0.wp.com\/www.24baires.com\/wp-content\/uploads\/2014\/06\/Juez%2BThomas%2BGriesa-2.jpg?resize=560%2C420\" alt=\"Juez+Thomas+Griesa-2\" width=\"560\" height=\"420\" srcset=\"https:\/\/i0.wp.com\/www.24baires.com\/wp-content\/uploads\/2014\/06\/Juez%2BThomas%2BGriesa-2.jpg?w=560&amp;ssl=1 560w, https:\/\/i0.wp.com\/www.24baires.com\/wp-content\/uploads\/2014\/06\/Juez%2BThomas%2BGriesa-2.jpg?resize=300%2C225&amp;ssl=1 300w\" sizes=\"auto, (max-width: 560px) 100vw, 560px\" \/><\/p>\n<p>Intentemos aqu\u00ed, como hemos intentado todo el a\u00f1o, analizar algunos hechos. Un m\u00ednimo balance de estos doce meses, los 31 de diciembre pueden servir para esto, al menos eso veo que se hace en Facebook.<!--more--><br \/>\nPodr\u00edamos creer que los a\u00f1os no electorales representan un balance final con menos carga pol\u00edtica, pero es claro que desde hace mucho tiempo no es el caso en nuestro pa\u00eds. La pol\u00edtica, -desde que recuper\u00f3 su rol preponderante en la vida de los argentinos durante el gobierno de Kirchner-, ha regido cada a\u00f1o, aunque (en apariencias\u2026) no se est\u00e9 de campa\u00f1a.<br \/>\nDurante este 2014 que se nos escurre r\u00e1pido, como arena entre los dedos, se profundizaron o estancaron algunas disputas: Clar\u00edn, La Naci\u00f3n y muchos medios hegem\u00f3nicos siguen en la constante exacerbaci\u00f3n del antikirchnerismo, y eso sabemos que dej\u00f3 de ser periodismo, son s\u00f3lo expresiones de deseo, operaciones medi\u00e1ticas y globos de ensayo mal vendidos como informaci\u00f3n. La estrategia no ha cambiado: se coloca a alg\u00fan funcionario o a la misma Presidenta en el centro de los ataques y se les dispara con mentiras irrisorias, verdades a medias y toda la bosta que puedan juntar, que de seguro es m\u00e1s que el medio balde que Lanata no lograba llenar con los pol\u00edticos opositores. En esto el 2014 no le envidia nada al a\u00f1o anterior. Y con el Campo, (otro de los enemigos que el Gobierno ha sabido enfrentar), no hubo grande cismas, aunque la oligarqu\u00eda sojera intent\u00f3 desestabilizar algunas veces con sus tradicionales amenazas, m\u00e1s por costumbre que otra cosa, porque se siguen llevando los d\u00f3lares en contenedores. Los \u2018saqueos\u2019 organizados este a\u00f1o se los tuvieron que ahorrar, porque est\u00e1bamos alerta.<br \/>\nMassa, Bonad\u00edo y hasta el mismo Lanata que ya nombramos, fueron y son los manotazos de ahogados de los grupos concentrados medi\u00e1ticos y econ\u00f3micos que gritan \u201cFin de ciclo\u201d, pero no saben ya c\u00f3mo hacer para que la imagen de Cristina no supere el 50%, cosa que en este momento est\u00e1 sucediendo seg\u00fan varias encuestadoras, incluso las que los mismos diarios opositores publican. Massa se disfraz\u00f3 de todo lo que pudo para tratar de subir en la intenci\u00f3n de voto de los argentinos: de reaccionario queriendo opacar a Macri y hablando mal de las pol\u00edticas de Derechos Humanos, de abrazador de mujeres desoladas, de asador trucho, de matero ineficaz. Las mil caras superpuestas de un hombre que apenas aborda un tema deja claras evidencias de desconocimiento. El mar de un cent\u00edmetro de profundidad, que le dicen. Aun, con todos los canales, los diarios y las radios de la opo a su favor, elogi\u00e1ndolo, ocultando sus debilidades ya obvias, no sube, al contrario. Bonad\u00edo fue resucitado por Stolbizer, quien se debe haber arrepentido de haberlo expuesto como un palad\u00edn de la justicia cuando se dio cuenta que lo record\u00e1bamos de momentos claves de la historia como \u201cUno de los jueces comprables del menemismo\u201d, por ejemplo, y esto no necesita muchas palabras m\u00e1s. Este juez corrupto no las merece.<br \/>\nPero este a\u00f1o hubo dos hechos que atravesaron nuestras vidas, como un rayo: la dur\u00edsima gesta contra los Fondos Buitres y el Mundial. Estamos a horas de que se venza la cl\u00e1usula RUFO que imped\u00eda a la Argentina negociar con los Buitres sin correr el riesgo de que los bonistas que s\u00ed entraron en los canjes de deuda pudieran reclamar por el pago completo de las deudas. Ahora Argentina podr\u00eda buscar un nuevo acuerdo, salir del default selectivo y normalizar situaciones financieras que tuvieron en vilo la econom\u00eda durante este a\u00f1o. Es decir: no se acab\u00f3 el mundo, no se cay\u00f3 el pa\u00eds, el d\u00f3lar no lleg\u00f3 a los $20, como muchos anunciaban. Ac\u00e1 seguimos, porque se hicieron las cosas bien y se aguant\u00f3 la embestida de las corporaciones financieras, de los Buitres externos y los que desde nuestra propia tierra les eran funcionales.<br \/>\nPero, adem\u00e1s de estar pendientes de Griesa y su injusticia a la carta, este a\u00f1o vibramos con los goles de Messi, Higua\u00edn, Rojo y D\u00ed Mar\u00eda y las atajadas de Chiquito Romero. Nos abrazamos a cada grito sagrado, hicimos historia, despu\u00e9s de los penales dejamos las marcas de nuestras manos en el cielo, al tocarlo. Eso fue hermoso, porque la alegr\u00eda es hermosa. El \u00e9xito, en la humilde opini\u00f3n de una aun extasiada hincha de Racing, no est\u00e1 s\u00f3lo en alzar una Copa, sino en romperse el lomo para poder hacerlo, en tener siempre la actitud dispuesta a ir por lo mejor, por lo m\u00e1s grande, aunque la suerte exista y sea esquiva, aunque el l\u00ednea levante la banderita cuando ya hab\u00edamos aullado el gol. Porque lo mejor est\u00e1 por venir, y porque, mientras tanto, dejamos todo en la cancha. Y as\u00ed fue como ganamos la final que est\u00e1bamos jugando hace m\u00e1s de 30 a\u00f1os y apareci\u00f3 Guido Carlotto. Qu\u00e9 gran Mundial \u00e9se, el del pa\u00f1uelo blanco.<br \/>\nNo dejamos de luchar ni un d\u00eda, es por eso que antes de ponerme a cocinar la cena de esta noche, firmo aqu\u00ed con la certeza de que el futuro es nuestro, por pura prepotencia de trabajo. Y a seguir laburando fuerte, cada uno en lo suyo, poni\u00e9ndole el hombro al otro, porque es la \u00fanica manera. Aunque a veces nos peguen fuerte o parezca que llueven los problemas. Aunque el ex Boca la haya picado en la final. Aunque todav\u00eda duela decir \u201cEra por abajo, Palacio\u201d.<\/p>\n<p>&nbsp;<\/p>\n","protected":false},"excerpt":{"rendered":"<p>Intentemos aqu\u00ed, como hemos intentado todo el a\u00f1o, analizar algunos hechos. Un m\u00ednimo balance de estos doce meses, los 31 de diciembre pueden servir para esto, al menos eso veo que se hace en Facebook.<\/p>\n","protected":false},"author":11,"featured_media":0,"comment_status":"open","ping_status":"open","sticky":false,"template":"","format":"standard","meta":{"_jetpack_newsletter_access":"","_jetpack_dont_email_post_to_subs":false,"_jetpack_newsletter_tier_id":0,"_jetpack_memberships_contains_paywalled_content":false,"_jetpack_memberships_contains_paid_content":false,"footnotes":""},"categories":[64],"tags":[],"class_list":["post-59433","post","type-post","status-publish","format-standard","hentry","category-opinion"],"jetpack_featured_media_url":"","jetpack_shortlink":"https:\/\/wp.me\/p2JWE0-fsB","jetpack-related-posts":[{"id":116849,"url":"https:\/\/www.24baires.com\/?p=116849","url_meta":{"origin":59433,"position":0},"title":"Cafiero resalt\u00f3 que el pa\u00eds sale adelante \u00abcon empleo y producci\u00f3n\u00bb","author":"GB","date":"10\/12\/2020","format":false,"excerpt":"El jefe de Gabinete advirti\u00f3 que no hay soluciones m\u00e1gicas para los problemas de Argentina y remarc\u00f3 que no alcanza solo con el Estado o solo con el Mercado El jefe de Gabinete de Ministros de la Naci\u00f3n, Santiago Cafiero, afirm\u00f3 que \u201cel modelo pol\u00edtico y econ\u00f3mico que se instaur\u00f3\u2026","rel":"","context":"En \u00abPol\u00edtica\u00bb","block_context":{"text":"Pol\u00edtica","link":"https:\/\/www.24baires.com\/?cat=51"},"img":{"alt_text":"","src":"https:\/\/i0.wp.com\/www.24baires.com\/wp-content\/uploads\/2020\/07\/cafiero.jpg?resize=350%2C200","width":350,"height":200,"srcset":"https:\/\/i0.wp.com\/www.24baires.com\/wp-content\/uploads\/2020\/07\/cafiero.jpg?resize=350%2C200 1x, https:\/\/i0.wp.com\/www.24baires.com\/wp-content\/uploads\/2020\/07\/cafiero.jpg?resize=525%2C300 1.5x"},"classes":[]},{"id":106426,"url":"https:\/\/www.24baires.com\/?p=106426","url_meta":{"origin":59433,"position":1},"title":"\u00abLa pol\u00edtica de Cambiemos se vence este a\u00f1o\u00bb, condider\u00f3 Alfons\u00edn","author":"GB","date":"18\/01\/2019","format":false,"excerpt":"El ex diputado nacional opin\u00f3 sobre el posible escenario electoral y carg\u00f3 contra el oficialismo: \"Todos los indicadores est\u00e1n pero que hace tres a\u00f1os\", dijo El radical Ricardo Alfons\u00edn se proclama como uno de los m\u00e1s detractores de las pol\u00edticas implementadas por el Gobierno de Mauricio Macri: \"No creo que\u2026","rel":"","context":"En \u00abPol\u00edtica\u00bb","block_context":{"text":"Pol\u00edtica","link":"https:\/\/www.24baires.com\/?cat=51"},"img":{"alt_text":"","src":"https:\/\/i0.wp.com\/www.24baires.com\/wp-content\/uploads\/2013\/09\/alfonsin-entrevista-300x199.jpg?resize=350%2C200","width":350,"height":200},"classes":[]},{"id":106077,"url":"https:\/\/www.24baires.com\/?p=106077","url_meta":{"origin":59433,"position":2},"title":"El Gobierno asegura que \u00abla prioridad es no volver a caer en una crisis cambiaria\u00bb","author":"AF","date":"23\/12\/2018","format":false,"excerpt":"El ministro de Interior dijo que 2018 \"fue un a\u00f1o intenso\" y admiti\u00f3 que la situaci\u00f3n del pa\u00eds \"es compleja\" y \"requiere de medidas muy dr\u00e1sticas\". El ministro del Interior, Rogelio Frigerio, asegur\u00f3 que una prioridad es \"no volver a caer en una crisis cambiaria\" porque en ese caso \"se\u2026","rel":"","context":"En \u00abEconom\u00eda\u00bb","block_context":{"text":"Econom\u00eda","link":"https:\/\/www.24baires.com\/?cat=45"},"img":{"alt_text":"","src":"https:\/\/i0.wp.com\/www.24baires.com\/wp-content\/uploads\/2018\/08\/d%C3%B3lar.jpg?resize=350%2C200","width":350,"height":200,"srcset":"https:\/\/i0.wp.com\/www.24baires.com\/wp-content\/uploads\/2018\/08\/d%C3%B3lar.jpg?resize=350%2C200 1x, https:\/\/i0.wp.com\/www.24baires.com\/wp-content\/uploads\/2018\/08\/d%C3%B3lar.jpg?resize=525%2C300 1.5x"},"classes":[]},{"id":118939,"url":"https:\/\/www.24baires.com\/?p=118939","url_meta":{"origin":59433,"position":3},"title":"Grave: desde que naci\u00f3 Ni Una Menos hubo casi un femicidio por d\u00eda","author":"GB","date":"03\/06\/2022","format":false,"excerpt":"Cerca de 2 mil mujeres fueron v\u00edctimas de femicidios en todo el pa\u00eds desde la aparici\u00f3n del movimiento Ni Una Menos, hace siete a\u00f1os Cerca de 2 mil mujeres fueron v\u00edctimas de femicidios en todo el pa\u00eds desde la aparici\u00f3n del movimiento Ni Una Menos, hace siete a\u00f1os, seg\u00fan las\u2026","rel":"","context":"En \u00abSociedad\u00bb","block_context":{"text":"Sociedad","link":"https:\/\/www.24baires.com\/?cat=1"},"img":{"alt_text":"","src":"https:\/\/i0.wp.com\/www.24baires.com\/wp-content\/uploads\/2019\/06\/ni-una-menos.jpg?resize=350%2C200","width":350,"height":200,"srcset":"https:\/\/i0.wp.com\/www.24baires.com\/wp-content\/uploads\/2019\/06\/ni-una-menos.jpg?resize=350%2C200 1x, https:\/\/i0.wp.com\/www.24baires.com\/wp-content\/uploads\/2019\/06\/ni-una-menos.jpg?resize=525%2C300 1.5x, https:\/\/i0.wp.com\/www.24baires.com\/wp-content\/uploads\/2019\/06\/ni-una-menos.jpg?resize=700%2C400 2x"},"classes":[]},{"id":31930,"url":"https:\/\/www.24baires.com\/?p=31930","url_meta":{"origin":59433,"position":4},"title":"\u00abSolo les falta festejar un gol de los brasileros\u201d dijo Recalde por la oposici\u00f3n","author":"Grupo Sierra","date":"15\/09\/2013","format":false,"excerpt":"El titular de Aerol\u00edneas Argentinas carg\u00f3 contra los sectores opositores, y en ese marco, sostuvo que la empresa \"trabajara para tener m\u00e1s vuelos, m\u00e1s pasajeros, m\u00e1s ingresos y que conecte a los argentinos m\u00e1s y mejor\". Tambi\u00e9n relacion\u00f3 al Grupo Clar\u00edn con el intendente de Tigre, Sergio Massa. El presidente\u2026","rel":"","context":"En \u00abEconom\u00eda\u00bb","block_context":{"text":"Econom\u00eda","link":"https:\/\/www.24baires.com\/?cat=45"},"img":{"alt_text":"recalde aerol\u00edneas","src":"https:\/\/i0.wp.com\/www.24baires.com\/wp-content\/uploads\/2013\/07\/recalde-aerol%C3%ADneas.jpg?resize=350%2C200","width":350,"height":200,"srcset":"https:\/\/i0.wp.com\/www.24baires.com\/wp-content\/uploads\/2013\/07\/recalde-aerol%C3%ADneas.jpg?resize=350%2C200 1x, https:\/\/i0.wp.com\/www.24baires.com\/wp-content\/uploads\/2013\/07\/recalde-aerol%C3%ADneas.jpg?resize=525%2C300 1.5x"},"classes":[]},{"id":111088,"url":"https:\/\/www.24baires.com\/?p=111088","url_meta":{"origin":59433,"position":5},"title":"Demoras y cancelaciones de vuelos en Aeroparque y Ezeiza por una huelga","author":"GB","date":"05\/07\/2019","format":false,"excerpt":"Los vuelos de Aerol\u00edneas Argentinas, Latam y Andes en Aeroparque y en el aeropuerto de Ezeiza registraban esta ma\u00f1ana demoras y se prev\u00e9n cancelaciones para lo que resta del d\u00eda, debido a las medidas de fuerza que llevan adelante gremios aeron\u00e1uticos, consistentes en la realizaci\u00f3n de \"asambleas informativas\" en los\u2026","rel":"","context":"En \u00abPol\u00edtica\u00bb","block_context":{"text":"Pol\u00edtica","link":"https:\/\/www.24baires.com\/?cat=51"},"img":{"alt_text":"","src":"https:\/\/i0.wp.com\/www.24baires.com\/wp-content\/uploads\/2017\/11\/aeropuerto.jpg?resize=350%2C200","width":350,"height":200,"srcset":"https:\/\/i0.wp.com\/www.24baires.com\/wp-content\/uploads\/2017\/11\/aeropuerto.jpg?resize=350%2C200 1x, https:\/\/i0.wp.com\/www.24baires.com\/wp-content\/uploads\/2017\/11\/aeropuerto.jpg?resize=525%2C300 1.5x"},"classes":[]}],"jetpack_sharing_enabled":true,"jetpack_likes_enabled":true,"_links":{"self":[{"href":"https:\/\/www.24baires.com\/index.php?rest_route=\/wp\/v2\/posts\/59433","targetHints":{"allow":["GET"]}}],"collection":[{"href":"https:\/\/www.24baires.com\/index.php?rest_route=\/wp\/v2\/posts"}],"about":[{"href":"https:\/\/www.24baires.com\/index.php?rest_route=\/wp\/v2\/types\/post"}],"author":[{"embeddable":true,"href":"https:\/\/www.24baires.com\/index.php?rest_route=\/wp\/v2\/users\/11"}],"replies":[{"embeddable":true,"href":"https:\/\/www.24baires.com\/index.php?rest_route=%2Fwp%2Fv2%2Fcomments&post=59433"}],"version-history":[{"count":2,"href":"https:\/\/www.24baires.com\/index.php?rest_route=\/wp\/v2\/posts\/59433\/revisions"}],"predecessor-version":[{"id":59435,"href":"https:\/\/www.24baires.com\/index.php?rest_route=\/wp\/v2\/posts\/59433\/revisions\/59435"}],"wp:attachment":[{"href":"https:\/\/www.24baires.com\/index.php?rest_route=%2Fwp%2Fv2%2Fmedia&parent=59433"}],"wp:term":[{"taxonomy":"category","embeddable":true,"href":"https:\/\/www.24baires.com\/index.php?rest_route=%2Fwp%2Fv2%2Fcategories&post=59433"},{"taxonomy":"post_tag","embeddable":true,"href":"https:\/\/www.24baires.com\/index.php?rest_route=%2Fwp%2Fv2%2Ftags&post=59433"}],"curies":[{"name":"wp","href":"https:\/\/api.w.org\/{rel}","templated":true}]}}