{"id":5922,"date":"2012-11-18T10:02:54","date_gmt":"2012-11-18T13:02:54","guid":{"rendered":"http:\/\/www.24baires.com\/?p=5922"},"modified":"2012-11-18T21:10:24","modified_gmt":"2012-11-19T00:10:24","slug":"comenzo-el-27o-festival-internacional-de-cine-en-mar-del-plata","status":"publish","type":"post","link":"https:\/\/www.24baires.com\/?p=5922","title":{"rendered":"Comenz\u00f3 el 27\u00ba Festival Internacional de Cine en Mar del Plata"},"content":{"rendered":"<p><img data-recalc-dims=\"1\" loading=\"lazy\" decoding=\"async\" class=\"aligncenter size-full wp-image-5933\" title=\"festival cine mdp\" src=\"https:\/\/i0.wp.com\/www.24baires.com\/wp-content\/uploads\/2012\/11\/festival-cine-mdp.jpg?resize=456%2C274\" alt=\"\" width=\"456\" height=\"274\" srcset=\"https:\/\/i0.wp.com\/www.24baires.com\/wp-content\/uploads\/2012\/11\/festival-cine-mdp.jpg?w=456&amp;ssl=1 456w, https:\/\/i0.wp.com\/www.24baires.com\/wp-content\/uploads\/2012\/11\/festival-cine-mdp.jpg?resize=300%2C180&amp;ssl=1 300w\" sizes=\"auto, (max-width: 456px) 100vw, 456px\" \/><br \/>\nCon gran presencia latinoamericana, este s\u00e1bado dio inicio en La Feliz, una nueva edici\u00f3n del encuentro de cine. Estrenos, retrospectivas y secciones flamantes durante ocho d\u00edas.<!--more--><\/p>\n<p>Mar del Plata y una nueva edici\u00f3n del Festival Internacional de Cine. Pel\u00edculas, visitas, jurados, competencias, presentaciones de libros, mesas redondas, homenajes, eventos de diversas caracter\u00edsticas. Films cl\u00e1sicos y modernos, revisiones, nuevas formas est\u00e9ticas y tem\u00e1ticas. Cine y pol\u00edtica. Pol\u00edtica y cine.<\/p>\n<p>La edici\u00f3n 27\u00ba del evento comenz\u00f3 el s\u00e1bado pasado el mediod\u00eda y tuvo su noche de apertura con El muerto y ser feliz, coproducci\u00f3n argentina-espa\u00f1ola y Jos\u00e9 Sacrist\u00e1n como protagonista principal, rol por el que obtuvo el premio al mejor actor en el reciente encuentro de San Sebasti\u00e1n.<\/p>\n<p>El cierre ser\u00e1 con las funciones del domingo 25, es decir, ocho d\u00edas en total a todo cine donde se exhibir\u00e1n cerca de 400 t\u00edtulos entre largos, mediometrajes y cortos.<\/p>\n<p>Desde las \u00faltimas muestras hasta esta nueva edici\u00f3n, el festival ha consolidado su mirada hacia el cine argentino y latinoamericano, cuesti\u00f3n que corrobora el enorme crecimiento de la regi\u00f3n en cuanto a propuestas relacionadas con el mundo audiovisual.<\/p>\n<p>Los n\u00fameros confirman la frase anterior. Setenta y ocho pel\u00edculas argentinas se ver\u00e1n en Mar del Plata, de las cuales 54 ostentan su car\u00e1cter de estreno. Siete competencias \u2013internacional, BSO (banda de sonido original), argentina y latinoamericana, dos de cortos y Work in Progress- conforman la primera l\u00ednea de inter\u00e9s que un festival clase A tiene para ofrecerle al p\u00fablico. Pero, tal como se observa en el cat\u00e1logo y en la correspondiente grilla, la nueva edici\u00f3n no se limita \u00fanicamente a la importancia de su septeto competitivo.<\/p>\n<p>Jos\u00e9 Mart\u00ednez Su\u00e1rez, director del evento, asever\u00f3 en los \u00faltimos d\u00edas que \u00abmuchas pel\u00edculas ser\u00e1n aplaudidas de pie\u00bb Se ver\u00e1, entonces, por donde vienen los contenidos del festival, la calidad del material, la elecci\u00f3n de t\u00edtulos y sus correspondientes directores de ayer, hoy y ma\u00f1ana que, claro est\u00e1, dir\u00e1n presente en el festival marplatense.<\/p>\n<p><strong><span style=\"font-size: small;\">AUTORES<\/span><\/strong>. Una de las secciones preferidas de los cin\u00e9filos donde se re\u00fane un grupo de films de realizadores de alt\u00edsimo reconocimiento internacional. Los \u00faltimos t\u00edtulos de los asi\u00e1ticos Sono Sion, Kim ki-duk y Miike Takeshi, la nueva propuesta del cineasta Todd Solondz, el retorno a la pantalla grande de Michel Gondry y el opus final del chileno Ra\u00fal Ruiz se exhibir\u00e1n en Mar del Plata. \u201cAutores\u201d es un sector declaradamente democr\u00e1tico en todos sus aspectos y que se destaca por su car\u00e1cter heterog\u00e9neo en cuanto a la convocatoria de cineastas de diferentes edades.<\/p>\n<p>En ese sentido, se mostrar\u00e1n Vous n\u2019 avez encore rien vou del franc\u00e9s Alain Resnais, de 94 a\u00f1os, y Gebo et l\u2019 ombre del portugu\u00e9s Manoel de Oliveira, de 103 a\u00f1os, pero tambi\u00e9n Lawrence Anyways del canadiense Xavier Dolan, tercera pel\u00edcula del cineasta de solo 23 a\u00f1os.<\/p>\n<p><strong><span style=\"font-size: small;\">MAR DEL PLATA PARA PIBES (O NO TANTO).\u00a0<\/span><\/strong>Con la presentaci\u00f3n de Ralph, el demoledor de Walt Disney Animation Studios y del director ganador de un Emmy, Rich Moore (director de Futurama, Los Simpsons, The Critic, entre otras), que estar\u00e1 en Mar del Plata dando una clase magistral, el panorama para los peque\u00f1os (o no tanto) se prev\u00e9 m\u00e1s que alentador. Pero tambi\u00e9n se exhibir\u00e1n cortos y largometrajes argentinos y latinoamericanos, m\u00e1s los films creados por Manuel Garc\u00eda Ferr\u00e9 desde los 70 hasta estos d\u00edas.<\/p>\n<p><strong><span style=\"font-size: small;\">PATINETAS Y NOCHES DE TERROR<\/span><\/strong>. Un ciclo original ser\u00e1 \u201cSkate y patinetas: razones para no dejar pasar por alto\u201d constituido por seis pel\u00edculas sobre el tema; en tanto, los amantes del terror, la sangre a borbotones y los objetos filosos ingresando en la carne, la pasar\u00e1n m\u00e1s que bien dentro de las secciones \u201cLas venas abiertas\u2026\u201d y \u201cHora cero\u201d, acumulaci\u00f3n por v\u00eda doble de una buena dosis de suspenso, thriller, miedos, temores y cuerpos destripados.<\/p>\n<p><strong><span style=\"font-size: small;\">TRIBUTOS<\/span><\/strong>. Habr\u00e1 y muchos, argentinos e internacionales. Se exhibir\u00e1 M\u00e1s all\u00e1 del olvido, la obra maestra como director de Hugo del Carril; se proyectar\u00e1n siete pel\u00edculas del cineasta del per\u00edodo cl\u00e1sico Rom\u00e1n Vi\u00f1oly Barreto (La bestia debe morir y El vampiro negro, imprescindibles); se conformar\u00e1 una mesa para homenajear al gran Narciso Iba\u00f1ez Menta, donde estar\u00e1 presente su hijo, el director de cine y televisi\u00f3n \u00abChicho\u00bb Iba\u00f1ez Serrador; el creador del personaje de Clemente, el talentoso Caloi, fallecido este a\u00f1o, tendr\u00e1 su tributo a trav\u00e9s de Anim\u00e9 Buenos Aires.<\/p>\n<p>Yendo hac\u00eda el Reino Unido, la propuesta es m\u00e1s que atractiva con la proyecci\u00f3n del humor sarc\u00e1stico e ir\u00f3nico de seis t\u00edtulos de los Estudios Ealing (El quinteto de la muerte y Los ocho sentenciados, por ejemplo). Representantes prestigiosos procedentes de Francia estar\u00e1n por Mar del Plata: la actriz y directora Sandrine Bonnaire, de quien se exhibir\u00e1n algunos de sus trabajos como int\u00e9rprete (La ceremonia de Claude Chabrol y Sin techo ni ley de Agnes Varda, entre otros) junto a sus dos obras de detr\u00e1s de c\u00e1mara, y el realizador Bertrand Bonello, del que se dar\u00e1n cinco largos y dos cortometrajes. Ambos ofrecer\u00e1n sus respectivas master class para el p\u00fablico.<\/p>\n<p>Por \u00faltimo, se rendir\u00e1 homenaje a uno de los patriarcas del cine latinoamericano, el santafecino Fernando Birri, con la exhibici\u00f3n de su nueva producci\u00f3n, El Fausto criollo, sobre el poema de Estanislao del Campo. Adem\u00e1s, se exhibir\u00e1 un documental sobre su figura y una ficci\u00f3n, dirigida por Eliseo Subiela, en la que Birri encarna al personaje principal.<\/p>\n<p><strong><span style=\"font-size: small;\">KUBRICK.<\/span><\/strong>\u00a0S\u00ed, el director de 2001, odisea del pasado pas\u00f3 hace algunos a\u00f1os a la eternidad cin\u00e9fila pero su resurrecci\u00f3n se producir\u00e1 en Mar del Plata desde las im\u00e1genes de El resplandor, sobre la novela de Stephen King. Y para los fans de Kubrick, el combo se completar\u00e1 con Room 237 de Rodney Ascher, un documental que habla de esos admiradores rabiosos de la obra del director y de aquella pel\u00edcula tan particular con Jack Nicholson y el hacha en la mano.<\/p>\n<p><strong><span style=\"font-size: small;\">FOCOS.<\/span><\/strong>\u00a0Muchos y variados. Nuevas pel\u00edculas coreanas de realizadores a descubrir; \u201cEspa\u00f1a alterada\u201d, el significativo y contundente nombre de la secci\u00f3n, que re\u00fane a ese cine marginal e independiente de dif\u00edcil y casi imposible acceso a las salas comerciales; la figura del gran escritor Jorge Amado junto a la exhibici\u00f3n de seis t\u00edtulos que adaptaron su obra literaria; un panorama dedicado al g\u00e9nero documental y otro a la pantalla grande latinoamericana, ya de por s\u00ed, una de las estrellas del festival.<\/p>\n<p><strong><span style=\"font-size: small;\">FAVIO.<\/span><\/strong>\u00a0Se fue hace unos d\u00edas pero su obra permanecer\u00e1 para siempre. En la presentaci\u00f3n del festival el \u00faltimo lunes, el jefe de gabinete, Juan Abal Medina, anunci\u00f3 que las distinciones a entregarse durante el evento tendr\u00e1n el nombre del creador de El dependiente y Juan Moreira. Merecid\u00edsimo homenaje al gran artista.<\/p>\n<p><strong><span style=\"font-size: small;\">GRANDES NOMBRES DE TIERRAS AMERICANAS.\u00a0<\/span><\/strong>Veintisiete t\u00edtulos reunidos para las dos competencias afines al continente. Fuerte presencia argentina, pero tambi\u00e9n material originado en Chile, Brasil, Per\u00fa, M\u00e9xico, Uruguay, Paraguay.<\/p>\n<p>\u00d3peras primas y obras de directores consagrados, propuestas tem\u00e1ticas diversas, experimentaci\u00f3n y clasicismo, ficciones y documentales. Algunos de esas obras que se perciben como imperdibles y necesarias de ver s\u00ed o s\u00ed en Mar del Plata: Post tenebras lux del mexicano Carlos Reygadas, mejor director en Cannes por este film; El ojo del hurac\u00e1n del documentalista argentino Alejo Hojman; Abril en Nueva York, debut del actor Mart\u00edn Piroyanski como realizador; Calles de la memoria, documental nacional de Carmen Guarini; Hermanos de sangre, terror en manos de Daniel de la Vega; Samurai de Gaspar Scheuer, cruce entre gauchos y guerreros orientales.<\/p>\n<p>Y dos platos fuertes: Fango de Jos\u00e9 Campusano (Vikingo; Vil romance) y su bienvenida sinceridad (y brutalidad) est\u00e9tica; y Puerta de hierro, el exilio de Per\u00f3n, de V\u00edctor Laplace y Dieguillo Fern\u00e1ndez. S\u00ed, por segunda vez y despu\u00e9s de diecis\u00e9is a\u00f1os, Laplace vuelve a encarnar a Per\u00f3n en una ficci\u00f3n, para contar su extensa estad\u00eda en la fortaleza madrile\u00f1a. Per\u00f3n y sus charlas con Isabelita, C\u00e1mpora, Rucci, Galimberti y L\u00f3pez Rega en una de las pel\u00edculas esperadas del festival.<\/p>\n<p><strong><span style=\"font-size: small;\">C\u00d3MO SER\u00c1 LA COMPETENCIA INTERNACIONAL.\u00a0<\/span><\/strong>13 pel\u00edculas competir\u00e1n por el premio mayor. Adem\u00e1s de El muerto y ser feliz de Javier Rebollo, que abrir\u00e1 el festival esta noche, otros dos films con capitales argentinos se presentan en la secci\u00f3n: El impenetrable, documental de Fausta Quattrini y Daniele Incalcaterra y De martes a martes de Gustavo Trivi\u00f1o.<\/p>\n<p>Dos t\u00edtulos de la s\u00f3lida pantalla rumana (Beyond the Hills y Domestic), una versi\u00f3n libre de Crimen y castigo proveniente de Kazajist\u00e1n (The Student); el documental A soma o redor de Brasil; la ocupaci\u00f3n nazi en Francia desde la visi\u00f3n del alem\u00e1n Volker Schl\u00f6ndorff (El tambor) con La mer \u00e0 l&#8217;aube; y exponentes procedentes de Francia (Augustine), Reino Unido (Sightseers), Estados Unidos (Starlet); Turqu\u00eda (Night of Silence); China (Memories Look at Me) e Islandia (The Deep), completan la competencia internacional.<\/p>\n<p><strong><span style=\"font-size: small;\"><br \/>\nACTIVIDADES PARALELAS\u00a0<\/span><\/strong><br \/>\n<strong>Domingo 18<\/strong>, 19 hs. Homenaje a Caloi.<\/p>\n<p><strong>Lunes 19<\/strong>, 15 hs. Charlas con maestros: Rich Moore, director de Ralph, el demoledor.<br \/>\n18 hs. Homenaje a Narciso Ib\u00e1\u00f1ez Menta.<\/p>\n<p><strong>Martes 20<\/strong>, 18 hs. Homenaje a Hugo del Carril.<\/p>\n<p><strong>Mi\u00e9rcoles 21<\/strong>, 11 hs. Proyecci\u00f3n de Videominutos por Mariano Ferreyra.<br \/>\n14 hs. Charla con maestros: Juan Jos\u00e9 Campanella. Se exhibir\u00e1 el Work in Progress de Metegol, estreno del cine argentino de 2013. 14:30 hs. Homenaje a Fernando Birri.<br \/>\n17 hs. Charlas con maestros: Bertrand Bonello, director franc\u00e9s.<\/p>\n<p><strong>Jueves 22<\/strong>, 19 hs. Presentaci\u00f3n del libro Homero Alsina Thevenet. Obras incompletas 2B.<\/p>\n<p><strong>Viernes 23<\/strong>, 11 hs. Homenaje a los laboratorios Alex. 13:45 hs. Charlas con maestros: Sandrine Bonnaire, actriz francesa. 18 hs. Mesa redonda: Felipe Vallese y la resistencia.<\/p>\n<p><strong>S\u00e1bado 24<\/strong>, 16:30 hs. Charlas con maestros: Thomas Mauch, director de fotograf\u00eda de Aguirre, la ira de Dios de Werner Herzog, entre otros films.<\/p>\n<p><strong><span style=\"font-size: small;\">ENCUENTRO DE COMUNICACI\u00d3N AUDIOVISUAL.\u00a0<\/span><\/strong>Durante el desarrollo del festival, y como actividad paralela, se realizar\u00e1 el segundo Encuentro de Comunicaci\u00f3n Audiovisual (ECA), que funcionar\u00e1 en forma simult\u00e1nea al evento y que tendr\u00e1 entre sus ejes principales la discusi\u00f3n alrededor de un nuevo paradigma en la comunicaci\u00f3n audiovisual que gener\u00f3 la sanci\u00f3n de la Ley de Medios y el avance hacia una Televisi\u00f3n Digital Abierta.<\/p>\n","protected":false},"excerpt":{"rendered":"<p>Con gran presencia latinoamericana, este s\u00e1bado dio inicio en La Feliz, una nueva edici\u00f3n del encuentro de cine. Estrenos, retrospectivas y secciones flamantes durante ocho d\u00edas.<\/p>\n","protected":false},"author":4,"featured_media":0,"comment_status":"open","ping_status":"open","sticky":false,"template":"","format":"standard","meta":{"_jetpack_newsletter_access":"","_jetpack_dont_email_post_to_subs":false,"_jetpack_newsletter_tier_id":0,"_jetpack_memberships_contains_paywalled_content":false,"_jetpack_memberships_contains_paid_content":false,"footnotes":""},"categories":[53],"tags":[],"class_list":["post-5922","post","type-post","status-publish","format-standard","hentry","category-arte-cultura"],"jetpack_featured_media_url":"","jetpack_shortlink":"https:\/\/wp.me\/p2JWE0-1xw","jetpack-related-posts":[{"id":67684,"url":"https:\/\/www.24baires.com\/?p=67684","url_meta":{"origin":5922,"position":0},"title":"Se confirm\u00f3 la fecha para el Festival de Cine de Mar del Plata","author":"GB","date":"17\/06\/2015","format":false,"excerpt":"El Festival Internacional de Cine de Mar del Plata llegar\u00e1 a su 30\u00aa edici\u00f3n en 2015. Comienza el 30 de octubre y termina el 7 de noviembre. El Festival Internacional de Cine de Mar del Plata comenzar\u00e1 el 30 de octubre y finalizar\u00e1 el 7 de noviembre. De esta manera,\u2026","rel":"","context":"En \u00abEspectaculos\u00bb","block_context":{"text":"Espectaculos","link":"https:\/\/www.24baires.com\/?cat=41"},"img":{"alt_text":"festival de cine mdp","src":"https:\/\/i0.wp.com\/www.24baires.com\/wp-content\/uploads\/2015\/06\/festival-de-cine-mdp.jpg?resize=350%2C200","width":350,"height":200,"srcset":"https:\/\/i0.wp.com\/www.24baires.com\/wp-content\/uploads\/2015\/06\/festival-de-cine-mdp.jpg?resize=350%2C200 1x, https:\/\/i0.wp.com\/www.24baires.com\/wp-content\/uploads\/2015\/06\/festival-de-cine-mdp.jpg?resize=525%2C300 1.5x"},"classes":[]},{"id":90015,"url":"https:\/\/www.24baires.com\/?p=90015","url_meta":{"origin":5922,"position":1},"title":"Mar del Plata disfruta el Festival de Cine","author":"GB","date":"19\/11\/2016","format":false,"excerpt":"La nueva muestra cinematogr\u00e1fica fue inaugurada por Jos\u00e9 Mart\u00ednez Su\u00e1rez, su presidente, que cont\u00f3 qu\u00e9 distinguir\u00e1 esta edici\u00f3n de otras. El 31\u00b0 Festival de Cine de Mar del Plata ya est\u00e1 en marcha. Con una ceremonia inaugural que cont\u00f3 con la presencia de autoridades y figuras, este viernes por la\u2026","rel":"","context":"En \u00abEspectaculos\u00bb","block_context":{"text":"Espectaculos","link":"https:\/\/www.24baires.com\/?cat=41"},"img":{"alt_text":"whatsapp-image-2016-11-18-at-21-37-45-640x360","src":"https:\/\/i0.wp.com\/www.24baires.com\/wp-content\/uploads\/2016\/11\/WhatsApp-Image-2016-11-18-at-21.37.45-640x360.jpeg?resize=350%2C200","width":350,"height":200,"srcset":"https:\/\/i0.wp.com\/www.24baires.com\/wp-content\/uploads\/2016\/11\/WhatsApp-Image-2016-11-18-at-21.37.45-640x360.jpeg?resize=350%2C200 1x, https:\/\/i0.wp.com\/www.24baires.com\/wp-content\/uploads\/2016\/11\/WhatsApp-Image-2016-11-18-at-21.37.45-640x360.jpeg?resize=525%2C300 1.5x"},"classes":[]},{"id":74781,"url":"https:\/\/www.24baires.com\/?p=74781","url_meta":{"origin":5922,"position":2},"title":"Festival de Cine: \u201cEl abrazo de la serpiente\u201d gan\u00f3 el Astor de oro","author":"GB","date":"08\/11\/2015","format":false,"excerpt":"El film de Ciro Guerra se qued\u00f3 con el m\u00e1ximo galard\u00f3n de la competencia. As\u00ed, concluy\u00f3 otra exitosa edici\u00f3n del evento Se entregaron los premios de la competencia del 30 Festival Internacional de Cine de Mar del Plata. Y el galard\u00f3n m\u00e1s importante, el Astor de oro, fue para la\u2026","rel":"","context":"En \u00abEspectaculos\u00bb","block_context":{"text":"Espectaculos","link":"https:\/\/www.24baires.com\/?cat=41"},"img":{"alt_text":"CTP8VLPWwAA0o7r-640x360","src":"https:\/\/i0.wp.com\/www.24baires.com\/wp-content\/uploads\/2015\/11\/CTP8VLPWwAA0o7r-640x360.jpg?resize=350%2C200","width":350,"height":200,"srcset":"https:\/\/i0.wp.com\/www.24baires.com\/wp-content\/uploads\/2015\/11\/CTP8VLPWwAA0o7r-640x360.jpg?resize=350%2C200 1x, https:\/\/i0.wp.com\/www.24baires.com\/wp-content\/uploads\/2015\/11\/CTP8VLPWwAA0o7r-640x360.jpg?resize=525%2C300 1.5x"},"classes":[]},{"id":32169,"url":"https:\/\/www.24baires.com\/?p=32169","url_meta":{"origin":5922,"position":3},"title":"El centro Cultural Padre Mugica realizar\u00e1 la 4\u00ba edici\u00f3n del Festival de Cine del Conurbano","author":"AF","date":"20\/09\/2013","format":false,"excerpt":"Desde el 25 de septiembre, hasta el 28, se llevar\u00e1 a cabo una nueva fecha del certamen destinado a la difusi\u00f3n de actividades culturales. Las jornadas, con entrada libre y gratuita, se realizar\u00e1n en el espacio que el centro posee en Banfield y en el cine de Wilde. A partir\u2026","rel":"","context":"En \u00abLocales\u00bb","block_context":{"text":"Locales","link":"https:\/\/www.24baires.com\/?cat=38"},"img":{"alt_text":"","src":"","width":0,"height":0},"classes":[]},{"id":5181,"url":"https:\/\/www.24baires.com\/?p=5181","url_meta":{"origin":5922,"position":4},"title":"Presentaron en Mar del Plata el 27\u00ba Festival Internacional de Cine","author":"AF","date":"12\/11\/2012","format":false,"excerpt":"La muestra m\u00e1s importante de cine que se realiza en nuestro pa\u00eds dar\u00e1 inicio a su 27\u00aa edici\u00f3n este pr\u00f3ximo s\u00e1bado 17 y se extender\u00e1 hasta el 25 de este mes. \"Nuestro cine, con esa historia tan rica, nos dio la particularidad de ser distintos\", dijo Abal Medina durante la\u2026","rel":"","context":"En \u00abEspectaculos\u00bb","block_context":{"text":"Espectaculos","link":"https:\/\/www.24baires.com\/?cat=41"},"img":{"alt_text":"","src":"https:\/\/i0.wp.com\/www.24baires.com\/wp-content\/uploads\/2012\/11\/27-festival-de-cine.jpg?resize=350%2C200","width":350,"height":200,"srcset":"https:\/\/i0.wp.com\/www.24baires.com\/wp-content\/uploads\/2012\/11\/27-festival-de-cine.jpg?resize=350%2C200 1x, https:\/\/i0.wp.com\/www.24baires.com\/wp-content\/uploads\/2012\/11\/27-festival-de-cine.jpg?resize=525%2C300 1.5x"},"classes":[]},{"id":32687,"url":"https:\/\/www.24baires.com\/?p=32687","url_meta":{"origin":5922,"position":5},"title":"Finaliz\u00f3 el Festival de Cine del Conurbano","author":"Grupo Sierra","date":"29\/09\/2013","format":false,"excerpt":"El Festival de Cine del Conurbano finaliz\u00f3 ayer en el Centro Cultural Padre Mugica, de Banfield. Las actividades que se realizaron durante estos d\u00edas fueron libres y gratuitas. Esta fue la cuarta edici\u00f3n del Fe.Ci.Co., un espacio para las producciones independientes que no tienen difusi\u00f3n en el circuito comercial. Cineastas,\u2026","rel":"","context":"En \u00abLocales\u00bb","block_context":{"text":"Locales","link":"https:\/\/www.24baires.com\/?cat=38"},"img":{"alt_text":"festival cine conurbano","src":"https:\/\/i0.wp.com\/www.24baires.com\/wp-content\/uploads\/2013\/09\/festival-cine-conurbano-300x180.jpg?resize=350%2C200","width":350,"height":200},"classes":[]}],"jetpack_sharing_enabled":true,"jetpack_likes_enabled":true,"_links":{"self":[{"href":"https:\/\/www.24baires.com\/index.php?rest_route=\/wp\/v2\/posts\/5922","targetHints":{"allow":["GET"]}}],"collection":[{"href":"https:\/\/www.24baires.com\/index.php?rest_route=\/wp\/v2\/posts"}],"about":[{"href":"https:\/\/www.24baires.com\/index.php?rest_route=\/wp\/v2\/types\/post"}],"author":[{"embeddable":true,"href":"https:\/\/www.24baires.com\/index.php?rest_route=\/wp\/v2\/users\/4"}],"replies":[{"embeddable":true,"href":"https:\/\/www.24baires.com\/index.php?rest_route=%2Fwp%2Fv2%2Fcomments&post=5922"}],"version-history":[{"count":4,"href":"https:\/\/www.24baires.com\/index.php?rest_route=\/wp\/v2\/posts\/5922\/revisions"}],"predecessor-version":[{"id":5940,"href":"https:\/\/www.24baires.com\/index.php?rest_route=\/wp\/v2\/posts\/5922\/revisions\/5940"}],"wp:attachment":[{"href":"https:\/\/www.24baires.com\/index.php?rest_route=%2Fwp%2Fv2%2Fmedia&parent=5922"}],"wp:term":[{"taxonomy":"category","embeddable":true,"href":"https:\/\/www.24baires.com\/index.php?rest_route=%2Fwp%2Fv2%2Fcategories&post=5922"},{"taxonomy":"post_tag","embeddable":true,"href":"https:\/\/www.24baires.com\/index.php?rest_route=%2Fwp%2Fv2%2Ftags&post=5922"}],"curies":[{"name":"wp","href":"https:\/\/api.w.org\/{rel}","templated":true}]}}