{"id":5908,"date":"2012-11-18T09:50:42","date_gmt":"2012-11-18T12:50:42","guid":{"rendered":"http:\/\/www.24baires.com\/?p=5908"},"modified":"2012-11-18T13:25:40","modified_gmt":"2012-11-18T16:25:40","slug":"comenzo-la-muestra-jauretche-por-jauretche-en-la-8o-feria-del-libro-de-mar-del-plata","status":"publish","type":"post","link":"https:\/\/www.24baires.com\/?p=5908","title":{"rendered":"Comenz\u00f3 la muestra &#8216;Jauretche por Jauretche&#8217; en la 8\u00ba Feria del Libro de Mar del Plata"},"content":{"rendered":"<p>En la tarde del s\u00e1bado fue inaugurada la muestra \u00abJauretche por Jauretche\u00bb, en el marco de la 8\u00aa edici\u00f3n de la Feria del Libro \u00abMar del Plata, puerto de lectura\u00bb, instalada en la Plaza Mitre de Col\u00f3n y San Luis. Hay tiempo hasta el 26 de noviembre para recorrer la carpa y participar de las charlas y muestras.<!--more--><\/p>\n<p>Con la presencia del Secretario de Cultura del municipio, Luis Reales, se inaugur\u00f3 la muestra itinerante \u201cJauretche por Jauretche\u201d que el Centro de Estudios \u00abArturo Jauretche\u00bb del Banco Provincia presenta en la 8\u00aa Feria del Libro \u201cMar del Plata, Puerto de Lectura\u201d.<\/p>\n<p>En el acto, que tuvo lugar el s\u00e1bado a las 16 en la carpa destinada a los efectos en Plaza Mitre, Reales consider\u00f3 que \u201cen la actualidad Jauretche tendr\u00eda material para escribir tomos y tomos del Manual de Zonceras Argentinas\u201d y expres\u00f3 que, en tiempos de democracia y libertad de expresi\u00f3n, el homenaje a esta pensador \u201cno era necesario, sino imprescindible\u201d.<\/p>\n<p>Esta muestra, que podr\u00e1 visitarse todos los d\u00edas de 16 a 20, recorre la vida del pensador en dos dimensiones, por un lado su faz de escritor y pensador; y por el otro su faz de actor pol\u00edtico fundamental en el desarrollo de la vida y el contexto de nuestro pa\u00eds y de toda Am\u00e9rica Latina. Destinada a transitar por diferentes municipios y universidades de la provincia, la muestra tiene el objetivo de difundir la vida y obra de Jauretche a trav\u00e9s de una producci\u00f3n compuesta de im\u00e1genes y textos originales.<\/p>\n","protected":false},"excerpt":{"rendered":"<p>En la tarde del s\u00e1bado fue inaugurada la muestra \u00abJauretche por Jauretche\u00bb, en el marco de la 8\u00aa edici\u00f3n de la Feria del Libro \u00abMar del Plata, puerto de lectura\u00bb, instalada en la Plaza Mitre de Col\u00f3n y San Luis. Hay tiempo hasta el 26 de noviembre para recorrer la carpa y participar de las charlas y muestras.<\/p>\n","protected":false},"author":4,"featured_media":0,"comment_status":"open","ping_status":"open","sticky":false,"template":"","format":"standard","meta":{"_jetpack_newsletter_access":"","_jetpack_dont_email_post_to_subs":false,"_jetpack_newsletter_tier_id":0,"_jetpack_memberships_contains_paywalled_content":false,"_jetpack_memberships_contains_paid_content":false,"footnotes":""},"categories":[38],"tags":[],"class_list":["post-5908","post","type-post","status-publish","format-standard","hentry","category-locales"],"jetpack_featured_media_url":"","jetpack_shortlink":"https:\/\/wp.me\/p2JWE0-1xi","jetpack-related-posts":[{"id":4717,"url":"https:\/\/www.24baires.com\/?p=4717","url_meta":{"origin":5908,"position":0},"title":"Concluye este jueves la muestra itinerante \u00abJauretche por Jauretche\u00bb en Gonz\u00e1lez Cat\u00e1n","author":"AF","date":"07\/11\/2012","format":false,"excerpt":"La Muestra Itinerante organizada por el Centro de Estudios Arturo Jauretche del Banco Provincia, a trav\u00e9s de la Secretar\u00eda de Cultura y Educaci\u00f3n de La Matanza, y en conjunto con la Regi\u00f3n Descentralizada Sur, concluye ma\u00f1ana luego de varios d\u00edas de exposici\u00f3n. Esta producci\u00f3n, destinada a recorrer municipios y universidades\u2026","rel":"","context":"En \u00abLocales\u00bb","block_context":{"text":"Locales","link":"https:\/\/www.24baires.com\/?cat=38"},"img":{"alt_text":"","src":"","width":0,"height":0},"classes":[]},{"id":6490,"url":"https:\/\/www.24baires.com\/?p=6490","url_meta":{"origin":5908,"position":1},"title":"Se retrasa la apertura de compuertas del canal Jauretche y se agrava la situaci\u00f3n","author":"AF","date":"23\/11\/2012","format":false,"excerpt":"TRENQUE LAUQUEN - La semana pasada el intendente municipal, Ra\u00fal Feito, hab\u00eda manifestado que el mi\u00e9rcoles pasado se abrir\u00edan las compuertas del canal Jauretche en Esteban de Luca para que se comience a desagotar el complejo lacunar Hinojo-Las Tunas que est\u00e1 desbordando y afectando a m\u00e1s de 60 productores de\u2026","rel":"","context":"En \u00abLocales\u00bb","block_context":{"text":"Locales","link":"https:\/\/www.24baires.com\/?cat=38"},"img":{"alt_text":"","src":"","width":0,"height":0},"classes":[]},{"id":22397,"url":"https:\/\/www.24baires.com\/?p=22397","url_meta":{"origin":5908,"position":2},"title":"Scioli particip\u00f3 de un homenaje a Guinzburg en la Feria de Libro","author":"Grupo Sierra","date":"01\/05\/2013","format":false,"excerpt":"El gobernador bonaerense, Daniel Scioli, particip\u00f3 hoy, junto a su mujer, Karina Rabolini, de un emotivo homenaje al reconocido productor y conductor de televisi\u00f3n, Jorge Guinzburg, organizado por el Banco Provincia, en el marco de la 39 Feria Internacional del Libro. En la sala Jos\u00e9 Hern\u00e1ndez del predio ferial, el\u2026","rel":"","context":"En \u00abPol\u00edtica\u00bb","block_context":{"text":"Pol\u00edtica","link":"https:\/\/www.24baires.com\/?cat=51"},"img":{"alt_text":"","src":"","width":0,"height":0},"classes":[]},{"id":89659,"url":"https:\/\/www.24baires.com\/?p=89659","url_meta":{"origin":5908,"position":3},"title":"CFK participar\u00e1 de un acto en la Universidad de Florencio Varela","author":"GB","date":"09\/11\/2016","format":false,"excerpt":"La ex Presidenta volver\u00e1 al Gran Buenos Aires para participar del lanzamiento de la carrera de Econom\u00eda de la Universidad Nacional Arturo Jauretche. La ex presidenta Cristina Fern\u00e1ndez de Kirchner participar\u00e1 ma\u00f1ana del lanzamiento de la carrera de Econom\u00eda de la Universidad Nacional Arturo Jauretche (UNAJ), ubicada en Florencio Varela.\u2026","rel":"","context":"En \u00abPol\u00edtica\u00bb","block_context":{"text":"Pol\u00edtica","link":"https:\/\/www.24baires.com\/?cat=51"},"img":{"alt_text":"cfk","src":"https:\/\/i0.wp.com\/www.24baires.com\/wp-content\/uploads\/2016\/11\/cfk.jpg?resize=350%2C200","width":350,"height":200,"srcset":"https:\/\/i0.wp.com\/www.24baires.com\/wp-content\/uploads\/2016\/11\/cfk.jpg?resize=350%2C200 1x, https:\/\/i0.wp.com\/www.24baires.com\/wp-content\/uploads\/2016\/11\/cfk.jpg?resize=525%2C300 1.5x"},"classes":[]},{"id":119803,"url":"https:\/\/www.24baires.com\/?p=119803","url_meta":{"origin":5908,"position":4},"title":"Fern\u00e1ndez: \u00abCompararme con el gobierno anterior es bajarme mucho la vara\u00bb","author":"AF","date":"15\/02\/2023","format":false,"excerpt":"El presidente Alberto Fern\u00e1ndez inaugura en Florencio Varela el nuevo edificio del Instituto de Ciencias de la Salud de la Universidad Nacional Arturo Jauretche (UNAJ), acompa\u00f1ado de los ministros Jaime Perczyk y Gabriel Katopodis, de Educaci\u00f3n y Obras P\u00fablicas, respectivamente; el diputado nacional Julio Pereyra; el intendente local, Andr\u00e9s Watson,\u2026","rel":"","context":"En \u00abPol\u00edtica\u00bb","block_context":{"text":"Pol\u00edtica","link":"https:\/\/www.24baires.com\/?cat=51"},"img":{"alt_text":"","src":"https:\/\/i0.wp.com\/www.24baires.com\/wp-content\/uploads\/2023\/02\/PHOTO-2023-02-15-18-59-46-696x522-1.jpg?resize=350%2C200","width":350,"height":200,"srcset":"https:\/\/i0.wp.com\/www.24baires.com\/wp-content\/uploads\/2023\/02\/PHOTO-2023-02-15-18-59-46-696x522-1.jpg?resize=350%2C200 1x, https:\/\/i0.wp.com\/www.24baires.com\/wp-content\/uploads\/2023\/02\/PHOTO-2023-02-15-18-59-46-696x522-1.jpg?resize=525%2C300 1.5x, https:\/\/i0.wp.com\/www.24baires.com\/wp-content\/uploads\/2023\/02\/PHOTO-2023-02-15-18-59-46-696x522-1.jpg?resize=700%2C400 2x"},"classes":[]},{"id":46726,"url":"https:\/\/www.24baires.com\/?p=46726","url_meta":{"origin":5908,"position":5},"title":"Cristina en la Fiesta Patria Popular: \u00abEl futuro vino y lleg\u00f3 para quedarse\u00bb","author":"AF","date":"25\/05\/2014","format":false,"excerpt":"Durante el discurso que pronunci\u00f3 durante los festejos por el 25 de Mayo que se celebraron en la Plaza de Mayo, la Presidenta afirm\u00f3: \"Tenemos fe y esperanzas en el futuro, pero tambi\u00e9n sabemos que tenemos que trabajar con m\u00e1s inclusi\u00f3n para cada vez m\u00e1s argentinos\". \"Quiero hacer hincapi\u00e9 en\u2026","rel":"","context":"En \u00abPol\u00edtica\u00bb","block_context":{"text":"Pol\u00edtica","link":"https:\/\/www.24baires.com\/?cat=51"},"img":{"alt_text":"plaza 25 mayo","src":"https:\/\/i0.wp.com\/www.24baires.com\/wp-content\/uploads\/2014\/05\/plaza-25-mayo.jpg?resize=350%2C200","width":350,"height":200,"srcset":"https:\/\/i0.wp.com\/www.24baires.com\/wp-content\/uploads\/2014\/05\/plaza-25-mayo.jpg?resize=350%2C200 1x, https:\/\/i0.wp.com\/www.24baires.com\/wp-content\/uploads\/2014\/05\/plaza-25-mayo.jpg?resize=525%2C300 1.5x"},"classes":[]}],"jetpack_sharing_enabled":true,"jetpack_likes_enabled":true,"_links":{"self":[{"href":"https:\/\/www.24baires.com\/index.php?rest_route=\/wp\/v2\/posts\/5908","targetHints":{"allow":["GET"]}}],"collection":[{"href":"https:\/\/www.24baires.com\/index.php?rest_route=\/wp\/v2\/posts"}],"about":[{"href":"https:\/\/www.24baires.com\/index.php?rest_route=\/wp\/v2\/types\/post"}],"author":[{"embeddable":true,"href":"https:\/\/www.24baires.com\/index.php?rest_route=\/wp\/v2\/users\/4"}],"replies":[{"embeddable":true,"href":"https:\/\/www.24baires.com\/index.php?rest_route=%2Fwp%2Fv2%2Fcomments&post=5908"}],"version-history":[{"count":3,"href":"https:\/\/www.24baires.com\/index.php?rest_route=\/wp\/v2\/posts\/5908\/revisions"}],"predecessor-version":[{"id":5911,"href":"https:\/\/www.24baires.com\/index.php?rest_route=\/wp\/v2\/posts\/5908\/revisions\/5911"}],"wp:attachment":[{"href":"https:\/\/www.24baires.com\/index.php?rest_route=%2Fwp%2Fv2%2Fmedia&parent=5908"}],"wp:term":[{"taxonomy":"category","embeddable":true,"href":"https:\/\/www.24baires.com\/index.php?rest_route=%2Fwp%2Fv2%2Fcategories&post=5908"},{"taxonomy":"post_tag","embeddable":true,"href":"https:\/\/www.24baires.com\/index.php?rest_route=%2Fwp%2Fv2%2Ftags&post=5908"}],"curies":[{"name":"wp","href":"https:\/\/api.w.org\/{rel}","templated":true}]}}