{"id":5900,"date":"2012-11-18T13:03:52","date_gmt":"2012-11-18T16:03:52","guid":{"rendered":"http:\/\/www.24baires.com\/?p=5900"},"modified":"2012-11-18T13:14:31","modified_gmt":"2012-11-18T16:14:31","slug":"primer-reclamo-por-un-cementerio-y-restos-indigenas-en-buenos-aires","status":"publish","type":"post","link":"https:\/\/www.24baires.com\/?p=5900","title":{"rendered":"Primer reclamo por un cementerio y restos ind\u00edgenas en Buenos Aires"},"content":{"rendered":"<p>Una organizaci\u00f3n de descendientes de diversas etnias ind\u00edgenas pidi\u00f3 a las autoridades conocer el destino de 116 cuerpos extra\u00eddos por arque\u00f3logos en el nordeste bonaerense a lo largo de m\u00e1s de un siglo y reclam\u00f3 que se preserve un antiguo cementerio, en la primera reivindicaci\u00f3n de este tipo en la Provincia de Buenos Aires.<!--more--><br \/>\nEl sitio que motiva la iniciativa es Punta Querand\u00ed, entre el canal Villanueva y el arroyo Gar\u00edn, en las afueras del pueblo bonaerense de Dique Luj\u00e1n y cerca del paraje Villa La \u00d1ata, donde tiene una propiedad el gobernador bonaerense, Daniel Scioli.<br \/>\nEl lugar es frecuentado por pescadores y otros visitantes en plan recreativo, pero seg\u00fan el Movimiento en Defensa de la Pacha, fundado en 2009 por descendientes de ind\u00edgenas emigrados desde sus lugares ancenstrales a la zona metropolitana y por otras personas, es ambicionado por proyectos inmobiliarios.<br \/>\n\u00abLo que reclamamos es que sea mantenido como lugar p\u00fablico y se preserven los restos que all\u00ed dejaron los pueblos que habitaban la zona antes de la invasi\u00f3n europea\u00bb, dijo Pablo Badano, integrante del Movimiento y periodista de temas ind\u00edgenas.<br \/>\nLa organizaci\u00f3n construy\u00f3 all\u00ed un sal\u00f3n, se\u00f1alado con carteles y la whipala -la bandera de los pueblos originarios-, que fue generando un movimiento cultural en su torno, a tal punto que es visitado por delegaciones escolares.<br \/>\nEl descubrimiento del valor arqueol\u00f3gico e hist\u00f3rico del lugar se dio a partir de la extensi\u00f3n del canal Villanueva en el marco de la construcci\u00f3n en la zona del barrio privado Santa Catalina, hace m\u00e1s de una d\u00e9cada.<br \/>\n\u00abEsa obra afect\u00f3 un cementerio, conocido como sitio Gar\u00edn, del mismo modo que el sitio Sarand\u00ed desapareci\u00f3 por Nordelta. Del lugar se sacaron dos cuerpos. Ya no se discute que es un cementerio, lo que lo convierte en un lugar sagrado. Santa Catalina se construy\u00f3 encima y lo da\u00f1\u00f3\u00bb, afirm\u00f3 Badano.<br \/>\nM\u00e1s tarde, los vecinos comenzaron a observar restos arqueol\u00f3gicos que afloraban al desprenderse tierra de las barrancas de la otra orilla del canal Villanueva, producto del proceso erosivo. Ese lugar es Punta Querand\u00ed.<br \/>\nEl inter\u00e9s de organizaciones de pueblos originarios creci\u00f3 hace unos a\u00f1os, cuando visitantes y pescadores fueron advertidos por guardias de barrios cerrados pr\u00f3ximos que el lugar hab\u00eda sido comprado para un proyecto privado.<br \/>\nEn diciembre de 2008, una investigaci\u00f3n arqueol\u00f3gica encargada por una constructora excav\u00f3 durante diez d\u00edas en un sector de 18 metros cuadrados de los m\u00e1s de 6.000 que tiene el terreno en cuesti\u00f3n.<br \/>\nEncontr\u00f3 cer\u00e1mica y restos de animales consumidos como alimento y otras evidencias de un antiguo asentamiento, pero no cuerpos humanos, por lo que el informe funcion\u00f3 como visto bueno a nuevas construcciones.<br \/>\nLa novedad moviliz\u00f3 a las personas y organizaciones ind\u00edgenas que se hab\u00edan interesado, por lo que el 4 de enero de 2009 constituyeron el Movimiento en Defensa de la Pacha, instalaron all\u00ed un acampe permanente para evitar obras en el lugar, hicieron su propia b\u00fasqueda que s\u00ed dio con restos humanos y luego construyeron el actual sal\u00f3n, seg\u00fan relat\u00f3 Badano.<br \/>\nEl Movimiento tom\u00f3 nota adem\u00e1s de un informe de Daniel Loponte y B\u00e1rbara Mazza, expertos del Instituto Nacional de Antropolog\u00eda y Pensamiento Latinoamericano y del Conicet, que contabiliza 116 cuerpos encontrados por arque\u00f3logos en la zona de Tigre, Escobar y Campana, desde el siglo 19.<br \/>\nA partir de ello, uni\u00f3 el reclamo de preservaci\u00f3n \u00abdel sitio p\u00fablico y sagrado de Punta Querand\u00ed\u00bb al de conocer el destino de los restos de aquellos ancestros ind\u00edgenas.<br \/>\nEl domingo 4 de noviembre, en el comienzo de un mes que para muchas culturas originarias est\u00e1 dedicado a los difuntos, el Movimiento hizo un homenaje a los ancestros en Punta Querand\u00ed.<br \/>\nLas decenas de personas que se congregaron para la ceremonia compartieron luego una comida comunitaria, levantaron un altar e hicieron una caminata para reconocer algunos de los enterratorios ind\u00edgenas de la zona.<br \/>\nEn rigor, la festividad se lleva a cabo el 1 y 2 de noviembre y es de origen previo a la llegada de los espa\u00f1oles.<br \/>\n\u201cSeg\u00fan la tradici\u00f3n, durante ambos d\u00edas, quienes ya no est\u00e1n f\u00edsicamente presentes en el mundo regresan para visitar a sus seres queridos, por \u00fanica vez en el a\u00f1o\u201d, explicaba el documento que convocaba a aquella ceremonia.<br \/>\n\u201cEs costumbre preparar altares para esperarlos y agasajarlos, donde se colocan flores, velas, fotograf\u00edas de los difuntos, comida, bebida junto a figuras y otras ofrendas. Esta fecha es vivida con alegr\u00eda y expectativa, ya que es una oportunidad para reencontrarse con ellos\u201d, concluy\u00f3.<\/p>\n","protected":false},"excerpt":{"rendered":"<p>Una organizaci\u00f3n de descendientes de diversas etnias ind\u00edgenas pidi\u00f3 a las autoridades conocer el destino de 116 cuerpos extra\u00eddos por arque\u00f3logos en el nordeste bonaerense a lo largo de m\u00e1s de un siglo y reclam\u00f3 que se preserve un antiguo cementerio, en la primera reivindicaci\u00f3n de este tipo en la Provincia de Buenos Aires.<\/p>\n","protected":false},"author":4,"featured_media":0,"comment_status":"open","ping_status":"open","sticky":false,"template":"","format":"standard","meta":{"_jetpack_newsletter_access":"","_jetpack_dont_email_post_to_subs":false,"_jetpack_newsletter_tier_id":0,"_jetpack_memberships_contains_paywalled_content":false,"_jetpack_memberships_contains_paid_content":false,"footnotes":""},"categories":[1],"tags":[],"class_list":["post-5900","post","type-post","status-publish","format-standard","hentry","category-sociedad"],"jetpack_featured_media_url":"","jetpack_shortlink":"https:\/\/wp.me\/p2JWE0-1xa","jetpack-related-posts":[{"id":40533,"url":"https:\/\/www.24baires.com\/?p=40533","url_meta":{"origin":5900,"position":0},"title":"Azul: Mariotto prometi\u00f3 devolverle tierras a una comunidad originaria","author":"GB","date":"16\/02\/2014","format":false,"excerpt":"AZUL-En el marco de una visita a la ciudad, el vicegobernador bonaerense mantuvo un encuentro con los descendientes del Cacique Catriel, quienes reclaman por la recuperaci\u00f3n de terrenos usurpados por un coronel retirado, donde actualmente se prev\u00e9n negocios inmobiliarios. El funcionario comprometi\u00f3 su ayuda para lograr solucionar este hist\u00f3rico reclamo.\u2026","rel":"","context":"En \u00abLocales\u00bb","block_context":{"text":"Locales","link":"https:\/\/www.24baires.com\/?cat=38"},"img":{"alt_text":"mariotto en azul","src":"https:\/\/i0.wp.com\/www.24baires.com\/wp-content\/uploads\/2014\/02\/mariotto-en-azul.jpg?resize=350%2C200","width":350,"height":200,"srcset":"https:\/\/i0.wp.com\/www.24baires.com\/wp-content\/uploads\/2014\/02\/mariotto-en-azul.jpg?resize=350%2C200 1x, https:\/\/i0.wp.com\/www.24baires.com\/wp-content\/uploads\/2014\/02\/mariotto-en-azul.jpg?resize=525%2C300 1.5x"},"classes":[]},{"id":92718,"url":"https:\/\/www.24baires.com\/?p=92718","url_meta":{"origin":5900,"position":1},"title":"Mapuches de Los Toldos buscan reactivar un cementerio ancestral","author":"AF","date":"01\/03\/2017","format":false,"excerpt":"La comunidad \"Epu Lafken\" impulsa la recuperaci\u00f3n del lugar, ubicado en un terreno privado a 8 kil\u00f3metros de esa localidad bonaerense. Quienen sepultar al ide\u00f3logo de la bandera mapuche con un ritual funerario denominado \"eluw\u00fcn\", que hace mas de 130 a\u00f1os no se realiza en Argentina. El municipio de General\u2026","rel":"","context":"En \u00abLocales\u00bb","block_context":{"text":"Locales","link":"https:\/\/www.24baires.com\/?cat=38"},"img":{"alt_text":"","src":"https:\/\/i0.wp.com\/www.24baires.com\/wp-content\/uploads\/2017\/03\/mapuches-los-toldos.jpg?resize=350%2C200","width":350,"height":200,"srcset":"https:\/\/i0.wp.com\/www.24baires.com\/wp-content\/uploads\/2017\/03\/mapuches-los-toldos.jpg?resize=350%2C200 1x, https:\/\/i0.wp.com\/www.24baires.com\/wp-content\/uploads\/2017\/03\/mapuches-los-toldos.jpg?resize=525%2C300 1.5x"},"classes":[]},{"id":105350,"url":"https:\/\/www.24baires.com\/?p=105350","url_meta":{"origin":5900,"position":2},"title":"Argentina es uno de los tres pa\u00edses de la regi\u00f3n donde m\u00e1s creci\u00f3 el hambre","author":"AF","date":"08\/11\/2018","format":false,"excerpt":"As\u00ed lo asegura el Panorama de la Seguridad Alimentaria y Nutricional 2018. M\u00e1s mujeres que hombres viven en situaci\u00f3n de inseguridad alimentaria. Argentina es uno de los tres pa\u00edses de la regi\u00f3n en los que m\u00e1s creci\u00f3 el n\u00famero de personas con hambre. As\u00ed lo asegura un nuevo informe de\u2026","rel":"","context":"En \u00abSociedad\u00bb","block_context":{"text":"Sociedad","link":"https:\/\/www.24baires.com\/?cat=1"},"img":{"alt_text":"","src":"https:\/\/i0.wp.com\/www.24baires.com\/wp-content\/uploads\/2016\/06\/pobreza.jpg?resize=350%2C200","width":350,"height":200,"srcset":"https:\/\/i0.wp.com\/www.24baires.com\/wp-content\/uploads\/2016\/06\/pobreza.jpg?resize=350%2C200 1x, https:\/\/i0.wp.com\/www.24baires.com\/wp-content\/uploads\/2016\/06\/pobreza.jpg?resize=525%2C300 1.5x"},"classes":[]},{"id":48551,"url":"https:\/\/www.24baires.com\/?p=48551","url_meta":{"origin":5900,"position":3},"title":"Comunidades originarias de la Provincia festejan el a\u00f1o nuevo Ind\u00edgena en la Laguna de los Padres","author":"GB","date":"23\/06\/2014","format":false,"excerpt":"Este lunes y martes, en una Reserva Natural a casi 15 km de Mar del Plata, se congregan pueblos originarios para realizar un festejo, conocido como We Tripantu, que coincide con el solsticio de invierno austral. Con el encendido del Fuego Sagrado y compartiendo una velada con m\u00fasica, cena y\u2026","rel":"","context":"En \u00abLocales\u00bb","block_context":{"text":"Locales","link":"https:\/\/www.24baires.com\/?cat=38"},"img":{"alt_text":"originarios bonaerenses","src":"https:\/\/i0.wp.com\/www.24baires.com\/wp-content\/uploads\/2014\/06\/originarios-bonaerenses.jpeg?resize=350%2C200","width":350,"height":200,"srcset":"https:\/\/i0.wp.com\/www.24baires.com\/wp-content\/uploads\/2014\/06\/originarios-bonaerenses.jpeg?resize=350%2C200 1x, https:\/\/i0.wp.com\/www.24baires.com\/wp-content\/uploads\/2014\/06\/originarios-bonaerenses.jpeg?resize=525%2C300 1.5x"},"classes":[]},{"id":11003,"url":"https:\/\/www.24baires.com\/?p=11003","url_meta":{"origin":5900,"position":4},"title":"Acuerdan prestar servicio jur\u00eddico al pueblo Mapuche de Los Toldos","author":"AF","date":"02\/01\/2013","format":false,"excerpt":"El subsecretario Social de Tierras, Urbanismo y Vivienda del ministerio de Infraestructura, Fabi\u00e1n Stacchiotti, suscribi\u00f3 con el Defensor del Pueblo de la Provincia, Carlos Bonicatto, un convenio destinado a brindar asesoramiento jur\u00eddico al pueblo Mapuche de Los Toldos y dise\u00f1ar posibles estrategias de recuperaci\u00f3n de las tierras que ha perdido\u2026","rel":"","context":"En \u00abSociedad\u00bb","block_context":{"text":"Sociedad","link":"https:\/\/www.24baires.com\/?cat=1"},"img":{"alt_text":"bonicatto stacchiotti","src":"https:\/\/i0.wp.com\/www.24baires.com\/wp-content\/uploads\/2013\/01\/bonicatto-stacchiotti-300x225.jpg?resize=350%2C200","width":350,"height":200},"classes":[]},{"id":116186,"url":"https:\/\/www.24baires.com\/?p=116186","url_meta":{"origin":5900,"position":5},"title":"Fern\u00e1ndez, sobre las protestas de polic\u00edas: \u00abUsaron un m\u00e9todo inadmisible y desmesurado\u00bb","author":"AF","date":"10\/09\/2020","format":false,"excerpt":"El Presidente consider\u00f3 que era \"imposible\" que el gobierno bonaerense pudiera cumplir con la demanda de aumentos salariales, ante la \"situaci\u00f3n financiera cr\u00edtica\" que enfrenta ese distrito. El presidente Alberto Fern\u00e1ndez insisti\u00f3 en que los polic\u00edas bonaerenses que realizan protestas, que este jueves incluso se trasladaron a las puertas de\u2026","rel":"","context":"En \u00abSociedad\u00bb","block_context":{"text":"Sociedad","link":"https:\/\/www.24baires.com\/?cat=1"},"img":{"alt_text":"","src":"https:\/\/i0.wp.com\/www.24baires.com\/wp-content\/uploads\/2020\/08\/alberto-fern%C3%A1ndez.jpg?resize=350%2C200","width":350,"height":200,"srcset":"https:\/\/i0.wp.com\/www.24baires.com\/wp-content\/uploads\/2020\/08\/alberto-fern%C3%A1ndez.jpg?resize=350%2C200 1x, https:\/\/i0.wp.com\/www.24baires.com\/wp-content\/uploads\/2020\/08\/alberto-fern%C3%A1ndez.jpg?resize=525%2C300 1.5x"},"classes":[]}],"jetpack_sharing_enabled":true,"jetpack_likes_enabled":true,"_links":{"self":[{"href":"https:\/\/www.24baires.com\/index.php?rest_route=\/wp\/v2\/posts\/5900","targetHints":{"allow":["GET"]}}],"collection":[{"href":"https:\/\/www.24baires.com\/index.php?rest_route=\/wp\/v2\/posts"}],"about":[{"href":"https:\/\/www.24baires.com\/index.php?rest_route=\/wp\/v2\/types\/post"}],"author":[{"embeddable":true,"href":"https:\/\/www.24baires.com\/index.php?rest_route=\/wp\/v2\/users\/4"}],"replies":[{"embeddable":true,"href":"https:\/\/www.24baires.com\/index.php?rest_route=%2Fwp%2Fv2%2Fcomments&post=5900"}],"version-history":[{"count":3,"href":"https:\/\/www.24baires.com\/index.php?rest_route=\/wp\/v2\/posts\/5900\/revisions"}],"predecessor-version":[{"id":5905,"href":"https:\/\/www.24baires.com\/index.php?rest_route=\/wp\/v2\/posts\/5900\/revisions\/5905"}],"wp:attachment":[{"href":"https:\/\/www.24baires.com\/index.php?rest_route=%2Fwp%2Fv2%2Fmedia&parent=5900"}],"wp:term":[{"taxonomy":"category","embeddable":true,"href":"https:\/\/www.24baires.com\/index.php?rest_route=%2Fwp%2Fv2%2Fcategories&post=5900"},{"taxonomy":"post_tag","embeddable":true,"href":"https:\/\/www.24baires.com\/index.php?rest_route=%2Fwp%2Fv2%2Ftags&post=5900"}],"curies":[{"name":"wp","href":"https:\/\/api.w.org\/{rel}","templated":true}]}}