{"id":5893,"date":"2012-11-18T11:50:38","date_gmt":"2012-11-18T14:50:38","guid":{"rendered":"http:\/\/www.24baires.com\/?p=5893"},"modified":"2012-11-18T12:39:09","modified_gmt":"2012-11-18T15:39:09","slug":"el-centro-de-producciones-audiovisuales-de-quilmes-se-llamara-leonardo-favio","status":"publish","type":"post","link":"https:\/\/www.24baires.com\/?p=5893","title":{"rendered":"El Centro de Producciones Audiovisuales de Quilmes se llamar\u00e1 Leonardo Favio"},"content":{"rendered":"<p><strong>QUILMES &#8211; <\/strong>El Polo Cultural ubicado en la Plaza Esandi de Bernal llevar\u00e1 el nombre del artista recientemente fallecido. El proyecto de ordenanza bajar\u00e1 al HCD seguramente la semana entrante.<!--more--><\/p>\n<p>De acuerdo a lo publicado por Agencia Suburbana, el Polo Cultural ubicado en la Plaza Esandi de Bernal llevar\u00e1 el nombre del artista recientemente fallecido, Leonardo Favio.<br \/>\nEl proyecto de ordenanza bajar\u00e1 al HCD seguramente la semana entrante, leugo que el tema se consensuara entre la Secretar\u00eda de Cultura de Quilmes y los familiares de Favio el d\u00eda viernes.<br \/>\nAs\u00ed, la inauguraci\u00f3n de este Centro de Producciones Audiovisuales tiene fecha: El 27 de noviembre. Donde habr\u00e1 una muestra en homenaje al artista.<\/p>\n","protected":false},"excerpt":{"rendered":"<p>QUILMES &#8211; El Polo Cultural ubicado en la Plaza Esandi de Bernal llevar\u00e1 el nombre del artista recientemente fallecido. El proyecto de ordenanza bajar\u00e1 al HCD seguramente la semana entrante.<\/p>\n","protected":false},"author":4,"featured_media":0,"comment_status":"open","ping_status":"open","sticky":false,"template":"","format":"standard","meta":{"_jetpack_newsletter_access":"","_jetpack_dont_email_post_to_subs":false,"_jetpack_newsletter_tier_id":0,"_jetpack_memberships_contains_paywalled_content":false,"_jetpack_memberships_contains_paid_content":false,"footnotes":""},"categories":[38],"tags":[],"class_list":["post-5893","post","type-post","status-publish","format-standard","hentry","category-locales"],"jetpack_featured_media_url":"","jetpack_shortlink":"https:\/\/wp.me\/p2JWE0-1x3","jetpack-related-posts":[{"id":47085,"url":"https:\/\/www.24baires.com\/?p=47085","url_meta":{"origin":5893,"position":0},"title":"\u00abEstamos llegando con obras a todo el pa\u00eds\u00bb, asegur\u00f3 Cristina","author":"GB","date":"31\/05\/2014","format":false,"excerpt":"La presidenta lo manifest\u00f3 al hablar desde R\u00edo Gallegos, donde inaugur\u00f3 una serie de obras. Tambi\u00e9n resalt\u00f3 la nacionalizaci\u00f3n de YPF, cuya recuperaci\u00f3n \"es un orgullo para los patag\u00f3nicos y los argentino. La presidenta Cristina Fern\u00e1ndez de Kirchner, explic\u00f3 hoy que el Gobierno est\u00e1 trabajando \"para que todos los argentinos\u2026","rel":"","context":"En \u00abPol\u00edtica\u00bb","block_context":{"text":"Pol\u00edtica","link":"https:\/\/www.24baires.com\/?cat=51"},"img":{"alt_text":"cristina mugica","src":"https:\/\/i0.wp.com\/www.24baires.com\/wp-content\/uploads\/2014\/05\/cristin-mugica.jpg?resize=350%2C200","width":350,"height":200,"srcset":"https:\/\/i0.wp.com\/www.24baires.com\/wp-content\/uploads\/2014\/05\/cristin-mugica.jpg?resize=350%2C200 1x, https:\/\/i0.wp.com\/www.24baires.com\/wp-content\/uploads\/2014\/05\/cristin-mugica.jpg?resize=525%2C300 1.5x"},"classes":[]},{"id":4499,"url":"https:\/\/www.24baires.com\/?p=4499","url_meta":{"origin":5893,"position":1},"title":"Se nos fue Leonardo Favio","author":"Grupo Sierra","date":"05\/11\/2012","format":false,"excerpt":"El notable actor, director de cine y cantante muri\u00f3 como consecuencia de un agravamiento de su estado de salud, ya que llevaba a\u00f1os luchando contra una serie de afecciones cr\u00f3nicas. Leonardo Favio fue uno de los directores m\u00e1s importantes de la historia del cine argentino, al que leg\u00f3 t\u00edtulos como\u2026","rel":"","context":"En \u00abArte &amp; Cultura\u00bb","block_context":{"text":"Arte &amp; Cultura","link":"https:\/\/www.24baires.com\/?cat=53"},"img":{"alt_text":"","src":"https:\/\/i0.wp.com\/www.24baires.com\/wp-content\/uploads\/2012\/11\/favio-leonardo.jpg?resize=350%2C200","width":350,"height":200,"srcset":"https:\/\/i0.wp.com\/www.24baires.com\/wp-content\/uploads\/2012\/11\/favio-leonardo.jpg?resize=350%2C200 1x, https:\/\/i0.wp.com\/www.24baires.com\/wp-content\/uploads\/2012\/11\/favio-leonardo.jpg?resize=525%2C300 1.5x"},"classes":[]},{"id":54060,"url":"https:\/\/www.24baires.com\/?p=54060","url_meta":{"origin":5893,"position":2},"title":"El jueves comenzar\u00e1 la 5ta Edici\u00f3n del Festival Internacional de Cine por la Equidad de G\u00e9nero","author":"GB","date":"22\/09\/2014","format":false,"excerpt":"Durante una semana las personas amantes del cine podr\u00e1n disfrutar de m\u00e1s de 60 pel\u00edculas realizadas por mujeres y varones de todo el mundo. Se proyectar\u00e1n animaciones, ficciones, documentales y experimentales que abordan diversas problem\u00e1ticas de g\u00e9nero y derechos humanos desde la acci\u00f3n, el humor y el drama. Simult\u00e1neamente, est\u00e1\u2026","rel":"","context":"En \u00abSociedad\u00bb","block_context":{"text":"Sociedad","link":"https:\/\/www.24baires.com\/?cat=1"},"img":{"alt_text":"festival por g\u00e9nero","src":"https:\/\/i0.wp.com\/www.24baires.com\/wp-content\/uploads\/2014\/09\/festival-por-g%C3%A9nero.jpg?resize=350%2C200","width":350,"height":200,"srcset":"https:\/\/i0.wp.com\/www.24baires.com\/wp-content\/uploads\/2014\/09\/festival-por-g%C3%A9nero.jpg?resize=350%2C200 1x, https:\/\/i0.wp.com\/www.24baires.com\/wp-content\/uploads\/2014\/09\/festival-por-g%C3%A9nero.jpg?resize=525%2C300 1.5x"},"classes":[]},{"id":6526,"url":"https:\/\/www.24baires.com\/?p=6526","url_meta":{"origin":5893,"position":3},"title":"Cristina en el ECA: \u00abLa cultura s\u00f3lo florece en un clima de libertad y de inclusi\u00f3n social\u00bb","author":"AF","date":"23\/11\/2012","format":false,"excerpt":"MAR DEL PLATA - La presidenta Cristina Fern\u00e1ndez de Kirchner encabez\u00f3 en el Hotel Provincial la ceremonia de apertura del II Encuentro de Comunicaci\u00f3n Audiovisual (ECA). Adem\u00e1s, la Presidenta indic\u00f3 que \"este extraordinario momento de la comunicaci\u00f3n audiovisual se produce por el clima de libertad e inclusi\u00f3n social que vive\u2026","rel":"","context":"En \u00abSociedad\u00bb","block_context":{"text":"Sociedad","link":"https:\/\/www.24baires.com\/?cat=1"},"img":{"alt_text":"","src":"https:\/\/i0.wp.com\/www.24baires.com\/wp-content\/uploads\/2012\/11\/fern%C3%A1ndez-ECA.jpg?resize=350%2C200","width":350,"height":200,"srcset":"https:\/\/i0.wp.com\/www.24baires.com\/wp-content\/uploads\/2012\/11\/fern%C3%A1ndez-ECA.jpg?resize=350%2C200 1x, https:\/\/i0.wp.com\/www.24baires.com\/wp-content\/uploads\/2012\/11\/fern%C3%A1ndez-ECA.jpg?resize=525%2C300 1.5x"},"classes":[]},{"id":5190,"url":"https:\/\/www.24baires.com\/?p=5190","url_meta":{"origin":5893,"position":4},"title":"Comienza en Brasilia el &#8216;Mes de la Cultura Argentina&#8217;","author":"AF","date":"12\/11\/2012","format":false,"excerpt":"Un homenaje a la poes\u00eda de Atahualpa Yupanqui, la visi\u00f3n de tres escritores sobre la guerra de Malvinas, una retrospectiva de la obra de Leonardo Favio y una muestra de humor gr\u00e1fico son las actividades culturales que propone la embajada argentina en Brasilia para celebrar durante noviembre el \"Mes argentino\"\u2026","rel":"","context":"En \u00abArte &amp; Cultura\u00bb","block_context":{"text":"Arte &amp; Cultura","link":"https:\/\/www.24baires.com\/?cat=53"},"img":{"alt_text":"","src":"https:\/\/i0.wp.com\/www.24baires.com\/wp-content\/uploads\/2012\/11\/mes-de-argentina-en-brasil.jpg?resize=350%2C200","width":350,"height":200},"classes":[]},{"id":4540,"url":"https:\/\/www.24baires.com\/?p=4540","url_meta":{"origin":5893,"position":5},"title":"\u00abEl siglo XXI debe ser el siglo de \u2018mi hijo el ingeniero\u2019\u00bb augur\u00f3 Cristina","author":"Grupo Sierra","date":"05\/11\/2012","format":false,"excerpt":"Cristina lanz\u00f3 hoy un plan estrat\u00e9gico para la formaci\u00f3n t\u00e9cnica de alumnos secundarios y terciarios de todo el pa\u00eds. La provincia de Buenos Aires recibir\u00e1 para desarrollar el programa m\u00e1s de 11 millones de pesos. \"El compromiso de este proyecto pol\u00edtico con la educaci\u00f3n p\u00fablica es inquebrantable\", subray\u00f3 la Presidenta.\u2026","rel":"","context":"En \u00abPol\u00edtica\u00bb","block_context":{"text":"Pol\u00edtica","link":"https:\/\/www.24baires.com\/?cat=51"},"img":{"alt_text":"","src":"https:\/\/i0.wp.com\/www.24baires.com\/wp-content\/uploads\/2012\/11\/cristina-tecnopolis-.jpg?resize=350%2C200","width":350,"height":200,"srcset":"https:\/\/i0.wp.com\/www.24baires.com\/wp-content\/uploads\/2012\/11\/cristina-tecnopolis-.jpg?resize=350%2C200 1x, https:\/\/i0.wp.com\/www.24baires.com\/wp-content\/uploads\/2012\/11\/cristina-tecnopolis-.jpg?resize=525%2C300 1.5x"},"classes":[]}],"jetpack_sharing_enabled":true,"jetpack_likes_enabled":true,"_links":{"self":[{"href":"https:\/\/www.24baires.com\/index.php?rest_route=\/wp\/v2\/posts\/5893","targetHints":{"allow":["GET"]}}],"collection":[{"href":"https:\/\/www.24baires.com\/index.php?rest_route=\/wp\/v2\/posts"}],"about":[{"href":"https:\/\/www.24baires.com\/index.php?rest_route=\/wp\/v2\/types\/post"}],"author":[{"embeddable":true,"href":"https:\/\/www.24baires.com\/index.php?rest_route=\/wp\/v2\/users\/4"}],"replies":[{"embeddable":true,"href":"https:\/\/www.24baires.com\/index.php?rest_route=%2Fwp%2Fv2%2Fcomments&post=5893"}],"version-history":[{"count":2,"href":"https:\/\/www.24baires.com\/index.php?rest_route=\/wp\/v2\/posts\/5893\/revisions"}],"predecessor-version":[{"id":5895,"href":"https:\/\/www.24baires.com\/index.php?rest_route=\/wp\/v2\/posts\/5893\/revisions\/5895"}],"wp:attachment":[{"href":"https:\/\/www.24baires.com\/index.php?rest_route=%2Fwp%2Fv2%2Fmedia&parent=5893"}],"wp:term":[{"taxonomy":"category","embeddable":true,"href":"https:\/\/www.24baires.com\/index.php?rest_route=%2Fwp%2Fv2%2Fcategories&post=5893"},{"taxonomy":"post_tag","embeddable":true,"href":"https:\/\/www.24baires.com\/index.php?rest_route=%2Fwp%2Fv2%2Ftags&post=5893"}],"curies":[{"name":"wp","href":"https:\/\/api.w.org\/{rel}","templated":true}]}}