{"id":58903,"date":"2014-12-19T18:59:47","date_gmt":"2014-12-19T21:59:47","guid":{"rendered":"http:\/\/www.24baires.com\/?p=58903"},"modified":"2014-12-19T18:59:47","modified_gmt":"2014-12-19T21:59:47","slug":"memoria-de-la-implosion","status":"publish","type":"post","link":"https:\/\/www.24baires.com\/?p=58903","title":{"rendered":"Memoria de la implosi\u00f3n"},"content":{"rendered":"<p><img data-recalc-dims=\"1\" loading=\"lazy\" decoding=\"async\" class=\"aligncenter size-full wp-image-58906\" src=\"https:\/\/i0.wp.com\/www.24baires.com\/wp-content\/uploads\/2014\/12\/diciembre-de-La-R%C3%BAa-represi%C3%B3n.jpg?resize=396%2C560\" alt=\"diciembre de La R\u00faa represi\u00f3n\" width=\"396\" height=\"560\" srcset=\"https:\/\/i0.wp.com\/www.24baires.com\/wp-content\/uploads\/2014\/12\/diciembre-de-La-R%C3%BAa-represi%C3%B3n.jpg?w=396&amp;ssl=1 396w, https:\/\/i0.wp.com\/www.24baires.com\/wp-content\/uploads\/2014\/12\/diciembre-de-La-R%C3%BAa-represi%C3%B3n.jpg?resize=212%2C300&amp;ssl=1 212w\" sizes=\"auto, (max-width: 396px) 100vw, 396px\" \/> Hace 13 a\u00f1os Argentina implot\u00f3. La larga mecha siempre encendida que terminaba \u2013como suele suceder- en los barriles de p\u00f3lvora que eran el hambre y la paciencia, finalmente se consumi\u00f3 del todo. Y estallamos, de todas las formas posibles. <!--more--><\/p>\n<p>Y nos mataron, regaron con nuestra sangre las plazas de la patria, porque tiraban a eliminar. Porque no estaban para cuidarnos, el pueblo no era prioridad: si quer\u00edas proteger de los balazos a los pibes de un comedor, ligabas un plomazo en la garganta, como le pas\u00f3 a Pocho Lepratti, por ejemplo. Pero para ciertos diarios era la \u201cCrisis\u201d que mataba argentinos, no quienes estaban en el poder en ese entonces: \u201cLa crisis cost\u00f3 25 vidas, en 9 de Julio y Av. De Mayo un muchacho cay\u00f3 muerto con una bala en el cuello\u201d, dice el Clar\u00edn del 21 de diciembre de 2001. No De La R\u00faa, no Cavallo, que con sus pol\u00edticas neoliberales alineados al Imperio yanqui hambreaban a la inmensa mayor\u00eda, no la represi\u00f3n maldita que avalaron.<\/p>\n<p>Era la Crisis que nos asfixiaba, que nos quitaba el trabajo y el pan de la boca, claro. Porque en esa \u00e9poca oscura de dolor, aun mucha gente pensaba que lo que sal\u00eda en los diarios era la realidad, que sus letras de molde estaban imbuidas de certezas. Y para proteger a quines ellos mismos hab\u00edan apuntalado hasta el Gobierno, nos ment\u00edan con esa crueldad que ahora tan bien conocemos. Porque cuando Clar\u00edn pon\u00eda en tapa que la Crisis hab\u00eda dejado m\u00e1s muertos, esas palabras impresas tambi\u00e9n chorreaban sangre y culpabilidad. Lo sabemos ahora. Hemos recorrido un largo camino, hemos aprendido mucho, porque hemos aprendido a reconocernos.<\/p>\n<p>Han pasado 13 a\u00f1os de esos dos d\u00edas de fuego, del miedo, de la desesperaci\u00f3n. Pero lo que empez\u00f3 un 19 de diciembre no termin\u00f3 tan r\u00e1pido, har\u00eda falta m\u00e1s tiempo. Lleg\u00f3 al gobierno, al final, uno que es conocido por apagar los incendios con nafta, cuando le conviene que todo se consuma, aunque hab\u00eda c\u00ednicos que lo llamaban \u201cpiloto de tormenta\u201d. Todav\u00eda faltaba para empezar a enderezar nuestro rumbo, para empezar a creer en nosotros, para darnos cuenta que no s\u00f3lo pod\u00edamos lamernos las heridas, sino que pod\u00edas intentar sanarlas. Y porque nuestras llagas son hist\u00f3ricas, hab\u00eda que empezar de nuevo. Ya nos hab\u00edan mal vendido a pedazos, hab\u00eda que recuperar lo nuestro.<\/p>\n<p>En par\u00e1metros hist\u00f3ricos es muy poco tiempo el que pas\u00f3 desde aquellos dos d\u00edas, de esa semana con cinco presidentes, del desconcierto permanente. Pero mir\u00e1 para atr\u00e1s, fijate d\u00f3nde estabas vos, tu familia, tus amigos. Record\u00e1 c\u00f3mo estabas, record\u00e1 como la pasaba la mayor\u00eda y fijate d\u00f3nde est\u00e1s ahora, y mejor aun, miremos m\u00e1s all\u00e1 de nuestra nariz y nuestro entorno. Es un sabio ejercicio y se llama Memoria. Y es nuestra mejor herramienta para no volver atr\u00e1s, para reconocer a quienes nos dejaron aun m\u00e1s debajo de la lona, verlos y escucharlos ahora, con las mismas recetas, haciendo lo imposible por volver.<\/p>\n<p>Nosotros venimos desde la desesperaci\u00f3n, desde la locura de no saber qu\u00e9 va a ser de nosotros ma\u00f1ana, de la panza vac\u00eda y los pu\u00f1os pelados de golpear puertas que no se abr\u00edan, de ah\u00ed venimos. De las horas y horas de fila por un puesto de trabajo que nunca te tocaba a vos y si te tocaba, ten\u00edas que bancarte la flexibilizaci\u00f3n laboral de la Alianza porque detr\u00e1s tuyo hab\u00eda miles esperando. Y Memoria es eso, saber de d\u00f3nde venimos, valorar a d\u00f3nde hemos llegado y saber que el \u00fanico camino posible es seguir avanzando, porque no podemos retroceder, por nosotros, por nuestros padres, por nuestros hijos, por los muertos de las plazas, no podemos volver a ese pasado reciente de angustia, no podemos dar ni un paso atr\u00e1s.<\/p>\n","protected":false},"excerpt":{"rendered":"<p>Hace 13 a\u00f1os Argentina implot\u00f3. La larga mecha siempre encendida que terminaba \u2013como suele suceder- en los barriles de p\u00f3lvora que eran el hambre y la paciencia, finalmente se consumi\u00f3 del todo. Y estallamos, de todas las formas posibles.<\/p>\n","protected":false},"author":11,"featured_media":0,"comment_status":"open","ping_status":"open","sticky":false,"template":"","format":"standard","meta":{"_jetpack_newsletter_access":"","_jetpack_dont_email_post_to_subs":false,"_jetpack_newsletter_tier_id":0,"_jetpack_memberships_contains_paywalled_content":false,"_jetpack_memberships_contains_paid_content":false,"footnotes":""},"categories":[64],"tags":[],"class_list":["post-58903","post","type-post","status-publish","format-standard","hentry","category-opinion"],"jetpack_featured_media_url":"","jetpack_shortlink":"https:\/\/wp.me\/p2JWE0-fk3","jetpack-related-posts":[{"id":45361,"url":"https:\/\/www.24baires.com\/?p=45361","url_meta":{"origin":58903,"position":0},"title":"Malvinas Argentinas: \u00abCasi matan a mi hija por medicarla mal\u00bb","author":"Grupo Sierra","date":"05\/05\/2014","format":false,"excerpt":"Una nueva denuncia por casos de mala praxis se suma al prontuario existente en el municipio de Cariglino. Una ni\u00f1a que fue medicada por varicela y casi muere por exceso del suministro equivocado. \"Termin\u00f3 con una inflamaci\u00f3n en el cerebro\", detall\u00f3 la madre. El Dr.Jorge Cancio, abogado de la familia\u2026","rel":"","context":"En \u00abLocales\u00bb","block_context":{"text":"Locales","link":"https:\/\/www.24baires.com\/?cat=38"},"img":{"alt_text":"cariglino-escandalo-malvinas-argentinas","src":"https:\/\/i0.wp.com\/www.24baires.com\/wp-content\/uploads\/2012\/10\/cariglino-escandalo-malvinas-argentinas.jpg?resize=350%2C200","width":350,"height":200,"srcset":"https:\/\/i0.wp.com\/www.24baires.com\/wp-content\/uploads\/2012\/10\/cariglino-escandalo-malvinas-argentinas.jpg?resize=350%2C200 1x, https:\/\/i0.wp.com\/www.24baires.com\/wp-content\/uploads\/2012\/10\/cariglino-escandalo-malvinas-argentinas.jpg?resize=525%2C300 1.5x"},"classes":[]},{"id":121802,"url":"https:\/\/www.24baires.com\/?p=121802","url_meta":{"origin":58903,"position":1},"title":"El consumo de yerba mate alcanz\u00f3 su nivel m\u00e1s bajo en 9 a\u00f1os, seg\u00fan un estudio","author":"GB","date":"07\/11\/2024","format":false,"excerpt":"El consumo de yerba mate cay\u00f3 8,8% interanual, mientras las exportaciones y las importaciones aumentan, afectando a productores y generando un exceso de stocks. El consumo interno de yerba mate en Argentina experiment\u00f3 una ca\u00edda del 8,8% interanual en los primeros nueve meses de 2024, alcanzando su nivel m\u00e1s bajo\u2026","rel":"","context":"En \u00abConsumidores\u00bb","block_context":{"text":"Consumidores","link":"https:\/\/www.24baires.com\/?cat=78"},"img":{"alt_text":"","src":"https:\/\/i0.wp.com\/www.24baires.com\/wp-content\/uploads\/2024\/11\/yerba.webp?resize=350%2C200","width":350,"height":200,"srcset":"https:\/\/i0.wp.com\/www.24baires.com\/wp-content\/uploads\/2024\/11\/yerba.webp?resize=350%2C200 1x, https:\/\/i0.wp.com\/www.24baires.com\/wp-content\/uploads\/2024\/11\/yerba.webp?resize=525%2C300 1.5x, https:\/\/i0.wp.com\/www.24baires.com\/wp-content\/uploads\/2024\/11\/yerba.webp?resize=700%2C400 2x"},"classes":[]},{"id":2379,"url":"https:\/\/www.24baires.com\/?p=2379","url_meta":{"origin":58903,"position":2},"title":"Llega a los cines \u00abArgo\u00bb, sobre la operaci\u00f3n de la CIA y Hollywood","author":"AF","date":"16\/10\/2012","format":false,"excerpt":"Se estrena este jueves en Argentina \"Argo\", dirigida y protagonizada por Ben Affleck. El film relata c\u00f3mo la CIA y Hollywood crearon una pel\u00edcula para poder rescatar rehenes estadounidenses, cautivos en su embajada en Teher\u00e1n. El filme de suspenso y drama, debut\u00f3 el viernes pasado en Estados Unidos, y cuenta\u2026","rel":"","context":"En \u00abArte &amp; Cultura\u00bb","block_context":{"text":"Arte &amp; Cultura","link":"https:\/\/www.24baires.com\/?cat=53"},"img":{"alt_text":"","src":"https:\/\/i0.wp.com\/www.24baires.com\/wp-content\/uploads\/2012\/10\/argo.jpg?resize=350%2C200","width":350,"height":200,"srcset":"https:\/\/i0.wp.com\/www.24baires.com\/wp-content\/uploads\/2012\/10\/argo.jpg?resize=350%2C200 1x, https:\/\/i0.wp.com\/www.24baires.com\/wp-content\/uploads\/2012\/10\/argo.jpg?resize=525%2C300 1.5x"},"classes":[]},{"id":111664,"url":"https:\/\/www.24baires.com\/?p=111664","url_meta":{"origin":58903,"position":3},"title":"\u00abEl Pa\u00eds\u00bb de Espa\u00f1a alerta sobre otra \u00abcrisis terminal\u00bb en Argentina","author":"GB","date":"16\/08\/2019","format":false,"excerpt":"El medio ib\u00e9rico hizo un pantallazo sobre la situaci\u00f3n financiera tras las PASO y se\u00f1ala la incertidumbre en la que vive la poblaci\u00f3n. La crisis econ\u00f3mica, que empeor\u00f3 en los \u00faltimos d\u00edas tras las elecciones Primarias Abiertas Simult\u00e1neas y Obligatorias, tambi\u00e9n preocupa fuera de nuestras fronteras. El diario El Pa\u00eds\u2026","rel":"","context":"En \u00abEconom\u00eda\u00bb","block_context":{"text":"Econom\u00eda","link":"https:\/\/www.24baires.com\/?cat=45"},"img":{"alt_text":"","src":"https:\/\/i0.wp.com\/www.24baires.com\/wp-content\/uploads\/2017\/04\/movilizacion-lanus.jpg?resize=350%2C200","width":350,"height":200,"srcset":"https:\/\/i0.wp.com\/www.24baires.com\/wp-content\/uploads\/2017\/04\/movilizacion-lanus.jpg?resize=350%2C200 1x, https:\/\/i0.wp.com\/www.24baires.com\/wp-content\/uploads\/2017\/04\/movilizacion-lanus.jpg?resize=525%2C300 1.5x"},"classes":[]},{"id":35451,"url":"https:\/\/www.24baires.com\/?p=35451","url_meta":{"origin":58903,"position":4},"title":"Francisco brome\u00f3 con fieles argentinos y les pidi\u00f3 mate en una audiencia","author":"AF","date":"20\/11\/2013","format":false,"excerpt":"Francisco brome\u00f3 con los fieles argentinos presentes en la plaza de San Pedro del Vaticano para asistir a la tradicional audiencia general de los mi\u00e9rcoles, ya que ninguno de ellos hab\u00eda llevado mate. \"\u00bfEl mate?. \u00bfD\u00f3nde est\u00e1 hoy el mate?\", pregunt\u00f3 de manera divertida a los peregrinos argentinos ya que,\u2026","rel":"","context":"En \u00abSociedad\u00bb","block_context":{"text":"Sociedad","link":"https:\/\/www.24baires.com\/?cat=1"},"img":{"alt_text":"papa francisco","src":"https:\/\/i0.wp.com\/www.24baires.com\/wp-content\/uploads\/2013\/10\/papa-francisco.jpg?resize=350%2C200","width":350,"height":200,"srcset":"https:\/\/i0.wp.com\/www.24baires.com\/wp-content\/uploads\/2013\/10\/papa-francisco.jpg?resize=350%2C200 1x, https:\/\/i0.wp.com\/www.24baires.com\/wp-content\/uploads\/2013\/10\/papa-francisco.jpg?resize=525%2C300 1.5x"},"classes":[]},{"id":101457,"url":"https:\/\/www.24baires.com\/?p=101457","url_meta":{"origin":58903,"position":5},"title":"Por el desplome del consumo, Carrefour present\u00f3 un proceso preventivo de crisis","author":"GB","date":"06\/04\/2018","format":false,"excerpt":"El supermercado le present\u00f3 al Gobierno un proceso preventivo de crisis. Cuenta con 18.000 empleados en Argentina. Por el desplome del consumo, la cadena de supermercados Carrefour present\u00f3 un proceso preventivo de crisis ante el Ministerio de Trabajo. El gigante franc\u00e9s atraviesa en Argentina una situaci\u00f3n econ\u00f3mica compleja luego de\u2026","rel":"","context":"En \u00abSociedad\u00bb","block_context":{"text":"Sociedad","link":"https:\/\/www.24baires.com\/?cat=1"},"img":{"alt_text":"","src":"https:\/\/i0.wp.com\/www.24baires.com\/wp-content\/uploads\/2014\/03\/Carrefour-300x197.jpg?resize=350%2C200","width":350,"height":200},"classes":[]}],"jetpack_sharing_enabled":true,"jetpack_likes_enabled":true,"_links":{"self":[{"href":"https:\/\/www.24baires.com\/index.php?rest_route=\/wp\/v2\/posts\/58903","targetHints":{"allow":["GET"]}}],"collection":[{"href":"https:\/\/www.24baires.com\/index.php?rest_route=\/wp\/v2\/posts"}],"about":[{"href":"https:\/\/www.24baires.com\/index.php?rest_route=\/wp\/v2\/types\/post"}],"author":[{"embeddable":true,"href":"https:\/\/www.24baires.com\/index.php?rest_route=\/wp\/v2\/users\/11"}],"replies":[{"embeddable":true,"href":"https:\/\/www.24baires.com\/index.php?rest_route=%2Fwp%2Fv2%2Fcomments&post=58903"}],"version-history":[{"count":1,"href":"https:\/\/www.24baires.com\/index.php?rest_route=\/wp\/v2\/posts\/58903\/revisions"}],"predecessor-version":[{"id":58907,"href":"https:\/\/www.24baires.com\/index.php?rest_route=\/wp\/v2\/posts\/58903\/revisions\/58907"}],"wp:attachment":[{"href":"https:\/\/www.24baires.com\/index.php?rest_route=%2Fwp%2Fv2%2Fmedia&parent=58903"}],"wp:term":[{"taxonomy":"category","embeddable":true,"href":"https:\/\/www.24baires.com\/index.php?rest_route=%2Fwp%2Fv2%2Fcategories&post=58903"},{"taxonomy":"post_tag","embeddable":true,"href":"https:\/\/www.24baires.com\/index.php?rest_route=%2Fwp%2Fv2%2Ftags&post=58903"}],"curies":[{"name":"wp","href":"https:\/\/api.w.org\/{rel}","templated":true}]}}