{"id":5881,"date":"2012-11-18T11:46:17","date_gmt":"2012-11-18T14:46:17","guid":{"rendered":"http:\/\/www.24baires.com\/?p=5881"},"modified":"2012-11-18T12:44:35","modified_gmt":"2012-11-18T15:44:35","slug":"9-de-abril-vecinos-aun-exigen-soluciones-a-las-consecuencias-de-las-tormentas","status":"publish","type":"post","link":"https:\/\/www.24baires.com\/?p=5881","title":{"rendered":"Echeverr\u00eda: vecinos a\u00fan exigen soluciones a las consecuencias de las tormentas"},"content":{"rendered":"<p><img data-recalc-dims=\"1\" loading=\"lazy\" decoding=\"async\" class=\"alignleft size-medium wp-image-5882\" title=\"inundaci\u00f3n 9 de abril\" src=\"https:\/\/i0.wp.com\/www.24baires.com\/wp-content\/uploads\/2012\/11\/inundaci%C3%B3n-9-de-julio.jpg?resize=300%2C187\" alt=\"\" width=\"300\" height=\"187\" srcset=\"https:\/\/i0.wp.com\/www.24baires.com\/wp-content\/uploads\/2012\/11\/inundaci%C3%B3n-9-de-julio.jpg?resize=300%2C187&amp;ssl=1 300w, https:\/\/i0.wp.com\/www.24baires.com\/wp-content\/uploads\/2012\/11\/inundaci%C3%B3n-9-de-julio.jpg?w=320&amp;ssl=1 320w\" sizes=\"auto, (max-width: 300px) 100vw, 300px\" \/>Vecinos del barrio 9 de abril de Esteban Echeverr\u00eda se reunieron la semana pasada y adelantaron que eval\u00faan medidas para exigir obras que terminen con el desastre que suele provocan las lluvias fuertes en ese barrio. \u201cQueremos que empiecen a mirarnos\u201d, se\u00f1alaron. La gente tambi\u00e9n asegur\u00f3 que muchas familias siguen padeciendo las consecuencias de la \u00faltima tormenta.<!--more--><\/p>\n<p>Cansados de consecuencias que padecen cada vez que llueve, los vecinos del Barrio 9 de Abril, en Esteban Echeverr\u00eda, no descantan tomar medidas para exigirle al Municipio las obras que eviten las inundaciones. Con la \u00faltima tormenta del 29 de octubre, la zona fue una de las m\u00e1s afectadas por el agua, que en algunos casos entr\u00f3 a las casas y \u201clo destruy\u00f3 todo\u201d.<\/p>\n<p>El jueves, la gente se reuni\u00f3 en una asamblea para unificar sus reclamos y expresarlos al Municipio, al cual exigen \u201cmedidas urgentes\u201d.<\/p>\n<p>\u201cQueremos que empiecen a mirarnos, a escucharnos. Hace cuatro a\u00f1os que esperamos y no se hizo nada\u201d, se quej\u00f3 una de las mujeres del barrio, Graciela Armoa.<\/p>\n<p>La mujer lament\u00f3 que 9 de Abril es \u201cuna localidad que est\u00e1 olvidada\u201d y se quej\u00f3 de que \u201cel Estado no llega\u201d. Tambi\u00e9n denunci\u00f3 que en el distrito \u201clas obras est\u00e1n frenadas\u201d<\/p>\n<p>\u201cDesde las Comuna adujeron que la obra lleg\u00f3 hasta donde lleg\u00f3 el presupuesto\u201d, indic\u00f3.<\/p>\n<p>En este marco, la gente advirti\u00f3 que si no obtiene respuestas por parte del Gobierno local analizar\u00e1n \u201cmovilizarse hasta Recursos H\u00eddricos de la Naci\u00f3n\u201d.<\/p>\n<p>En cuanto a la situaci\u00f3n que dej\u00f3 el temporal en la zona, Armoa la calific\u00f3 como \u201cun desastre\u201d.<\/p>\n<p>\u201cMuch\u00edsima gente perdi\u00f3 todo, inclusive en la Escuela 10 llegaron a tener un metro de agua\u201d, lament\u00f3.<\/p>\n<p>A los da\u00f1os causados por la gran cantidad de agua que no contaba con una infraestructura apropiada para su desagote, la vecina sum\u00f3 el desborde del R\u00edo Matanza.<\/p>\n<p>\u201cCuando el Matanza crece y abren las compuertas, ac\u00e1 se inunda. Por eso tambi\u00e9n se ha inundando mucha gente despu\u00e9s de la tormenta, porque como se desbord\u00f3 el r\u00edo, el agua bajaba hasta este sector\u201d, se quej\u00f3.<\/p>\n<p>Por el temporal y el posterior rebase del r\u00edo, m\u00e1s de 600 vecinos de la zona tuvieron que ser evacuados porque el agua, en algunos lugares, superaba el metro de altura.<\/p>\n","protected":false},"excerpt":{"rendered":"<p>Vecinos del barrio 9 de abril de Esteban Echeverr\u00eda se reunieron la semana pasada y adelantaron que eval\u00faan medidas para exigir obras que terminen con el desastre que suele provocan las lluvias fuertes en ese barrio. \u201cQueremos que empiecen a mirarnos\u201d, se\u00f1alaron. La gente tambi\u00e9n asegur\u00f3 que muchas familias siguen padeciendo las consecuencias de la \u00faltima tormenta.<\/p>\n","protected":false},"author":4,"featured_media":0,"comment_status":"open","ping_status":"open","sticky":false,"template":"","format":"standard","meta":{"_jetpack_newsletter_access":"","_jetpack_dont_email_post_to_subs":false,"_jetpack_newsletter_tier_id":0,"_jetpack_memberships_contains_paywalled_content":false,"_jetpack_memberships_contains_paid_content":false,"footnotes":""},"categories":[38],"tags":[],"class_list":["post-5881","post","type-post","status-publish","format-standard","hentry","category-locales"],"jetpack_featured_media_url":"","jetpack_shortlink":"https:\/\/wp.me\/p2JWE0-1wR","jetpack-related-posts":[{"id":11710,"url":"https:\/\/www.24baires.com\/?p=11710","url_meta":{"origin":5881,"position":0},"title":"Paran y se movilizan m\u00e9dicos nucleados en CICOP","author":"AF","date":"10\/01\/2013","format":false,"excerpt":"Tambi\u00e9n marchar\u00e1n hoy a la Casa de la Provincia en la Capital Federal, en repudio a la suspensi\u00f3n de un m\u00e9dico. Le solicitan al intendente de Esteban Echeverr\u00eda el \u201ccese con la persecuci\u00f3n gremial\u201d y critican las \u201cp\u00e9simas\u201d condiciones del hospital Santamarina. M\u00e9dicos nucleados en Comisi\u00f3n Interhospitalaria del Conurbano y\u2026","rel":"","context":"En \u00abSociedad\u00bb","block_context":{"text":"Sociedad","link":"https:\/\/www.24baires.com\/?cat=1"},"img":{"alt_text":"","src":"","width":0,"height":0},"classes":[]},{"id":105944,"url":"https:\/\/www.24baires.com\/?p=105944","url_meta":{"origin":5881,"position":1},"title":"Vidal orden\u00f3 atacar la olla popular de Cresta Roja y detener a vecinos","author":"AF","date":"14\/12\/2018","format":false,"excerpt":"La Polic\u00eda Bonaerense, que cumple \u00f3rdenes del Ejecutivo conducido por Mar\u00eda Eugenia Vidal, no s\u00f3lo reprimi\u00f3 a los trabajadores de la empresa av\u00edcola, sino que adem\u00e1s dispar\u00f3 sobre casas cercanas, golpe\u00f3 vecinos e inici\u00f3 una represi\u00f3n. La Polic\u00eda Bonaerense irrumpi\u00f3 en el barrio cercano a la planta av\u00edcola de Cresta\u2026","rel":"","context":"En \u00abSociedad\u00bb","block_context":{"text":"Sociedad","link":"https:\/\/www.24baires.com\/?cat=1"},"img":{"alt_text":"","src":"https:\/\/i0.wp.com\/www.24baires.com\/wp-content\/uploads\/2018\/12\/cresta-rojaa.jpg?resize=350%2C200","width":350,"height":200,"srcset":"https:\/\/i0.wp.com\/www.24baires.com\/wp-content\/uploads\/2018\/12\/cresta-rojaa.jpg?resize=350%2C200 1x, https:\/\/i0.wp.com\/www.24baires.com\/wp-content\/uploads\/2018\/12\/cresta-rojaa.jpg?resize=525%2C300 1.5x"},"classes":[]},{"id":51873,"url":"https:\/\/www.24baires.com\/?p=51873","url_meta":{"origin":5881,"position":2},"title":"Vecinos se manifiestan frente a la Municipalidad de Esteban Echeverr\u00eda","author":"GB","date":"15\/08\/2014","format":false,"excerpt":"Cortan una de las manos de la rotonda de la plaza de Monte Grande, hay caos vehicular. Reclaman obras h\u00eddricas. Ya se hab\u00edan manifestado por el mismo tema, pero cortando en otra oportunidad esta semana ambas manos de la ruta a la altura de Santos Vega por m\u00e1s de siete\u2026","rel":"","context":"En \u00abLocales\u00bb","block_context":{"text":"Locales","link":"https:\/\/www.24baires.com\/?cat=38"},"img":{"alt_text":"manifestacion","src":"https:\/\/i0.wp.com\/www.24baires.com\/wp-content\/uploads\/2014\/08\/manifestacion.jpg?resize=350%2C200","width":350,"height":200,"srcset":"https:\/\/i0.wp.com\/www.24baires.com\/wp-content\/uploads\/2014\/08\/manifestacion.jpg?resize=350%2C200 1x, https:\/\/i0.wp.com\/www.24baires.com\/wp-content\/uploads\/2014\/08\/manifestacion.jpg?resize=525%2C300 1.5x"},"classes":[]},{"id":33348,"url":"https:\/\/www.24baires.com\/?p=33348","url_meta":{"origin":5881,"position":3},"title":"Randazzo visit\u00f3 el nuevo  Paso Bajo Nivel de Esteban Echeverr\u00eda","author":"GB","date":"10\/10\/2013","format":false,"excerpt":"El Ministro del Interior y Transporte, Florencio Randazzo, visit\u00f3 hoy junto al intendente Fernando Gray, las obras de construcci\u00f3n de los tres Pasos Bajo Nivel que est\u00e1n en marcha en Esteban Echeverr\u00eda. Durante la recorrida Randazzo destac\u00f3 que \u201cestamos ejecutando un programa de construcci\u00f3n de 61 Pasos Bajo Nivel en\u2026","rel":"","context":"En \u00abLocales\u00bb","block_context":{"text":"Locales","link":"https:\/\/www.24baires.com\/?cat=38"},"img":{"alt_text":"Randazzo- esteban echeverria","src":"https:\/\/i0.wp.com\/www.24baires.com\/wp-content\/uploads\/2013\/10\/Randazzo-esteban-echeverria1.jpg?resize=350%2C200","width":350,"height":200,"srcset":"https:\/\/i0.wp.com\/www.24baires.com\/wp-content\/uploads\/2013\/10\/Randazzo-esteban-echeverria1.jpg?resize=350%2C200 1x, https:\/\/i0.wp.com\/www.24baires.com\/wp-content\/uploads\/2013\/10\/Randazzo-esteban-echeverria1.jpg?resize=525%2C300 1.5x"},"classes":[]},{"id":1473,"url":"https:\/\/www.24baires.com\/?p=1473","url_meta":{"origin":5881,"position":4},"title":"Esteban Echeverr\u00eda: aplican vacunas antigripales y VPH en forma gratuita","author":"AF","date":"09\/10\/2012","format":false,"excerpt":"En el marco de la Campa\u00f1a Nacional que promueve el Ministerio de Salud de la Naci\u00f3n, la Secretar\u00eda de Salud municipal vacuna gratuitamente a los vecinos del distrito. A partir de las 10 de la ma\u00f1ana de hoy martes, los habitantes de la ciudad bonaerense de Esteban Echeverr\u00eda, pueden aplicarse\u2026","rel":"","context":"En \u00abMunicipios\u00bb","block_context":{"text":"Municipios","link":"https:\/\/www.24baires.com\/?cat=44"},"img":{"alt_text":"","src":"","width":0,"height":0},"classes":[]},{"id":4171,"url":"https:\/\/www.24baires.com\/?p=4171","url_meta":{"origin":5881,"position":5},"title":"Reclamo de ATE en la municipalidad de Esteban Echeverr\u00eda para que se ayude a vecinos v\u00edctimas del temporal","author":"AF","date":"02\/11\/2012","format":false,"excerpt":"Miembros de la central obrera le reclaman a las autoridades comunales que resuelvan la situaci\u00f3n de los vecinos que \u201cperdieron todo\u201d por el intenso temporal del lunes. El secretario adjunto de ATE de la Provincia, Jorge Ravetti, indic\u00f3 que la negociaci\u00f3n est\u00e1 en un \u201ccuarto intermedio\u201d. Integrantes de la CTA\u2026","rel":"","context":"En \u00abLocales\u00bb","block_context":{"text":"Locales","link":"https:\/\/www.24baires.com\/?cat=38"},"img":{"alt_text":"","src":"","width":0,"height":0},"classes":[]}],"jetpack_sharing_enabled":true,"jetpack_likes_enabled":true,"_links":{"self":[{"href":"https:\/\/www.24baires.com\/index.php?rest_route=\/wp\/v2\/posts\/5881","targetHints":{"allow":["GET"]}}],"collection":[{"href":"https:\/\/www.24baires.com\/index.php?rest_route=\/wp\/v2\/posts"}],"about":[{"href":"https:\/\/www.24baires.com\/index.php?rest_route=\/wp\/v2\/types\/post"}],"author":[{"embeddable":true,"href":"https:\/\/www.24baires.com\/index.php?rest_route=\/wp\/v2\/users\/4"}],"replies":[{"embeddable":true,"href":"https:\/\/www.24baires.com\/index.php?rest_route=%2Fwp%2Fv2%2Fcomments&post=5881"}],"version-history":[{"count":3,"href":"https:\/\/www.24baires.com\/index.php?rest_route=\/wp\/v2\/posts\/5881\/revisions"}],"predecessor-version":[{"id":5899,"href":"https:\/\/www.24baires.com\/index.php?rest_route=\/wp\/v2\/posts\/5881\/revisions\/5899"}],"wp:attachment":[{"href":"https:\/\/www.24baires.com\/index.php?rest_route=%2Fwp%2Fv2%2Fmedia&parent=5881"}],"wp:term":[{"taxonomy":"category","embeddable":true,"href":"https:\/\/www.24baires.com\/index.php?rest_route=%2Fwp%2Fv2%2Fcategories&post=5881"},{"taxonomy":"post_tag","embeddable":true,"href":"https:\/\/www.24baires.com\/index.php?rest_route=%2Fwp%2Fv2%2Ftags&post=5881"}],"curies":[{"name":"wp","href":"https:\/\/api.w.org\/{rel}","templated":true}]}}