{"id":5876,"date":"2012-11-18T10:20:57","date_gmt":"2012-11-18T13:20:57","guid":{"rendered":"http:\/\/www.24baires.com\/?p=5876"},"modified":"2012-11-18T11:15:16","modified_gmt":"2012-11-18T14:15:16","slug":"se-realizo-la-40o-edicion-de-la-maraton-tandilia","status":"publish","type":"post","link":"https:\/\/www.24baires.com\/?p=5876","title":{"rendered":"Se realiz\u00f3 la 40\u00ba edici\u00f3n de la Marat\u00f3n Tandilia"},"content":{"rendered":"<p><strong>TANDIL &#8211; <\/strong>El atleta de Carmen de Patagones se qued\u00f3 con la edici\u00f3n 40 de Tandilia, la tradicional prueba atl\u00e9tica de Tandil que este a\u00f1o cont\u00f3 con r\u00e9cord de inscriptos. Segundo arrib\u00f3 Mariano Mastromarino (Mar del Plata) y complet\u00f3 el podio el olavarriense Gustavo Fern\u00e1ndez.<!--more--><\/p>\n<p>En damas, la ganadora fue la marplatense Mar\u00eda de los \u00c1ngeles Peralta, seguida por la tandilense Elisa Cobanea. Complet\u00f3 el podio Rosana Luisetti (Olavarr\u00eda).<\/p>\n","protected":false},"excerpt":{"rendered":"<p>TANDIL &#8211; El atleta de Carmen de Patagones se qued\u00f3 con la edici\u00f3n 40 de Tandilia, la tradicional prueba atl\u00e9tica de Tandil que este a\u00f1o cont\u00f3 con r\u00e9cord de inscriptos. Segundo arrib\u00f3 Mariano Mastromarino (Mar del Plata) y complet\u00f3 el podio el olavarriense Gustavo Fern\u00e1ndez.<\/p>\n","protected":false},"author":4,"featured_media":0,"comment_status":"open","ping_status":"open","sticky":false,"template":"","format":"standard","meta":{"_jetpack_newsletter_access":"","_jetpack_dont_email_post_to_subs":false,"_jetpack_newsletter_tier_id":0,"_jetpack_memberships_contains_paywalled_content":false,"_jetpack_memberships_contains_paid_content":false,"footnotes":""},"categories":[38],"tags":[],"class_list":["post-5876","post","type-post","status-publish","format-standard","hentry","category-locales"],"jetpack_featured_media_url":"","jetpack_shortlink":"https:\/\/wp.me\/p2JWE0-1wM","jetpack-related-posts":[{"id":5377,"url":"https:\/\/www.24baires.com\/?p=5377","url_meta":{"origin":5876,"position":0},"title":"Tandil se prepara para la 40\u00ba edici\u00f3n de su Marat\u00f3n","author":"AF","date":"14\/11\/2012","format":false,"excerpt":"Este domingo se correr\u00e1 la 40\u00aa edici\u00f3n de la Marat\u00f3n Tandilia. Ser\u00e1n 11.111 metros cruzando la ciudad, desde La Movediza, hasta el Lago, pasando por El Calvario y el Parque Independencia. La cita es el domingo, al pie de la piedra movediza. La cl\u00e1sica carrera de Tandilia -que llega a\u2026","rel":"","context":"En \u00abLocales\u00bb","block_context":{"text":"Locales","link":"https:\/\/www.24baires.com\/?cat=38"},"img":{"alt_text":"","src":"","width":0,"height":0},"classes":[]},{"id":35745,"url":"https:\/\/www.24baires.com\/?p=35745","url_meta":{"origin":5876,"position":1},"title":"El 40% de los turistas eligi\u00f3 como destino un lugar de la Provincia","author":"AF","date":"26\/11\/2013","format":false,"excerpt":"Mientras el regreso a casa despu\u00e9s del fin de semana largo fue lento y con picos de 2600 veh\u00edculos por hora en el peaje Samboromb\u00f3n de la Autov\u00eda 2, el receso tuvo a la provincia de Buenos Aires como protagonista con muy alta ocupaci\u00f3n en algunos destinos y alrededor del\u2026","rel":"","context":"En \u00abSociedad\u00bb","block_context":{"text":"Sociedad","link":"https:\/\/www.24baires.com\/?cat=1"},"img":{"alt_text":"costa","src":"https:\/\/i0.wp.com\/www.24baires.com\/wp-content\/uploads\/2012\/11\/costa.jpg?resize=350%2C200","width":350,"height":200,"srcset":"https:\/\/i0.wp.com\/www.24baires.com\/wp-content\/uploads\/2012\/11\/costa.jpg?resize=350%2C200 1x, https:\/\/i0.wp.com\/www.24baires.com\/wp-content\/uploads\/2012\/11\/costa.jpg?resize=525%2C300 1.5x"},"classes":[]},{"id":98514,"url":"https:\/\/www.24baires.com\/?p=98514","url_meta":{"origin":5876,"position":2},"title":"Decretaron la emergencia h\u00eddrica en 21 distritos bonaerenses","author":"AF","date":"02\/11\/2017","format":false,"excerpt":"El Gobierno bonaerense declar\u00f3 el estado de emergencia h\u00eddrica por 18 meses para 21 distritos bonaerenses, afectados por las inundaciones que desde principios de a\u00f1o castigan a buena parte del campo de la provincia de Buenos Aires. A trav\u00e9s de un decreto, el Gobierno concedi\u00f3 la emergencia para los distritos\u2026","rel":"","context":"En \u00abProvincia\u00bb","block_context":{"text":"Provincia","link":"https:\/\/www.24baires.com\/?cat=40"},"img":{"alt_text":"","src":"https:\/\/i0.wp.com\/www.24baires.com\/wp-content\/uploads\/2017\/01\/inundaci%C3%B3n.png?resize=350%2C200","width":350,"height":200,"srcset":"https:\/\/i0.wp.com\/www.24baires.com\/wp-content\/uploads\/2017\/01\/inundaci%C3%B3n.png?resize=350%2C200 1x, https:\/\/i0.wp.com\/www.24baires.com\/wp-content\/uploads\/2017\/01\/inundaci%C3%B3n.png?resize=525%2C300 1.5x"},"classes":[]},{"id":39521,"url":"https:\/\/www.24baires.com\/?p=39521","url_meta":{"origin":5876,"position":3},"title":"Lober\u00eda, a un pasito del 123\u00b0 Aniversario","author":"Grupo Sierra","date":"30\/01\/2014","format":false,"excerpt":"La intendente de dicha localidad, Diana Arg\u00fcello, consider\u00f3 que \"somos un distrito bendecido por todas las bellezas naturales que tenemos\". La ciudad de Lober\u00eda celebrar\u00e1 ma\u00f1ana su 123\u00b0 Aniversario con la presencia de Sandra MIhanovich como artista central en el festejo popular que se llevar\u00e1 adelante en el escenario mayor\u2026","rel":"","context":"En \u00abLocales\u00bb","block_context":{"text":"Locales","link":"https:\/\/www.24baires.com\/?cat=38"},"img":{"alt_text":"","src":"","width":0,"height":0},"classes":[]},{"id":2900,"url":"https:\/\/www.24baires.com\/?p=2900","url_meta":{"origin":5876,"position":4},"title":"Jairo cerr\u00f3 el 1\u00ba Festival de la Familia en Tandil","author":"AF","date":"22\/10\/2012","format":false,"excerpt":"Miles de personas coparon el Anfiteatro Municipal \u201cMart\u00edn Fierro\u201d, donde este domingo se desarroll\u00f3 la primera edici\u00f3n del Festival de la Familia, organizado por el Municipio de Tandil y financiado por un grupo de importantes empresas de la ciudad. Desde temprano el p\u00fablico se fue acercando, aprovechando el agradable domingo\u2026","rel":"","context":"En \u00abLocales\u00bb","block_context":{"text":"Locales","link":"https:\/\/www.24baires.com\/?cat=38"},"img":{"alt_text":"","src":"https:\/\/i0.wp.com\/www.24baires.com\/wp-content\/uploads\/2012\/10\/jairo-tandil1-300x200.jpg?resize=350%2C200","width":350,"height":200},"classes":[]},{"id":16102,"url":"https:\/\/www.24baires.com\/?p=16102","url_meta":{"origin":5876,"position":5},"title":"Contin\u00faa abierta la Inscripci\u00f3n para el Desaf\u00edo 48 Hs. Tandil de Cine","author":"AF","date":"19\/02\/2013","format":false,"excerpt":"La II Edici\u00f3n del Desaf\u00edo 48hs comenzar\u00e1 el 11 de abril de 2013 y la ciudad de Tandil se convertir\u00e1 en un gran set de filmaci\u00f3n, en donde diez equipos de trabajo filmar\u00e1n y editar\u00e1n cortometrajes en s\u00f3lo dos d\u00edas y en simult\u00e1neo. 2\u00ba Desaf\u00edo 48hs es una competencia que\u2026","rel":"","context":"En \u00abLocales\u00bb","block_context":{"text":"Locales","link":"https:\/\/www.24baires.com\/?cat=38"},"img":{"alt_text":"","src":"","width":0,"height":0},"classes":[]}],"jetpack_sharing_enabled":true,"jetpack_likes_enabled":true,"_links":{"self":[{"href":"https:\/\/www.24baires.com\/index.php?rest_route=\/wp\/v2\/posts\/5876","targetHints":{"allow":["GET"]}}],"collection":[{"href":"https:\/\/www.24baires.com\/index.php?rest_route=\/wp\/v2\/posts"}],"about":[{"href":"https:\/\/www.24baires.com\/index.php?rest_route=\/wp\/v2\/types\/post"}],"author":[{"embeddable":true,"href":"https:\/\/www.24baires.com\/index.php?rest_route=\/wp\/v2\/users\/4"}],"replies":[{"embeddable":true,"href":"https:\/\/www.24baires.com\/index.php?rest_route=%2Fwp%2Fv2%2Fcomments&post=5876"}],"version-history":[{"count":1,"href":"https:\/\/www.24baires.com\/index.php?rest_route=\/wp\/v2\/posts\/5876\/revisions"}],"predecessor-version":[{"id":5877,"href":"https:\/\/www.24baires.com\/index.php?rest_route=\/wp\/v2\/posts\/5876\/revisions\/5877"}],"wp:attachment":[{"href":"https:\/\/www.24baires.com\/index.php?rest_route=%2Fwp%2Fv2%2Fmedia&parent=5876"}],"wp:term":[{"taxonomy":"category","embeddable":true,"href":"https:\/\/www.24baires.com\/index.php?rest_route=%2Fwp%2Fv2%2Fcategories&post=5876"},{"taxonomy":"post_tag","embeddable":true,"href":"https:\/\/www.24baires.com\/index.php?rest_route=%2Fwp%2Fv2%2Ftags&post=5876"}],"curies":[{"name":"wp","href":"https:\/\/api.w.org\/{rel}","templated":true}]}}