{"id":5873,"date":"2012-11-18T10:04:01","date_gmt":"2012-11-18T13:04:01","guid":{"rendered":"http:\/\/www.24baires.com\/?p=5873"},"modified":"2012-11-18T11:08:19","modified_gmt":"2012-11-18T14:08:19","slug":"caso-heit-el-intendente-de-suarez-podria-ser-investigado-por-manipulacion-de-pruebas","status":"publish","type":"post","link":"https:\/\/www.24baires.com\/?p=5873","title":{"rendered":"Caso Heit: el intendente de Su\u00e1rez podr\u00eda ser investigado por &#8216;manipulaci\u00f3n&#8217; de pruebas"},"content":{"rendered":"<p><img data-recalc-dims=\"1\" loading=\"lazy\" decoding=\"async\" class=\"alignleft size-medium wp-image-5874\" title=\"heit\" src=\"https:\/\/i0.wp.com\/www.24baires.com\/wp-content\/uploads\/2012\/11\/heit1.jpg?resize=300%2C219\" alt=\"\" width=\"300\" height=\"219\" srcset=\"https:\/\/i0.wp.com\/www.24baires.com\/wp-content\/uploads\/2012\/11\/heit1.jpg?resize=300%2C219&amp;ssl=1 300w, https:\/\/i0.wp.com\/www.24baires.com\/wp-content\/uploads\/2012\/11\/heit1.jpg?w=560&amp;ssl=1 560w\" sizes=\"auto, (max-width: 300px) 100vw, 300px\" \/>El Intendente de Coronel Su\u00e1rez, Ricardo Moccero, podr\u00eda ser investigado por la Justicia bahiense por haber manipulado evidencia importante del caso policial que conmocion\u00f3 a todo el pa\u00eds la \u00faltima semana.<!--more--><\/p>\n<p>Fuentes judiciales calificaron de \u201clamentable y vergonzosa\u201d la actuaci\u00f3n de Ricardo Moccero en relaci\u00f3n a la detenci\u00f3n de Jes\u00fas Olivera y Estefan\u00eda Heit por el supuesto secuestro de Sonia Molina.<\/p>\n<p>\u201cEl jefe comunal de Su\u00e1rez dijo que vio los videos que comprometer\u00edan a la pareja, recorri\u00f3 la casa donde se habr\u00edan producido los hechos, se entrevist\u00f3 durante horas con la v\u00edctima y hasta quiso filmarla en la cama del hospital\u201d, indic\u00f3 el informante.<\/p>\n<p>Y agreg\u00f3 que \u201cy como si fuera poco hasta tuvo el tupe de ordenar que Sonia fuera trasladada a un hospital de Bah\u00eda. Por suerte, cuando la fiscal del caso se enter\u00f3 de la disparatada maniobra del Intendente, lo desautoriz\u00f3\u201d.<\/p>\n<p>Durante este fin de semana, en la Justicia ya se analizaba iniciar una causa paralela para que se determine si las acciones emprendidas por Moccero interfirieron en la investigaci\u00f3n judicial.<\/p>\n<p>\u201cSi este se\u00f1or -por el Intendente- tom\u00f3 conocimiento de la prueba antes que la fiscal, podr\u00eda tener serios problemas y hasta se podr\u00eda en riesgo el futuro de la investigaci\u00f3n\u201d, describieron.<\/p>\n<p>Por lo pronto, la fiscal Lorenzo les pedir\u00e1 explicaciones, y eventualmente sanciones, a los m\u00e1ximos responsables de la polic\u00eda de Su\u00e1rez por los groseros errores durante la instrucci\u00f3n y por la flagrante intromisi\u00f3n del poder pol\u00edtico en el caso.<\/p>\n<p>\u201cMoccero y parte de su gabinete no s\u00f3lo se dedicaron a salir en los medios nacionales como una especie de justicieros, sino que aparentemente tuvieron una injerencia directa sobre el desempe\u00f1o del comisario Rub\u00e9n Fern\u00e1ndez\u201d, concluy\u00f3 el vocero.<\/p>\n<p>Por ahora, la prioridad sigue siendo la causa principal, en la que se trata de establecer qu\u00e9 ocurri\u00f3 con Sonia Molina.<\/p>\n<p>De todas maneras, desde la UFIJ a cargo del caso, est\u00e1n preocupados porque la \u201cmanipulaci\u00f3n y contaminaci\u00f3n\u201d de evidencias en las que pudo incurrir el Intendente es considerado un hecho grave y que puede desembocar en futuras nulidades que podr\u00edan ser pedida por los abogados defensores de los imputados.<\/p>\n","protected":false},"excerpt":{"rendered":"<p>El Intendente de Coronel Su\u00e1rez, Ricardo Moccero, podr\u00eda ser investigado por la Justicia bahiense por haber manipulado evidencia importante del caso policial que conmocion\u00f3 a todo el pa\u00eds la \u00faltima semana.<\/p>\n","protected":false},"author":4,"featured_media":0,"comment_status":"open","ping_status":"open","sticky":false,"template":"","format":"standard","meta":{"_jetpack_newsletter_access":"","_jetpack_dont_email_post_to_subs":false,"_jetpack_newsletter_tier_id":0,"_jetpack_memberships_contains_paywalled_content":false,"_jetpack_memberships_contains_paid_content":false,"footnotes":""},"categories":[38],"tags":[],"class_list":["post-5873","post","type-post","status-publish","format-standard","hentry","category-locales"],"jetpack_featured_media_url":"","jetpack_shortlink":"https:\/\/wp.me\/p2JWE0-1wJ","jetpack-related-posts":[{"id":42638,"url":"https:\/\/www.24baires.com\/?p=42638","url_meta":{"origin":5873,"position":0},"title":"Heit dijo que investigaba al intendente de Coronel Su\u00e1rez cuando la arrestaron","author":"Grupo Sierra","date":"23\/03\/2014","format":false,"excerpt":"Desde la c\u00e1rcel de Villa Floresta, la periodista Estefan\u00eda Heit, acusada de secuestrar junto a su pareja, el pastor Jes\u00fas Olivera, a Sonia Marisol Molina en Coronel Su\u00e1rez, habl\u00f3 sobre una supuesta investigaci\u00f3n de narcotr\u00e1fico que inclu\u00eda al intendente Moccero. La periodista Estefan\u00eda Heit declar\u00f3 que al momento de su\u2026","rel":"","context":"En \u00abPoliciales\u00bb","block_context":{"text":"Policiales","link":"https:\/\/www.24baires.com\/?cat=49"},"img":{"alt_text":"heit presa","src":"https:\/\/i0.wp.com\/www.24baires.com\/wp-content\/uploads\/2013\/01\/heit-presa.jpg?resize=350%2C200","width":350,"height":200},"classes":[]},{"id":6096,"url":"https:\/\/www.24baires.com\/?p=6096","url_meta":{"origin":5873,"position":1},"title":"Caso Heit: por la intromisi\u00f3n de Moccero, sancionan a jefes policiales","author":"AF","date":"20\/11\/2012","format":false,"excerpt":"La fiscal Claudia Lorenzo solicit\u00f3 formalmente sanciones para las m\u00e1ximas autoridades policiales que intervinieron en el Caso Heit de Coronel Su\u00e1rez. La medida es consecuencia directa de las filtraciones y la manipulaci\u00f3n de pruebas evidenciadas por parte del intendente Ricardo Moccero. En la Justicia bahiense caus\u00f3 disgusto y malestar que\u2026","rel":"","context":"En \u00abLocales\u00bb","block_context":{"text":"Locales","link":"https:\/\/www.24baires.com\/?cat=38"},"img":{"alt_text":"","src":"https:\/\/i0.wp.com\/www.24baires.com\/wp-content\/uploads\/2012\/11\/heit2-300x219.jpg?resize=350%2C200","width":350,"height":200},"classes":[]},{"id":5978,"url":"https:\/\/www.24baires.com\/?p=5978","url_meta":{"origin":5873,"position":2},"title":"Caso Heit: Moccero neg\u00f3 haber manipulado pruebas y denunci\u00f3 campa\u00f1a en su contra","author":"AF","date":"19\/11\/2012","format":false,"excerpt":"El intendente de Coronel Su\u00e1rez, Ricardo Moccero, sali\u00f3 a brindar explicaciones y dijo que nunca interfiri\u00f3 en la investigaci\u00f3n del Caso Heit y desliz\u00f3 que se tratar\u00eda de un complot del Grupo Clar\u00edn para desprestigiarlo. M\u00e1s all\u00e1 de los argumentos defensistas del jefe comunal, La Br\u00fajula 24 ratifica la informaci\u00f3n\u2026","rel":"","context":"En \u00abMunicipios\u00bb","block_context":{"text":"Municipios","link":"https:\/\/www.24baires.com\/?cat=44"},"img":{"alt_text":"","src":"","width":0,"height":0},"classes":[]},{"id":5280,"url":"https:\/\/www.24baires.com\/?p=5280","url_meta":{"origin":5873,"position":3},"title":"La periodista de Cablevisi\u00f3n acusada de abuso dijo que era \u00abamiga de la v\u00edctima\u00bb","author":"Grupo Sierra","date":"13\/11\/2012","format":false,"excerpt":"CORONEL SUAREZ - La periodista Estefan\u00eda Heit, acusada junto a su pareja de haber secuestrado, golpeado y abusado sexualmente de una mujer durante m\u00e1s de tres meses en Coronel Su\u00e1rez, neg\u00f3 las imputaciones. En el marco de la investigaci\u00f3n, se encontraba pr\u00f3fugo el esposo de la acusada, imputado de los\u2026","rel":"","context":"En \u00abPoliciales\u00bb","block_context":{"text":"Policiales","link":"https:\/\/www.24baires.com\/?cat=49"},"img":{"alt_text":"","src":"","width":0,"height":0},"classes":[]},{"id":47121,"url":"https:\/\/www.24baires.com\/?p=47121","url_meta":{"origin":5873,"position":4},"title":"Sonia Molina: \u00abHeit y Olivera me obligaron a vender dos veces mi casa\u00bb","author":"AF","date":"31\/05\/2014","format":false,"excerpt":"Despu\u00e9s de las condenas a Estefan\u00eda Heit, periodista, y Jes\u00fas Olivera, falso pastor, por mantenerla cautiva y someterla a servidumbre, Molina ahora afronta dos causas por estafa en Choele Choel. A Sonia Molina la redujeron a la servidumbre, la torturaron, la abusaron sexualmente, y la hicieron pasar hambre y sed\u2026","rel":"","context":"En \u00abLocales\u00bb","block_context":{"text":"Locales","link":"https:\/\/www.24baires.com\/?cat=38"},"img":{"alt_text":"heit olivera molina","src":"https:\/\/i0.wp.com\/www.24baires.com\/wp-content\/uploads\/2014\/05\/heit-olivera-molina.jpg?resize=350%2C200","width":350,"height":200,"srcset":"https:\/\/i0.wp.com\/www.24baires.com\/wp-content\/uploads\/2014\/05\/heit-olivera-molina.jpg?resize=350%2C200 1x, https:\/\/i0.wp.com\/www.24baires.com\/wp-content\/uploads\/2014\/05\/heit-olivera-molina.jpg?resize=525%2C300 1.5x"},"classes":[]},{"id":15030,"url":"https:\/\/www.24baires.com\/?p=15030","url_meta":{"origin":5873,"position":5},"title":"Eval\u00faan la posibilidad de que Estefan\u00eda Heit contin\u00fae detenida en la casa de su madre","author":"AF","date":"08\/02\/2013","format":false,"excerpt":"CORONEL SU\u00c1REZ - En las \u00faltimas horas se realizaron estudios socioambientales en la casa de la madre de Estefan\u00eda Heit, en Coronel Su\u00e1rez, lugar donde pretenden que la periodista acusada de atentar contra la libertad de Sonia Molina, contin\u00fae con su prisi\u00f3n. Seg\u00fan cont\u00f3 el abogado defensor Mariano Jara, la\u2026","rel":"","context":"En \u00abLocales\u00bb","block_context":{"text":"Locales","link":"https:\/\/www.24baires.com\/?cat=38"},"img":{"alt_text":"","src":"","width":0,"height":0},"classes":[]}],"jetpack_sharing_enabled":true,"jetpack_likes_enabled":true,"_links":{"self":[{"href":"https:\/\/www.24baires.com\/index.php?rest_route=\/wp\/v2\/posts\/5873","targetHints":{"allow":["GET"]}}],"collection":[{"href":"https:\/\/www.24baires.com\/index.php?rest_route=\/wp\/v2\/posts"}],"about":[{"href":"https:\/\/www.24baires.com\/index.php?rest_route=\/wp\/v2\/types\/post"}],"author":[{"embeddable":true,"href":"https:\/\/www.24baires.com\/index.php?rest_route=\/wp\/v2\/users\/4"}],"replies":[{"embeddable":true,"href":"https:\/\/www.24baires.com\/index.php?rest_route=%2Fwp%2Fv2%2Fcomments&post=5873"}],"version-history":[{"count":1,"href":"https:\/\/www.24baires.com\/index.php?rest_route=\/wp\/v2\/posts\/5873\/revisions"}],"predecessor-version":[{"id":5875,"href":"https:\/\/www.24baires.com\/index.php?rest_route=\/wp\/v2\/posts\/5873\/revisions\/5875"}],"wp:attachment":[{"href":"https:\/\/www.24baires.com\/index.php?rest_route=%2Fwp%2Fv2%2Fmedia&parent=5873"}],"wp:term":[{"taxonomy":"category","embeddable":true,"href":"https:\/\/www.24baires.com\/index.php?rest_route=%2Fwp%2Fv2%2Fcategories&post=5873"},{"taxonomy":"post_tag","embeddable":true,"href":"https:\/\/www.24baires.com\/index.php?rest_route=%2Fwp%2Fv2%2Ftags&post=5873"}],"curies":[{"name":"wp","href":"https:\/\/api.w.org\/{rel}","templated":true}]}}