{"id":58720,"date":"2014-12-16T15:00:30","date_gmt":"2014-12-16T18:00:30","guid":{"rendered":"http:\/\/www.24baires.com\/?p=58720"},"modified":"2014-12-16T13:53:34","modified_gmt":"2014-12-16T16:53:34","slug":"greenverso","status":"publish","type":"post","link":"https:\/\/www.24baires.com\/?p=58720","title":{"rendered":"GreenVerso"},"content":{"rendered":"<p><img data-recalc-dims=\"1\" loading=\"lazy\" decoding=\"async\" class=\"aligncenter size-full wp-image-58494\" src=\"https:\/\/i0.wp.com\/www.24baires.com\/wp-content\/uploads\/2014\/12\/reserva_natural_puerto_mar_del_plata-laguna.jpg?resize=560%2C420\" alt=\"reserva_natural_puerto_mar_del_plata laguna\" width=\"560\" height=\"420\" srcset=\"https:\/\/i0.wp.com\/www.24baires.com\/wp-content\/uploads\/2014\/12\/reserva_natural_puerto_mar_del_plata-laguna.jpg?w=560&amp;ssl=1 560w, https:\/\/i0.wp.com\/www.24baires.com\/wp-content\/uploads\/2014\/12\/reserva_natural_puerto_mar_del_plata-laguna.jpg?resize=300%2C225&amp;ssl=1 300w\" sizes=\"auto, (max-width: 560px) 100vw, 560px\" \/>En los \u00faltimos d\u00edas se festej\u00f3 con mucha pompa lo que se present\u00f3 como \u201cel final de una vieja disputa\u201d al anunciar que se hab\u00eda aprobado la provincializaci\u00f3n de la Reserva Puerto Mar del Plata, que finalmente no estar\u00eda a merced de las oscuras intenciones del club Aldosivi.<!--more--><\/p>\n<p>Nadie advirti\u00f3 que quienes festejaron fueron los mismos que desde alg\u00fan escritorio entregaron la Reserva para que Aldosivi la lleve a su actual grado de deterioro y que ahora quedar\u00e1n al margen de alg\u00fan cuestionamiento judicial por serias omisiones en sus funciones.<\/p>\n<p>Hace ya algunos a\u00f1os, el predio que era de Gas del Estado junto a la Reserva, fue cedido en comodato por 30 a\u00f1os al Club Aldosivi, que ya la usufructuaba en plazos que venc\u00edan cada 3 a\u00f1os y por lo tanto le imped\u00edan al club encarar obras que no sab\u00edan si se iban a poder continuar utilizando en plazos tan exiguos.<\/p>\n<p>Inmediatamente el club trajo camiones y topadoras y arras\u00f3 la flora y la fauna, no s\u00f3lo del sector que se le hab\u00eda cedido, sino de uno a\u00fan m\u00e1s amplio que llega hasta la Avenida de los Trabajadores. De inmediato los vecinos y distintas agrupaciones presentaron recursos para que la Reserva Puerto no fuera avasallada. Se suscit\u00f3 el tradicional problema de jurisdicciones propiciado por los pol\u00edticos que luego, cuando se presenta este problema, se muestran tan sorprendidos como inm\u00f3viles a la hora de resolverlo.<\/p>\n<p>Mientras los funcionarios paraban la pelota y se fijaban de qu\u00e9 se trataba el tema, Aldosivi destru\u00eda el medio ambiente en una especie de blitzkrieg.<\/p>\n<p>La Reserva estaba consagrada como tal por una ordenanza de la municipalidad de General Pueyrredon aprobada con la promesa de que habr\u00eda una ley provincial ulterior que copiar\u00eda, m\u00e1s o menos textualmente, sus conceptos. Abarcaba toda esa \u00e1rea al sur del Puerto y todos los espacios verdes y lacustres de Punta Mogotes hasta Waikiki o Punta Cantera. Aldosivi desconoc\u00eda la injerencia municipal sobre el sector, pese a que un anterior fallo que por otro motivo emiti\u00f3 la Corte Suprema, declaraba a la Municipalidad \u201ccon poder de polic\u00eda\u201d y quien deb\u00eda hacer cumplir la legislaci\u00f3n vigente en el lugar.<\/p>\n<p>Nada hizo desde ese momento el municipio, ni el intendente Pulti ni tantos de sus funcionarios, para frenar el desastre ambiental.<\/p>\n<p>Tampoco el Organismo Provincial para el Desarrollo Sustentable.<\/p>\n<p>Greenpeace dijo en ese momento que \u201cten\u00eda otras prioridades\u201d.<\/p>\n<p>Se sucedieron lances judiciales, altercados con barrabravas del club, denuncias, amenazas, etc.<\/p>\n<p>Aldosivi sosten\u00eda que toda la Reserva era \u201cun charco hediondo lleno de aguas servidas, pastos crecidos y donde se suced\u00edan violaciones entre gente que se drogaba y viv\u00eda all\u00ed subrepticiamente\u201d y que por lo tanto ellos \u201clo estaban dejando hermoso\u201d y haci\u00e9ndole un bien a la ciudad, cuyos ni\u00f1os tendr\u00edan un lugar para practicar deporte lejos de las tentaciones de la calle.<\/p>\n<p>No hubo un funcionario que jugara a favor del medio ambiente, pese a los innumerables estudios, documentos, fotos, libros y testimonios que sostienen que ese lugar es un humedal \u00fanico en la provincia. Aldosivi y su dirigencia, en el paroxismo de la ignorancia sosten\u00eda que las fotos de aves en la Reserva \u201ceran sacadas de enciclopedias de otros pa\u00edses\u201d.<\/p>\n<p>Peor a\u00fan: en febrero de 2011, en plena pol\u00e9mica por la destrucci\u00f3n, el gobernador Scioli aterrizaba su helic\u00f3ptero en el predio de Aldosivi donde, junto al intendente Pulti, el hoy concejal y exdiputado provincial, autor del proyecto de cesi\u00f3n del predio a Aldosivi, Daniel Rodriguez, Horacio Tettamanti, hoy funcionario nacional y detractor de la Reserva y el fallecido Eduardo Pezatti departieron amablemente con el presidente del club y magnate de la siempre vidriosa industria pesquera, Jos\u00e9 Moscuzza.<\/p>\n<p>Una provocaci\u00f3n innecesaria.<\/p>\n<p>Mientras tanto, Aldosivi continuaba con las obras que incluyeron el rellenado de la laguna de la Reserva con escombros provenientes de la obra de las torres del arquitecto C\u00e9sar Pelli en Playa Chica. Camiones de la empresa LuvialMaq iban y ven\u00edan trayendo todo el tiempo las rocas que le quitaron a la laguna una considerable superficie.<\/p>\n<p>Algo que se hizo a la vista de todos, que es visible dado el borde recto que ahora ostenta la laguna y que el club niega sistem\u00e1tica y c\u00ednicamente.<\/p>\n<p>Canchas de f\u00fatbol, de entrenamiento, peque\u00f1as tribunas, instalaciones de riego, de gas y cloacales y columnas de alumbrado pueden verse hoy donde antes cientos de especies de aves migratorias hac\u00edan sus nidos.<\/p>\n<p>El predio que Aldosivi hab\u00eda arrasado por fuera del adjudicado por la ley, seg\u00fan se supo, hab\u00eda sido donado por el Consorcio Portuario en un tr\u00e1mite muy oscuro: es l\u00f3gico que, si para cederle el predio inicial se precis\u00f3 una ley provincial, no es posible que un consorcio se atribuya funciones supraparlamentarias.<\/p>\n<p>Por supuesto, Aldosivi no aprob\u00f3 la correspondiente Evaluaci\u00f3n de Impacto Ambiental. Primero present\u00f3 unos papeles de contenido inconsistente y cuando le fue exigido un estudio serio, no pudo obtener la aprobaci\u00f3n. Pero nadie clausur\u00f3 sus obras, que segu\u00edan d\u00eda tras d\u00eda. Hicieron falta dos fallos de la Justicia instando a esta acci\u00f3n, y sin embargo, nadie en el Municipio de General Pueyrredon, ni en la Provincia, ni en ninguna oficina movi\u00f3 un dedo para cumplir el mandato judicial.<\/p>\n<p>La trama de corruptelas y el escaso esc\u00e1ndalo que despert\u00f3 s\u00f3lo es explicable en lo poco que importan algunos sectores de la ciudad a los mismos marplatenses.<\/p>\n<p>Desde los medios, todos los esfuerzos fueron tibios o al menos, inconstantes. El periodista promedio juzga imprescindible en estos casos expresarse con objetividad, informar con responsabilidad, con mesura, con seriedad y todo eso que no demuestra cuando se transforma en un hincha m\u00e1s e informa de los resultados deportivos del club.<\/p>\n<p>El problema no era con el club en tanto instituci\u00f3n deportiva, pero para algunos informadores, la mezcla no fue involuntaria.<\/p>\n<p>Con la Evaluaci\u00f3n de Impacto Ambiental desaprobada, la situaci\u00f3n del club no era muy c\u00f3moda. Sin embargo, el responsable del \u00e1rea ambiental del municipio de General Pueyrredon asegur\u00f3 en los medios que Aldosivi \u201chab\u00eda sido ambientalmente responsable\u201d.<\/p>\n<p>Cuando algunos funcionarios empezaban a ser pasibles de ser indagados por la Justicia por su inacci\u00f3n en el tema, apareci\u00f3 la tabla salvadora del proyecto de ley.<\/p>\n<p>Una ley que parece sancionar a la v\u00edctima y no toca al victimario.<\/p>\n<p>Y ah\u00ed si, aparece Greenpeace, a ocupar el lugar \u201cde lucha\u201d que hab\u00edan sostenido los vecinos pagando de sus propios bolsillos a car\u00edsimos abogados, para peinarse y salir en una foto en la que nunca figuraron, ni quisieron estarlo: ahora la cosa era \u201cLa Provincia contra Greenpeace\u201d.<\/p>\n<p>Por empezar, la ley recorta lo establecido en la ordenanza original. Es menos amplia, ya que s\u00f3lo incluye como Reserva a una cierta \u00e1rea al sur del puerto, pero no a los espacios verdes y lacustres frente a los balnearios de Punta Mogotes, dejando los mismos a merced de las intenciones comerciales de algunos legisladores del oficialismo provincial y que se hab\u00edan logrado disipar en ocasiones anteriores por imperio de la ordenanza.<\/p>\n<p>Tambi\u00e9n, al no ser tomado ese sector como Reserva, el municipio de General Pueyrred\u00f3n no precisar\u00e1 de inc\u00f3modas excepciones al C\u00f3digo de Ordenamiento Territorial para permitir levantar edificios sobre la costa que echen sombra sobre el sector verde, tal cual demandaba la ordenanza.<\/p>\n<p>Ya sabemos, una mano lava la otra\u2026<\/p>\n<p>Pero por sobretodo, consagrar a un sector de la primitiva Reserva como tal y dejar afuera de esa consideraci\u00f3n al predio ocupado por el club, le permitir\u00e1 al mismo aprobar la Evaluaci\u00f3n de Impacto Ambiental cuando no, obviar este tr\u00e1mite, en tanto se ha morigerado su condici\u00f3n. Es cierto que la ley declara a Aldosivi \u201cRefugio de vida silvestre\u201d, pero si nunca respet\u00f3 una clasificaci\u00f3n de \u201cReserva\u201d, jam\u00e1s lo har\u00e1 con una calificaci\u00f3n ambigua de menor cuant\u00eda, y en caso de que la ley plantee un \u201csector gris\u201d de dif\u00edcil comprensi\u00f3n, siempre habr\u00e1 abogados trajeados y jueces sol\u00edcitos dispuestos a otorgar inclaudicables recursos de amparo.<\/p>\n<p>Pero peor a\u00fan: la ley crea un \u201ccomit\u00e9 de gesti\u00f3n\u201d de la Reserva, integrado por la Municipalidad de General Pueyrredon y organismos provinciales competentes, es decir, quienes en todo momento ningunearon toda acci\u00f3n tendiente a cumplir los fallos a favor de la Reserva. Algunos respirar\u00e1n aliviados al ver que la ley prev\u00e9 integrar a los vecinos a este comit\u00e9. Si leen dos veces, ver\u00e1n que las sociedades civiles que puede integrar este comit\u00e9 deber\u00e1n tener \u201cpersoner\u00eda jur\u00eddica\u201d, es decir, los vecinos quedaron una vez mas afuera, porque salvo Greenpeace, que acaba de da\u00f1ar las l\u00edneas de Nazca, en Per\u00fa, no estar\u00e1n autorizados a actuar en este caso.<\/p>\n<p>Greenpeace, la organizaci\u00f3n que tiempo antes de tratarse la ley, asegur\u00f3 que Aldosivi \u201chac\u00eda meses\u201d que hab\u00eda paralizado las obras en la Reserva y que cuando demostramos con filmaciones que la topadora segu\u00eda trabajando d\u00eda a d\u00eda, culp\u00f3 privadamente de la declaraci\u00f3n a un voluntario, un segund\u00f3n que parece tener un f\u00e1cil contacto con la prensa como para desacreditar a semejante organizaci\u00f3n.<\/p>\n<p>Esto es lo que los ambientalistas festejan aliviados. Ninguna sanci\u00f3n hacia el club. La legitimaci\u00f3n de lo hecho al medio ambiente y la promesa de que lo que qued\u00f3 del lugar, aquello que Aldosivi a\u00fan no da\u00f1\u00f3 eso s\u00ed, es una Reserva.<\/p>\n<p>Digamos que para los funcionarios provinciales, el concepto de Reserva como algo sobrante, est\u00e1 bastante devaluado.<\/p>\n<p>Funcionarios municipales, provinciales y, nada menos que Greenpeace se abrazan y felicitan en una fiesta de cuyos gastos son los responsables y en la que la verdad, cuando se vuelvan a subir a sus helic\u00f3pteros para ir a fingir que discuten por otro tema, qued\u00f3 afuera.<\/p>\n<p>Es decir, ahora es oficialmente Reserva aquello que nunca fue cuestionado como tal, mientras que lo que s\u00ed fue cuestionado, arrasado y destruido no lo es. Pero, aquel que posee esa parte que desde ahora no es \u201cReserva\u201d y que era el verdadero problema sobre la legitimidad de su apropiaci\u00f3n y desmanejo, deber\u00e1 cumplir con recaudos ambientales que nunca cumpli\u00f3 cuando s\u00ed era una Reserva y que no tienen sentido ahora que no lo es, y en cuyo caso, puede f\u00e1cilmente recurrir ante la justicia la necesidad de su cumplimiento. Porque quienes ser\u00e1n encargados de cuidar que cumplan los recaudos ambientales son precisamente los que nunca le demandaron el cumplimiento de leyes, ordenanzas y fallos judiciales al respecto de su manejo del sector. Y la ley no preve sanciones por lo ya hecho.<\/p>\n<p>\u201cHubo que ceder en algo\u201d, dicen desde las organizaciones que defend\u00edan la Reserva. Me pregunto en qu\u00e9 parte no cedieron.<\/p>\n<p>\u00bfQui\u00e9n le parece que gan\u00f3?<\/p>\n<p>Tanto marplatenses como comprovincianos visitantes de tantos lugares podr\u00e1n reconocer en un llamativo tour a quienes tanto lucharon por la conservaci\u00f3n de la Reserva durante tantos a\u00f1os y hoy celebran esta aprobaci\u00f3n. Algunos ser\u00e1n los que frente a su casa tienen unos buzones reci\u00e9n pintados de rojo. Otros son los que tienen tranv\u00edas de la Lacroze.<\/p>\n<p>Mientras tanto, los funcionarios municipales, provinciales, los directivos del club son los que festejan sin poder parar de re\u00edrse.<\/p>\n<p>&nbsp;<\/p>\n<p>&nbsp;<\/p>\n<p>&nbsp;<\/p>\n<p>&nbsp;<\/p>\n<p>&nbsp;<\/p>\n<p>&nbsp;<\/p>\n<p>&nbsp;<\/p>\n<p>&nbsp;<\/p>\n<p>&nbsp;<\/p>\n<p>&nbsp;<\/p>\n<p>&nbsp;<\/p>\n<p>&nbsp;<\/p>\n<p>&nbsp;<\/p>\n<p>&nbsp;<\/p>\n<p>&nbsp;<\/p>\n<p>&nbsp;<\/p>\n<p>&nbsp;<\/p>\n","protected":false},"excerpt":{"rendered":"<p>En los \u00faltimos d\u00edas se festej\u00f3 con mucha pompa lo que se present\u00f3 como \u201cel final de una vieja disputa\u201d al anunciar que se hab\u00eda aprobado la provincializaci\u00f3n de la Reserva Puerto Mar del Plata, que finalmente no estar\u00eda a merced de las oscuras intenciones del club Aldosivi.<\/p>\n","protected":false},"author":8,"featured_media":0,"comment_status":"open","ping_status":"open","sticky":false,"template":"","format":"standard","meta":{"_jetpack_newsletter_access":"","_jetpack_dont_email_post_to_subs":false,"_jetpack_newsletter_tier_id":0,"_jetpack_memberships_contains_paywalled_content":false,"_jetpack_memberships_contains_paid_content":false,"footnotes":""},"categories":[64],"tags":[],"class_list":["post-58720","post","type-post","status-publish","format-standard","hentry","category-opinion"],"jetpack_featured_media_url":"","jetpack_shortlink":"https:\/\/wp.me\/p2JWE0-fh6","jetpack-related-posts":[{"id":27134,"url":"https:\/\/www.24baires.com\/?p=27134","url_meta":{"origin":58720,"position":0},"title":"C\u00e1mara Federal resolvi\u00f3 que Aldosivi debe suspender la obra en la Reserva del Puerto","author":"Grupo Sierra","date":"28\/06\/2013","format":false,"excerpt":"MAR DEL PLATA.- Con fecha 19 de junio, la C\u00e1mara Federal de Apelaciones de Mar del Plata dio lugar a la demanda de amparo en defensa de la Reserva Natural Puerto Mar del Plata, por lo cual se le orden\u00f3 al Club Aldosivi que suspenda toda clase de actividad en\u2026","rel":"","context":"En \u00abLocales\u00bb","block_context":{"text":"Locales","link":"https:\/\/www.24baires.com\/?cat=38"},"img":{"alt_text":"aldosivi reserva puerto 2","src":"https:\/\/i0.wp.com\/www.24baires.com\/wp-content\/uploads\/2013\/06\/aldosivi-reserva-puerto-2.jpg?resize=350%2C200","width":350,"height":200,"srcset":"https:\/\/i0.wp.com\/www.24baires.com\/wp-content\/uploads\/2013\/06\/aldosivi-reserva-puerto-2.jpg?resize=350%2C200 1x, https:\/\/i0.wp.com\/www.24baires.com\/wp-content\/uploads\/2013\/06\/aldosivi-reserva-puerto-2.jpg?resize=525%2C300 1.5x"},"classes":[]},{"id":13042,"url":"https:\/\/www.24baires.com\/?p=13042","url_meta":{"origin":58720,"position":1},"title":"La Defensor\u00eda del Pueblo provincial a favor de la Reserva del Puerto de Mar del Plata","author":"AF","date":"21\/01\/2013","format":false,"excerpt":"El Defensor del Pueblo de la provincia de Buenos Aires, Carlos Bonicatto, en compa\u00f1\u00eda de otros funcionarios de la Defensor\u00eda Provincial y la Defensora del Pueblo del partido de General Pueyrredon, Beatriz Arza, visitaron la Reserva Natural Puerto Mar del Plata el lunes 21 de enero de 2013 acompa\u00f1ados por\u2026","rel":"","context":"En \u00abLocales\u00bb","block_context":{"text":"Locales","link":"https:\/\/www.24baires.com\/?cat=38"},"img":{"alt_text":"defensor\u00eda reserva","src":"https:\/\/i0.wp.com\/www.24baires.com\/wp-content\/uploads\/2013\/01\/defensor%C3%ADa-reserva.jpg?resize=350%2C200","width":350,"height":200,"srcset":"https:\/\/i0.wp.com\/www.24baires.com\/wp-content\/uploads\/2013\/01\/defensor%C3%ADa-reserva.jpg?resize=350%2C200 1x, https:\/\/i0.wp.com\/www.24baires.com\/wp-content\/uploads\/2013\/01\/defensor%C3%ADa-reserva.jpg?resize=525%2C300 1.5x"},"classes":[]},{"id":13989,"url":"https:\/\/www.24baires.com\/?p=13989","url_meta":{"origin":58720,"position":2},"title":"Di Rado visit\u00f3 la Reserva del Puerto y pidi\u00f3 una \u00absana convivencia\u00bb con el Club Aldosivi","author":"AF","date":"29\/01\/2013","format":false,"excerpt":"MAR DEL PLATA - La senadora Cristina Di Rado recorri\u00f3 la Reserva Natural del Puerto junto a integrantes de la Fundaci\u00f3n quienes le acercaron sus inquietudes en relaci\u00f3n a los continuos avances del Club Aldosivi sobre territorio de la reserva que a\u00fan persisten. La senadora Cristina Di Rado autora e\u2026","rel":"","context":"En \u00abPol\u00edtica\u00bb","block_context":{"text":"Pol\u00edtica","link":"https:\/\/www.24baires.com\/?cat=51"},"img":{"alt_text":"","src":"","width":0,"height":0},"classes":[]},{"id":47232,"url":"https:\/\/www.24baires.com\/?p=47232","url_meta":{"origin":58720,"position":3},"title":"Denuncian que siguen rellenando la laguna de la Reserva","author":"Grupo Sierra","date":"02\/06\/2014","format":false,"excerpt":"MAR DEL PLATA- Desde la Fundaci\u00f3n Reserva Natural Puerto MdP y la A.V.A.T.A.R. advierten que el Club Aldosivi ha retomado sus obras de relleno de la laguna principal de la Reserva Natural Puerto sin habilitaci\u00f3n, y que ha empeorado el ambiente. Hace un a\u00f1o la Justicia Federal fall\u00f3 a favor\u2026","rel":"","context":"En \u00abLocales\u00bb","block_context":{"text":"Locales","link":"https:\/\/www.24baires.com\/?cat=38"},"img":{"alt_text":"Reserva","src":"https:\/\/i0.wp.com\/www.24baires.com\/wp-content\/uploads\/2014\/01\/Reserva1.jpg?resize=350%2C200","width":350,"height":200,"srcset":"https:\/\/i0.wp.com\/www.24baires.com\/wp-content\/uploads\/2014\/01\/Reserva1.jpg?resize=350%2C200 1x, https:\/\/i0.wp.com\/www.24baires.com\/wp-content\/uploads\/2014\/01\/Reserva1.jpg?resize=525%2C300 1.5x"},"classes":[]},{"id":33441,"url":"https:\/\/www.24baires.com\/?p=33441","url_meta":{"origin":58720,"position":4},"title":"\u00abMostaza Merlo se burl\u00f3 de nosotros\u00bb, asegur\u00f3 Moscuzza, el presidente de Aldosivi","author":"AF","date":"12\/10\/2013","format":false,"excerpt":"Jos\u00e9 Moscuzza, presidente del club Aldosivi de Mar del Plarta y fuerte empresario pesquero, vivi\u00f3 el desencanto con el DT a 48 horas de haber firmado con el club del Puerto, hace diez d\u00edas. \"Nos tom\u00f3 el pelo, algo que a nadie le gusta\", dijo el titular del Tibur\u00f3n. Reinaldo\u2026","rel":"","context":"En \u00abLocales\u00bb","block_context":{"text":"Locales","link":"https:\/\/www.24baires.com\/?cat=38"},"img":{"alt_text":"moscuzza merlo","src":"https:\/\/i0.wp.com\/www.24baires.com\/wp-content\/uploads\/2013\/10\/moscuzza-merlo.jpg?resize=350%2C200","width":350,"height":200,"srcset":"https:\/\/i0.wp.com\/www.24baires.com\/wp-content\/uploads\/2013\/10\/moscuzza-merlo.jpg?resize=350%2C200 1x, https:\/\/i0.wp.com\/www.24baires.com\/wp-content\/uploads\/2013\/10\/moscuzza-merlo.jpg?resize=525%2C300 1.5x"},"classes":[]},{"id":37643,"url":"https:\/\/www.24baires.com\/?p=37643","url_meta":{"origin":58720,"position":5},"title":"Mar del Plata: Buscan resguardar lo que queda de Reserva","author":"Grupo Sierra","date":"30\/12\/2013","format":false,"excerpt":"El gobernador Daniel Scioli comunic\u00f3 a la organizaci\u00f3n Greenpeace su decisi\u00f3n de seguir avanzando con el proyecto de ley que prev\u00e9 declarar como Reserva Natural Provincial a las tierras del puerto de Mar del Plata que est\u00e1n siendo disputadas entre el Club Atl\u00e9tico Aldosivi y ambientalistas. Scioli ratific\u00f3 su determinaci\u00f3n\u2026","rel":"","context":"En \u00abLocales\u00bb","block_context":{"text":"Locales","link":"https:\/\/www.24baires.com\/?cat=38"},"img":{"alt_text":"aldosivi reserva puerto 2","src":"https:\/\/i0.wp.com\/www.24baires.com\/wp-content\/uploads\/2013\/06\/aldosivi-reserva-puerto-2-300x213.jpg?resize=350%2C200","width":350,"height":200},"classes":[]}],"jetpack_sharing_enabled":true,"jetpack_likes_enabled":true,"_links":{"self":[{"href":"https:\/\/www.24baires.com\/index.php?rest_route=\/wp\/v2\/posts\/58720","targetHints":{"allow":["GET"]}}],"collection":[{"href":"https:\/\/www.24baires.com\/index.php?rest_route=\/wp\/v2\/posts"}],"about":[{"href":"https:\/\/www.24baires.com\/index.php?rest_route=\/wp\/v2\/types\/post"}],"author":[{"embeddable":true,"href":"https:\/\/www.24baires.com\/index.php?rest_route=\/wp\/v2\/users\/8"}],"replies":[{"embeddable":true,"href":"https:\/\/www.24baires.com\/index.php?rest_route=%2Fwp%2Fv2%2Fcomments&post=58720"}],"version-history":[{"count":1,"href":"https:\/\/www.24baires.com\/index.php?rest_route=\/wp\/v2\/posts\/58720\/revisions"}],"predecessor-version":[{"id":58721,"href":"https:\/\/www.24baires.com\/index.php?rest_route=\/wp\/v2\/posts\/58720\/revisions\/58721"}],"wp:attachment":[{"href":"https:\/\/www.24baires.com\/index.php?rest_route=%2Fwp%2Fv2%2Fmedia&parent=58720"}],"wp:term":[{"taxonomy":"category","embeddable":true,"href":"https:\/\/www.24baires.com\/index.php?rest_route=%2Fwp%2Fv2%2Fcategories&post=58720"},{"taxonomy":"post_tag","embeddable":true,"href":"https:\/\/www.24baires.com\/index.php?rest_route=%2Fwp%2Fv2%2Ftags&post=58720"}],"curies":[{"name":"wp","href":"https:\/\/api.w.org\/{rel}","templated":true}]}}