{"id":5870,"date":"2012-11-18T10:45:03","date_gmt":"2012-11-18T13:45:03","guid":{"rendered":"http:\/\/www.24baires.com\/?p=5870"},"modified":"2012-11-18T10:58:23","modified_gmt":"2012-11-18T13:58:23","slug":"olavarria-invertiran-mas-de-2-millones-en-camaras-de-seguridad-y-tendido-de-fibra-optica-en-2013","status":"publish","type":"post","link":"https:\/\/www.24baires.com\/?p=5870","title":{"rendered":"Olavarr\u00eda: invertir\u00e1n m\u00e1s de 2 millones en c\u00e1maras de seguridad y tendido de fibra \u00f3ptica en 2013"},"content":{"rendered":"<p>Lo anunci\u00f3 el intendente de Olavarr\u00eda, Jos\u00e9 Eseverri, para la segunda etapa que comenzar\u00e1 tras haberse finalizado el tendido de fibra \u00f3ptica en la Ciudad. El pr\u00f3ximo a\u00f1o se incorporar\u00e1n c\u00e1maras de seguridad en m\u00e1s espacios p\u00fablicos y edificios municipales como \u201cLa M\u00e1xima\u201d y los accesos por 226 y autopista Fortabat.<!--more--><\/p>\n<p>El intendente Jos\u00e9 Eseverri anunci\u00f3 que se invertir\u00e1n m\u00e1s de 2 millones de pesos de fondos municipales para la segunda etapa de instalaci\u00f3n de c\u00e1maras de seguridad, tras haberse finalizado el tendido de fibra \u00f3ptica.<\/p>\n<p>El nuevo tendido de fibra \u00f3ptica comprende el anillo desde avenida Pringles hacia avenida Eva Per\u00f3n, y desde avenida Avellaneda hasta avenida Trabajadores.<\/p>\n<p>De esta forma se avanzar\u00e1 en la instalaci\u00f3n de m\u00e1s c\u00e1maras de seguridad que se integrar\u00e1n al Centro de Monitoreo, atendiendo as\u00ed los reclamos planteados por juntas vecinales, sociedades de fomentos, y autoridades educativas.<\/p>\n<p>Al respecto, el jefe de Gabinete H\u00e9ctor Vitale destac\u00f3 que: \u201cEs importante por el requerimiento que hemos tenido de entidades fomentistas, barrio CECO, Facundo Quiroga I y II, de autoridades educativas, el Complejo Universitario, y la ex Escuela T\u00e9cnica N\u00b0 2 sobre avenida Del Valle\u201d.<\/p>\n<p>Tambi\u00e9n indic\u00f3 que el pr\u00f3ximo a\u00f1o, se incorporar\u00e1n c\u00e1maras de seguridad en m\u00e1s espacios p\u00fablicos y edificios municipales como el Parque Municipal \u201cLa M\u00e1xima\u201d, en el acceso por Ruta Nacional N\u00b0 226 y en el acceso por autopista Luciano Fortabat.<\/p>\n<p>\u201cEn el marco de la actividad que desempe\u00f1a el Gobierno Municipal en competencias que no son propias como es el tema de la seguridad, se est\u00e1 colaborando con el Gobierno de la Provincia de Buenos Aires y el Gobierno Nacional en la prevenci\u00f3n del delito\u201d, agreg\u00f3 Vitale.<\/p>\n<p>\u201cA partir de un relevamiento que se ha efectuado por toda la ciudad y en las localidades, nuestros vecinos atribuyen como responsable de la seguridad en primer lugar, a las autoridades judiciales, luego a los legisladores y a la aplicaci\u00f3n de leyes, seguido por el gobierno nacional, la polic\u00eda y el gobierno provincial y ponen en \u00faltimo t\u00e9rmino al gobierno municipal como responsable\u201d.<\/p>\n<p>\u201cSin perjuicio de todo esto, es un problema que preocupa a los vecinos. Por eso se sigue invirtiendo en recursos tecnol\u00f3gicos. Se ha enviado un nuevo presupuesto al Concejo Deliberante para su tratamiento donde se incluye la creaci\u00f3n de la Tasa de Seguridad, que ha sido apoyada por un expediente que han formalizado ante el Intendente la Sociedad de Fomento Roca Merlo, que tambi\u00e9n ha sido remitido al Consejo de Seguridad\u00bb.<\/p>\n<p>\u201cLa idea de contar con m\u00e1s recursos es para proveer de m\u00e1s herramientas tecnol\u00f3gicas, m\u00e1s c\u00e1maras, m\u00e1s horas adicionales a la polic\u00eda para que puedan patrullar y tener una ciudad m\u00e1s tranquila y m\u00e1s segura\u201d, indic\u00f3.<\/p>\n<p>Por su parte y acompa\u00f1ando esta decisi\u00f3n de la instalaci\u00f3n de m\u00e1s c\u00e1mara de seguridad en el marco del Programa Municipal de Prevenci\u00f3n Ciudadana, el presidente del bloque de Concejales Oficialistas Julio Fr\u00edas record\u00f3 que el intendente Eseverri vet\u00f3 el art\u00edculo 5 de la Ordenanza aprobada por el Concejo Deliberante en relaci\u00f3n a la colocaci\u00f3n de c\u00e1maras de seguridad, el cual no permit\u00eda que el Ejecutivo pudiera utilizar las im\u00e1genes obtenidas para la realizaci\u00f3n de denuncias penales.<\/p>\n<p>Segunda etapa<\/p>\n<p>Por su parte, el director de Sistemas y Comunicaciones, Fernando Dobant\u00f3n, se\u00f1al\u00f3 que en la actualidad, el Centro Municipal de Monitoreo recibe im\u00e1genes de m\u00e1s de 100 c\u00e1maras que comprenden la primera etapa, en el marco del Programa de Prevenci\u00f3n Comunitaria.<\/p>\n<p>En este sentido, con el nuevo tendido de fibra \u00f3ptica, el Gobierno Municipal incluir\u00e1 54 c\u00e1maras de seguridad que permitir\u00e1n ampliar el monitoreo comprendido por las avenida Pringles hasta Trabajadores; de Trabajadores a Pellegrini; de Pellegrini a Col\u00f3n y de vuelta por Col\u00f3n hasta Pringles.<\/p>\n<p>Otra de las zonas de influencias que se a\u00f1adir\u00e1 al sistema de monitoreo, abarca un rect\u00e1ngulo m\u00e1s amplio que va desde Pringles y Del Valle hacia Avenida Eva Per\u00f3n y desde all\u00ed hacia Avellaneda hasta Pringles.<\/p>\n<p>Tambi\u00e9n habr\u00e1 c\u00e1maras en dependencias municipales como el Parque \u201cLa M\u00e1xima\u201d, Museo Municipal de Las Ciencias.<\/p>\n<p>Por su parte, Dobant\u00f3n destac\u00f3 que otra de las utilidades del tendido de fibra \u00f3ptica realizado por el Municipio, permitir\u00e1 la conectividad de los Centros de Salud y Centros de D\u00eda.<\/p>\n","protected":false},"excerpt":{"rendered":"<p>Lo anunci\u00f3 el intendente de Olavarr\u00eda, Jos\u00e9 Eseverri, para la segunda etapa que comenzar\u00e1 tras haberse finalizado el tendido de fibra \u00f3ptica en la Ciudad. El pr\u00f3ximo a\u00f1o se incorporar\u00e1n c\u00e1maras de seguridad en m\u00e1s espacios p\u00fablicos y edificios municipales como \u201cLa M\u00e1xima\u201d y los accesos por 226 y autopista Fortabat.<\/p>\n","protected":false},"author":4,"featured_media":0,"comment_status":"open","ping_status":"open","sticky":false,"template":"","format":"standard","meta":{"_jetpack_newsletter_access":"","_jetpack_dont_email_post_to_subs":false,"_jetpack_newsletter_tier_id":0,"_jetpack_memberships_contains_paywalled_content":false,"_jetpack_memberships_contains_paid_content":false,"footnotes":""},"categories":[38],"tags":[],"class_list":["post-5870","post","type-post","status-publish","format-standard","hentry","category-locales"],"jetpack_featured_media_url":"","jetpack_shortlink":"https:\/\/wp.me\/p2JWE0-1wG","jetpack-related-posts":[{"id":17345,"url":"https:\/\/www.24baires.com\/?p=17345","url_meta":{"origin":5870,"position":0},"title":"En Berazategui, f\u00e1brica de fibra \u00f3ptica realizar\u00e1 nuevas inversiones en el per\u00edodo 2013-2014","author":"Grupo Sierra","date":"03\/03\/2013","format":false,"excerpt":"Con un 25% de incremento en las ventas de fibra \u00f3ptica durante el \u00faltimo a\u00f1o, la empresa Furukawa\u00a0asegura haber trabajado al 100% de su capacidad desde mediados del 2012 en su planta argentina, ubicada en la localidad de Berazategui. Esta empresa asegura que en Am\u00e9rica Latina, el cableado de cobre\u2026","rel":"","context":"En \u00abLocales\u00bb","block_context":{"text":"Locales","link":"https:\/\/www.24baires.com\/?cat=38"},"img":{"alt_text":"fibra optica","src":"https:\/\/i0.wp.com\/www.24baires.com\/wp-content\/uploads\/2013\/03\/fibra-optica.jpg?resize=350%2C200","width":350,"height":200,"srcset":"https:\/\/i0.wp.com\/www.24baires.com\/wp-content\/uploads\/2013\/03\/fibra-optica.jpg?resize=350%2C200 1x, https:\/\/i0.wp.com\/www.24baires.com\/wp-content\/uploads\/2013\/03\/fibra-optica.jpg?resize=525%2C300 1.5x"},"classes":[]},{"id":85102,"url":"https:\/\/www.24baires.com\/?p=85102","url_meta":{"origin":5870,"position":1},"title":"El Gobierno anunci\u00f3 una inversi\u00f3n millonaria para telefon\u00eda m\u00f3vil","author":"AF","date":"18\/07\/2016","format":false,"excerpt":"Macri anunci\u00f3 hoy que \"en los pr\u00f3ximos a\u00f1os\" las empresas prestadoras de telefon\u00eda celular invertir\u00e1n 80.000 millones de pesos en despliegue de antenas, tendido de fibra \u00f3ptica y mejora de equipamiento al presentar el Plan de Acceso a Internet M\u00f3vil. \"En los pr\u00f3ximos a\u00f1os, lo antes posible, habr\u00e1 80.000 millones\u2026","rel":"","context":"En \u00abGeneral\u00bb","block_context":{"text":"General","link":"https:\/\/www.24baires.com\/?cat=67"},"img":{"alt_text":"celulares cooperativos","src":"https:\/\/i0.wp.com\/www.24baires.com\/wp-content\/uploads\/2012\/09\/celulares-cooperativos.jpg?resize=350%2C200","width":350,"height":200,"srcset":"https:\/\/i0.wp.com\/www.24baires.com\/wp-content\/uploads\/2012\/09\/celulares-cooperativos.jpg?resize=350%2C200 1x, https:\/\/i0.wp.com\/www.24baires.com\/wp-content\/uploads\/2012\/09\/celulares-cooperativos.jpg?resize=525%2C300 1.5x"},"classes":[]},{"id":117802,"url":"https:\/\/www.24baires.com\/?p=117802","url_meta":{"origin":5870,"position":2},"title":"Mar del Plata: Denuncian que Montenegro no exige que paguen tasas millonarias a Fibertel-Cablevisi\u00f3n y Claro","author":"Grupo Sierra","date":"04\/07\/2021","format":false,"excerpt":"\u00a0 \u00a0 Es por hacer la \u201cvista gorda\u201d a las tasas y planos de tendidos clandestinos de fibra \u00f3ptica en diferentes barrios de Gral. Pueyrredon. El monto de lo adeudado rondar\u00eda los 300 millones de pesos. Tambi\u00e9n incluye a varias cooperativas que no son \u00fanicas prestatarias del servicio de internet\u2026","rel":"","context":"En \u00abMunicipios\u00bb","block_context":{"text":"Municipios","link":"https:\/\/www.24baires.com\/?cat=44"},"img":{"alt_text":"","src":"https:\/\/i0.wp.com\/www.24baires.com\/wp-content\/uploads\/2021\/07\/montenegro.jpg?resize=350%2C200","width":350,"height":200},"classes":[]},{"id":28797,"url":"https:\/\/www.24baires.com\/?p=28797","url_meta":{"origin":5870,"position":3},"title":"La Provincia anunci\u00f3 la creaci\u00f3n de una empresa proveedora de internet","author":"AF","date":"23\/07\/2013","format":false,"excerpt":"El ministro de Planificaci\u00f3n Federal, Julio De Vido, afirm\u00f3 que acord\u00f3 con el gobernador Daniel Scioli para lanzar una firma estatal que brindar\u00e1 acceso a la red por fibra \u00f3ptica. Desde la cartera explicaron que se busca aumentar la llegada de internet a la poblaci\u00f3n. El ministro de Planificaci\u00f3n, Julio\u2026","rel":"","context":"En \u00abSociedad\u00bb","block_context":{"text":"Sociedad","link":"https:\/\/www.24baires.com\/?cat=1"},"img":{"alt_text":"","src":"","width":0,"height":0},"classes":[]},{"id":61270,"url":"https:\/\/www.24baires.com\/?p=61270","url_meta":{"origin":5870,"position":4},"title":"Usuarios de la costa sin se\u00f1al durante horas","author":"Grupo Sierra","date":"04\/02\/2015","format":false,"excerpt":"Una falla en la fibra \u00f3ptica de Telef\u00f3nica gener\u00f3 inconvenientes tanto de esta empresa como de Infracom, por lo que los olavarrienses debieron recurrir a otros m\u00e9todos para comunicarse. El corte dej\u00f3 fuera de servicio el 101 de la polic\u00eda y afecto a los comercios que trabajan con Posnet. El\u2026","rel":"","context":"En \u00abSociedad\u00bb","block_context":{"text":"Sociedad","link":"https:\/\/www.24baires.com\/?cat=1"},"img":{"alt_text":"celular","src":"https:\/\/i0.wp.com\/www.24baires.com\/wp-content\/uploads\/2014\/06\/celular.jpg?resize=350%2C200","width":350,"height":200,"srcset":"https:\/\/i0.wp.com\/www.24baires.com\/wp-content\/uploads\/2014\/06\/celular.jpg?resize=350%2C200 1x, https:\/\/i0.wp.com\/www.24baires.com\/wp-content\/uploads\/2014\/06\/celular.jpg?resize=525%2C300 1.5x"},"classes":[]},{"id":62648,"url":"https:\/\/www.24baires.com\/?p=62648","url_meta":{"origin":5870,"position":5},"title":"Scioli fue a buscarlo a Mussi a Berazategui","author":"Grupo Sierra","date":"04\/03\/2015","format":false,"excerpt":"El gobernador bonaerense y el intendente de Berazategui, compartieron un acto en la inauguraci\u00f3n de un jard\u00edn de infantes en la localidad. El gobernador bonaerense, Daniel Scioli, y el intendente de Berazategui, Juan Patricio Mussi, inauguraron en ese municipio del sur del conurbano el Jard\u00edn de Infantes N\u00ba 945, cuya\u2026","rel":"","context":"En \u00abProvincia\u00bb","block_context":{"text":"Provincia","link":"https:\/\/www.24baires.com\/?cat=40"},"img":{"alt_text":"scioli mussi","src":"https:\/\/i0.wp.com\/www.24baires.com\/wp-content\/uploads\/2015\/03\/scioli-mussi-300x253.jpg?resize=350%2C200","width":350,"height":200},"classes":[]}],"jetpack_sharing_enabled":true,"jetpack_likes_enabled":true,"_links":{"self":[{"href":"https:\/\/www.24baires.com\/index.php?rest_route=\/wp\/v2\/posts\/5870","targetHints":{"allow":["GET"]}}],"collection":[{"href":"https:\/\/www.24baires.com\/index.php?rest_route=\/wp\/v2\/posts"}],"about":[{"href":"https:\/\/www.24baires.com\/index.php?rest_route=\/wp\/v2\/types\/post"}],"author":[{"embeddable":true,"href":"https:\/\/www.24baires.com\/index.php?rest_route=\/wp\/v2\/users\/4"}],"replies":[{"embeddable":true,"href":"https:\/\/www.24baires.com\/index.php?rest_route=%2Fwp%2Fv2%2Fcomments&post=5870"}],"version-history":[{"count":2,"href":"https:\/\/www.24baires.com\/index.php?rest_route=\/wp\/v2\/posts\/5870\/revisions"}],"predecessor-version":[{"id":5872,"href":"https:\/\/www.24baires.com\/index.php?rest_route=\/wp\/v2\/posts\/5870\/revisions\/5872"}],"wp:attachment":[{"href":"https:\/\/www.24baires.com\/index.php?rest_route=%2Fwp%2Fv2%2Fmedia&parent=5870"}],"wp:term":[{"taxonomy":"category","embeddable":true,"href":"https:\/\/www.24baires.com\/index.php?rest_route=%2Fwp%2Fv2%2Fcategories&post=5870"},{"taxonomy":"post_tag","embeddable":true,"href":"https:\/\/www.24baires.com\/index.php?rest_route=%2Fwp%2Fv2%2Ftags&post=5870"}],"curies":[{"name":"wp","href":"https:\/\/api.w.org\/{rel}","templated":true}]}}