{"id":5867,"date":"2012-11-18T10:53:21","date_gmt":"2012-11-18T13:53:21","guid":{"rendered":"http:\/\/www.24baires.com\/?p=5867"},"modified":"2012-11-18T10:53:21","modified_gmt":"2012-11-18T13:53:21","slug":"inauguraron-en-quequen-un-monumento-al-piloto-benedicto-campos","status":"publish","type":"post","link":"https:\/\/www.24baires.com\/?p=5867","title":{"rendered":"Inauguraron en Quequ\u00e9n un monumento al piloto Benedicto Campos"},"content":{"rendered":"<p><img data-recalc-dims=\"1\" loading=\"lazy\" decoding=\"async\" class=\"alignleft size-medium wp-image-5868\" title=\"monumento campos\" src=\"https:\/\/i0.wp.com\/www.24baires.com\/wp-content\/uploads\/2012\/11\/monumento-campos.jpg?resize=300%2C156\" alt=\"\" width=\"300\" height=\"156\" srcset=\"https:\/\/i0.wp.com\/www.24baires.com\/wp-content\/uploads\/2012\/11\/monumento-campos.jpg?resize=300%2C156&amp;ssl=1 300w, https:\/\/i0.wp.com\/www.24baires.com\/wp-content\/uploads\/2012\/11\/monumento-campos.jpg?w=500&amp;ssl=1 500w\" sizes=\"auto, (max-width: 300px) 100vw, 300px\" \/>Excelente repuesta popular tuvo la inauguraci\u00f3n del Monumento al piloto Benedicto Campos, luego de varios a\u00f1os de trabajo continuo para concretar la obra que tuvo el apoyo de toda la comunidad, ubicada en avenida Campos y 531 de Quequ\u00e9n.<!--more--><\/p>\n<p>Con la presencia de autoridades municipales, entre ellas el intendente Horacio Tellechea, los hijos Betty y Gabriela, nietos y familiares del deportista quequenense, H\u00e9ctor Titin Fiorda, titular de una de las filiales del Autom\u00f3vil Club Argentino; figuras del automovilismo nacional, como el subcampe\u00f3n Juan Manuel Landa; el tricampe\u00f3n Oscar Castellano, el ex piloto y ahora preparador; Jhonny De Benedictis; de las categor\u00edas zonales y de Oscar Cacho Fangio y Juan Manuelito Fangio y muestra de veh\u00edculos antig\u00fcos, clubes invitados, motocicletas de \u00e9poca, de competici\u00f3n y mayoritariamente de la rica historia del deporte motor.<\/p>\n<p>El padre Hugo Segovia bendijo las instalaciones, mientras que la Banda Municipal ayud\u00f3 a poner sus acordes musicales en esta fiesta del automovilismo mundial.<\/p>\n<p>Entre las notas salientes, la presentaci\u00f3n de la r\u00e9plica de la Betty, tarea que estuvo a cargo de Carlos Campos, su sobrino; de Norma Seijas, hija de quien fuera el pintor del auto del popular Benedo y que llev\u00f3 un auto en miniatura que su padre construy\u00f3 hace 62 a\u00f1os y que lo guarda como uno de sus mayores afectos.<\/p>\n<p>La gente recorri\u00f3 el amplio espacio, iluminado con elementos de \u00faltima generaci\u00f3n y una vista muy especial en la escalera situada en uno de los v\u00e9rtices, lugar al que muchos se animaron a subir para la cl\u00e1sica foto para el recuerdo.<\/p>\n","protected":false},"excerpt":{"rendered":"<p>Excelente repuesta popular tuvo la inauguraci\u00f3n del Monumento al piloto Benedicto Campos, luego de varios a\u00f1os de trabajo continuo para concretar la obra que tuvo el apoyo de toda la comunidad, ubicada en avenida Campos y 531 de Quequ\u00e9n.<\/p>\n","protected":false},"author":4,"featured_media":0,"comment_status":"open","ping_status":"open","sticky":false,"template":"","format":"standard","meta":{"_jetpack_newsletter_access":"","_jetpack_dont_email_post_to_subs":false,"_jetpack_newsletter_tier_id":0,"_jetpack_memberships_contains_paywalled_content":false,"_jetpack_memberships_contains_paid_content":false,"footnotes":""},"categories":[1],"tags":[],"class_list":["post-5867","post","type-post","status-publish","format-standard","hentry","category-sociedad"],"jetpack_featured_media_url":"","jetpack_shortlink":"https:\/\/wp.me\/p2JWE0-1wD","jetpack-related-posts":[{"id":15848,"url":"https:\/\/www.24baires.com\/?p=15848","url_meta":{"origin":5867,"position":0},"title":"Balcarce: entregan los premios \u201cJuan Manuel Bordeu\u201d a pilotos","author":"AF","date":"16\/02\/2013","format":false,"excerpt":"El titular de la Fundaci\u00f3n \u201cJuan Manuel Fangio\u201d record\u00f3 a Roberto Mouras quien muri\u00f3 en una competencia en 1992, el mismo d\u00eda que hab\u00eda donado su auto campe\u00f3n al museo local.\u00a0 En el marco de la 21\u00b0 Fiesta Nacional del Automovilismo que se realiza en Balcarce, el Museo Juan Manuel\u2026","rel":"","context":"En \u00abLocales\u00bb","block_context":{"text":"Locales","link":"https:\/\/www.24baires.com\/?cat=38"},"img":{"alt_text":"","src":"","width":0,"height":0},"classes":[]},{"id":118870,"url":"https:\/\/www.24baires.com\/?p=118870","url_meta":{"origin":5867,"position":1},"title":"Kicillof anunci\u00f3 que volver\u00e1 a funcionar el aut\u00f3dromo Juan Manuel Fangio","author":"AF","date":"17\/05\/2022","format":false,"excerpt":"\"Hay un compromiso de la provincia de Buenos Aires y de las autoridades del \u00e1rea de Deportes para ayudar a que el aut\u00f3dromo vuelva a funcionar\", expuso el mandatario en la ciudad bonaerense donde adem\u00e1s encabez\u00f3 un acto de otorgamiento de escrituras y patrulleros. El gobernador de la provincia de\u2026","rel":"","context":"En \u00abProvincia\u00bb","block_context":{"text":"Provincia","link":"https:\/\/www.24baires.com\/?cat=40"},"img":{"alt_text":"","src":"https:\/\/i0.wp.com\/www.24baires.com\/wp-content\/uploads\/2022\/05\/6283ecdac8782_900.jpg?resize=350%2C200","width":350,"height":200,"srcset":"https:\/\/i0.wp.com\/www.24baires.com\/wp-content\/uploads\/2022\/05\/6283ecdac8782_900.jpg?resize=350%2C200 1x, https:\/\/i0.wp.com\/www.24baires.com\/wp-content\/uploads\/2022\/05\/6283ecdac8782_900.jpg?resize=525%2C300 1.5x, https:\/\/i0.wp.com\/www.24baires.com\/wp-content\/uploads\/2022\/05\/6283ecdac8782_900.jpg?resize=700%2C400 2x"},"classes":[]},{"id":70193,"url":"https:\/\/www.24baires.com\/?p=70193","url_meta":{"origin":5867,"position":2},"title":"Exhumaron el cuerpo de Fangio por las demandas de dos supuestos hijos","author":"GB","date":"07\/08\/2015","format":false,"excerpt":"Se tomaron dos muestras de los restos del qu\u00edntuple campe\u00f3n del mundo de F\u00f3rmula Uno, que ser\u00e1n utilizadas para realizar las pruebas de ADN en La Plata. Este mediod\u00eda se hicieron presentes el juez en lo Civil y Comercial N\u00ba5 de Mar del plata, Rodrigo Cataldo, acompa\u00f1ado por los peritos\u2026","rel":"","context":"En \u00abSociedad\u00bb","block_context":{"text":"Sociedad","link":"https:\/\/www.24baires.com\/?cat=1"},"img":{"alt_text":"fangio","src":"https:\/\/i0.wp.com\/www.24baires.com\/wp-content\/uploads\/2015\/07\/fangio.jpg?resize=350%2C200","width":350,"height":200,"srcset":"https:\/\/i0.wp.com\/www.24baires.com\/wp-content\/uploads\/2015\/07\/fangio.jpg?resize=350%2C200 1x, https:\/\/i0.wp.com\/www.24baires.com\/wp-content\/uploads\/2015\/07\/fangio.jpg?resize=525%2C300 1.5x"},"classes":[]},{"id":28118,"url":"https:\/\/www.24baires.com\/?p=28118","url_meta":{"origin":5867,"position":3},"title":"La \u00abFlecha de Plata\u00bb de Fangio se subast\u00f3 en 29 millones de d\u00f3lares","author":"Grupo Sierra","date":"12\/07\/2013","format":false,"excerpt":"LONDRES.- El Mercedes con el que el fallecido Juan Manuel Fangio, cinco veces campe\u00f3n del mundo, gan\u00f3 dos grandes premios se convirti\u00f3 en el auto m\u00e1s caro del mundo despu\u00e9s de que un postor an\u00f3nimo lo comprara el viernes en una subasta por 19,6 millones de libras esterlinas (unos 29,6\u2026","rel":"","context":"En \u00abDeportes\u00bb","block_context":{"text":"Deportes","link":"https:\/\/www.24baires.com\/?cat=12"},"img":{"alt_text":"flecha de plata","src":"https:\/\/i0.wp.com\/www.24baires.com\/wp-content\/uploads\/2013\/07\/flecha-de-plata.jpg?resize=350%2C200","width":350,"height":200,"srcset":"https:\/\/i0.wp.com\/www.24baires.com\/wp-content\/uploads\/2013\/07\/flecha-de-plata.jpg?resize=350%2C200 1x, https:\/\/i0.wp.com\/www.24baires.com\/wp-content\/uploads\/2013\/07\/flecha-de-plata.jpg?resize=525%2C300 1.5x"},"classes":[]},{"id":6240,"url":"https:\/\/www.24baires.com\/?p=6240","url_meta":{"origin":5867,"position":4},"title":"Las Mil Millas Argentinas pasar\u00e1n por Tornquist","author":"AF","date":"21\/11\/2012","format":false,"excerpt":"Los habitantes de Tornquist tendr\u00e1n el domingo la posibilidad de disfrutar del paso de una de las etapas de las cl\u00e1sicas Mil Millas Argentinas, que cuentan con la organizaci\u00f3n de la Agrupaci\u00f3n Cl\u00e1sicos e Hist\u00f3ricos del TC y la Agrupaci\u00f3n Eusebio Marcilla. La competencia, que estar\u00e1 festejando los 75 a\u00f1os\u2026","rel":"","context":"En \u00abLocales\u00bb","block_context":{"text":"Locales","link":"https:\/\/www.24baires.com\/?cat=38"},"img":{"alt_text":"","src":"https:\/\/i0.wp.com\/www.24baires.com\/wp-content\/uploads\/2012\/11\/mil-millas.jpg?resize=350%2C200","width":350,"height":200,"srcset":"https:\/\/i0.wp.com\/www.24baires.com\/wp-content\/uploads\/2012\/11\/mil-millas.jpg?resize=350%2C200 1x, https:\/\/i0.wp.com\/www.24baires.com\/wp-content\/uploads\/2012\/11\/mil-millas.jpg?resize=525%2C300 1.5x"},"classes":[]},{"id":4666,"url":"https:\/\/www.24baires.com\/?p=4666","url_meta":{"origin":5867,"position":5},"title":"Necochea: protesta por demoras en la obra del puente colgante","author":"AF","date":"07\/11\/2012","format":false,"excerpt":"Un reducido grupo de comerciantes y unos pocos vecinos de los lugares afectados de la avenida Benedicto Campos y de la calle 46, se congregaron ayer, en horas de la ma\u00f1ana, en el \u00fanico puente urbano que comunica a Necochea y a Quequ\u00e9n, para pedir por la aceleraci\u00f3n de las\u2026","rel":"","context":"En \u00abSociedad\u00bb","block_context":{"text":"Sociedad","link":"https:\/\/www.24baires.com\/?cat=1"},"img":{"alt_text":"","src":"https:\/\/i0.wp.com\/www.24baires.com\/wp-content\/uploads\/2012\/11\/protesta-puente-colgante-300x172.jpg?resize=350%2C200","width":350,"height":200},"classes":[]}],"jetpack_sharing_enabled":true,"jetpack_likes_enabled":true,"_links":{"self":[{"href":"https:\/\/www.24baires.com\/index.php?rest_route=\/wp\/v2\/posts\/5867","targetHints":{"allow":["GET"]}}],"collection":[{"href":"https:\/\/www.24baires.com\/index.php?rest_route=\/wp\/v2\/posts"}],"about":[{"href":"https:\/\/www.24baires.com\/index.php?rest_route=\/wp\/v2\/types\/post"}],"author":[{"embeddable":true,"href":"https:\/\/www.24baires.com\/index.php?rest_route=\/wp\/v2\/users\/4"}],"replies":[{"embeddable":true,"href":"https:\/\/www.24baires.com\/index.php?rest_route=%2Fwp%2Fv2%2Fcomments&post=5867"}],"version-history":[{"count":1,"href":"https:\/\/www.24baires.com\/index.php?rest_route=\/wp\/v2\/posts\/5867\/revisions"}],"predecessor-version":[{"id":5869,"href":"https:\/\/www.24baires.com\/index.php?rest_route=\/wp\/v2\/posts\/5867\/revisions\/5869"}],"wp:attachment":[{"href":"https:\/\/www.24baires.com\/index.php?rest_route=%2Fwp%2Fv2%2Fmedia&parent=5867"}],"wp:term":[{"taxonomy":"category","embeddable":true,"href":"https:\/\/www.24baires.com\/index.php?rest_route=%2Fwp%2Fv2%2Fcategories&post=5867"},{"taxonomy":"post_tag","embeddable":true,"href":"https:\/\/www.24baires.com\/index.php?rest_route=%2Fwp%2Fv2%2Ftags&post=5867"}],"curies":[{"name":"wp","href":"https:\/\/api.w.org\/{rel}","templated":true}]}}