{"id":5863,"date":"2012-11-18T10:38:41","date_gmt":"2012-11-18T13:38:41","guid":{"rendered":"http:\/\/www.24baires.com\/?p=5863"},"modified":"2012-11-18T10:38:41","modified_gmt":"2012-11-18T13:38:41","slug":"san-lorenzo-es-de-boedo","status":"publish","type":"post","link":"https:\/\/www.24baires.com\/?p=5863","title":{"rendered":"San Lorenzo es de Boedo"},"content":{"rendered":"<p><img data-recalc-dims=\"1\" loading=\"lazy\" decoding=\"async\" class=\"aligncenter size-full wp-image-5864\" title=\"cancha casla\" src=\"https:\/\/i0.wp.com\/www.24baires.com\/wp-content\/uploads\/2012\/11\/cancha-casla.jpg?resize=560%2C420\" alt=\"\" width=\"560\" height=\"420\" srcset=\"https:\/\/i0.wp.com\/www.24baires.com\/wp-content\/uploads\/2012\/11\/cancha-casla.jpg?w=560&amp;ssl=1 560w, https:\/\/i0.wp.com\/www.24baires.com\/wp-content\/uploads\/2012\/11\/cancha-casla.jpg?resize=300%2C225&amp;ssl=1 300w\" sizes=\"auto, (max-width: 560px) 100vw, 560px\" \/>Una operaci\u00f3n fraudulenta en tiempos de la dictadura hab\u00eda privado al club de Boedo de su templo. Entre los recuerdos, varios grandes futbolistas fueron protagonistas del inolvidable Gas\u00f3metro de Avenida La Plata. Escenario tambi\u00e9n de la selecci\u00f3n nacional, en los \u00b440.<!--more--><\/p>\n<p>La gente de San Lorenzo vivi\u00f3 uno de sus mejores momentos con la llegada del Vasco Isidro L\u00e1ngara -le hizo cuatro a River en el debut, 1939 y 33 en una temporada-, junto a la adquisici\u00f3n\u00a0del notable Alfredo Borgnia, figura en Ferro desde 1937, considerado uno de los mejores 8 en su tiempo, en los a\u00f1os \u00b440.<\/p>\n<p>La historia del Gas\u00f3metro condena al brigadier Osvaldo Cacciatore, intendente de Buenos Aires\u00a0durante la \u00faltima dictadura militar 1976\/83. Tambi\u00e9n a varios directivos del club fundado por el sacerdote Lorenzo Mazza hace algo m\u00e1s de 100 a\u00f1os. Ellos, Mois\u00e9s Ann\u00e1n, H\u00e9ctor Habib y el ex coronel, Fernando De Baldrich quedaron involucrados.<\/p>\n<p>Los terrenos de las dos manzanas que \u201ccerraban\u201d las calles\u00a0Mu\u00f1iz y Salcedo -argumento\u00a0de la Municipalidad para expropiar por 900 mil d\u00f3lares-, fueron vendidos en 8 millones de la misma moneda un a\u00f1o y medio m\u00e1s tarde, a la firma francesa supermercadista. Documento elaborado por los socios Juan Carlos Temez y Marcelo V\u00e1zquez.<\/p>\n<p>Luego\u00a0se construy\u00f3 el h\u00edpermercado que ocup\u00f3 todo el predio. En el \u00b482 San\u00a0Lorenzo volvi\u00f3 a Primera bajo una consigna popular: \u00abA pesar de los a\u00f1os y los\u00a0momentos vividos, siempre estar\u00e9 a tu lado San Lorenzo querido\u00bb, cantaron miles<\/p>\n<p>Tigre, Monumental de River, en 1982, pagaron entradas 70.948 personas. El\u00a0mayor r\u00e9cord de la historia para un encuentro de Primera B de la AFA. San Lorenzo volvi\u00f3 con toda su gloria.<\/p>\n<p>El descenso en el invierno del \u00b481 se produjo en medio de un caos configurado por distintas gestiones. Mois\u00e9s Ann\u00e1n, fabricante de ropa de trabajo en Pergamino; H\u00e9ctor Habib, ex ejecutivo de Mercedes Benz\u00a0y antes Fernando De Baldrich, coronel retirado del Ej\u00e9rcito, aparecen como responsables.<\/p>\n<p>En 2007, a partir de iniciativas pol\u00edticas, entre ellas la orientada\u00a0 por el legislador porte\u00f1o, Miguel Talento (Frente para la Victoria), la masa de socios revive la \u00abMarcha de San Lorenzo\u201d, en Capital Federal.<\/p>\n<p>El \u00faltimo partido\u00a0(contra Boca) el 2\/12\/79. Termin\u00f3 0 a 0 y la figura fue Hugo Gatti. El DT \u00a0azulgrana era Carlos Bilardo. El entrenador siempre recuerda \u00abLa \u00e9poca de Jos\u00e9 Alfredo Mart\u00ednez de Hoz, cuando se ca\u00eda todo\u00bb, dice.<\/p>\n<p>En diciembre del \u00b493, se inaugur\u00f3 el \u00abNuevo Gas\u00f3metro\u00bb, en el Bajo Flores, lejos del estadio construido entre 1915 y 1916, sobre terrenos de\u00a0la chacra perteneciente al Colegio Mar\u00eda Auxiliadora. Ampliado en 1928, durante la exitosa gesti\u00f3n del ex presidente Pedro Bidega\u00edn.<\/p>\n<p>La historia revela que en plena dictadura militar el jefe comunal, brigadier Osvaldo Cacciatore, apur\u00f3 la \u00abvirtual expropiaci\u00f3n\u00bb de los terrenos donde estuvo montado el imponente estadio de madera durante seis d\u00e9cadas.\u00a0El ciclo que concluy\u00f3 con el descenso lo encabez\u00f3 Vicente Bonina.<\/p>\n<p>Las hinchadas rivales hac\u00edan bromas\u00a0hirientes con estribillos alusivos al supermercado instalado en \u00abel\u00a0Wembley\u00bb porte\u00f1o, como se lo\u00a0llamaba\u00a0al Viejo Gas\u00f3metro.<\/p>\n<p>La autopista 25 de Mayo no iba a \u00abcruzar\u00bb estrictamente por la cancha. En todo\u00a0caso \u00abpasaba cerca\u00bb como qued\u00f3 demostrado m\u00e1s tarde. Sin embargo, hasta famosos periodistas hicieron lobby en favor del aviador Cacciatore.<\/p>\n<p>Los socios Juan Carlos Temez y Marcelo Pablo V\u00e1zquez, magistrado en el fuero penal, desde las \u201centra\u00f1as sanlorencistas\u201d produjeron un informe de 16 carillas donde \u00abimputan responsabilidades a qui\u00e9nes participaron de la venta\u00bb.<\/p>\n<p>Uno de los cap\u00edtulos dedicados al \u00abperiodismo complaciente\u00bb -as\u00ed dice el informe-\u00a0pone de relieve un llamado,\u00a0fuera de micr\u00f3fono, de un relator c\u00e9lebre en 1978, comentando que \u00abel brigadier (Cacciatore) est\u00e1 muy enojado con\u00a0San Lorenzo por demora de la aprobaci\u00f3n por asamblea de la cesi\u00f3n del terreno\u00bb,<\/p>\n<p>Las grader\u00edas de madera y estructura de hierro dieron lugar al bautismo inmortal: Gas\u00f3metro de Boedo, en avenida La Plata y Las Casas, circundado por la calle Incl\u00e1n. Dos manzanas en el coraz\u00f3n de la ciudad.\u00a0En los \u00b440 la selecci\u00f3n nacional jugaba en la cancha de San Lorenzo. Decisi\u00f3n de la AFA.<\/p>\n<p>La dictadura y una dirigencia presionada dej\u00f3 al f\u00fatbol argentino\u00a0sin un monumento hist\u00f3rico. Pusieron fin al m\u00e1s emblem\u00e1tico estadio con 65 a\u00f1os\u00a0de existencia. Bajo el eufemismo judicial de \u00abquiebra y liquidaci\u00f3n\u00bb. Una\u00a0asamblea de socios -no hubo mucha gente \u00abel miedo signaba el momento\u00bb,se\u00f1alaron los autores-, no pudo torcer el destino.<\/p>\n<p>Una novela de corrupci\u00f3n institucional\u00a0hace 33 a\u00f1os. La inauguraci\u00f3n del Nuevo Gas\u00f3metro el 16\/12\/93 durante el mandato de Fernando Miele, empresario dedicado al comercio exterior, luego destituido por causas judiciales. As\u00ed, San Lorenzo vivi\u00f3 la vuelta al estadio propio.<\/p>\n<p>Miele, procesado m\u00e1s tarde por estafa, condujo desde mediados de los \u00b480 y al cabo de una d\u00e9cada padeci\u00f3 el desgaste de una gesti\u00f3n con muchas contradicciones. En junio del \u00b495, San Lorenzo con H\u00e9ctor Bambino Veira como t\u00e9cnico fue campe\u00f3n del Clausura. No ganaba desde el Nacional \u00b474, dirigido por Osvaldo Zubeld\u00eda.<\/p>\n<p>En la venta de los terrores hace tres d\u00e9cadas, San Lorenzo recibi\u00f3 900 mil d\u00f3lares como anticipo de una sociedad an\u00f3nima\u00a0\u00abfantasma\u00bb -seg\u00fan el informe conocido-, en pleno auge de la \u00abpatria financiera\u00bb, mientras el club \u00ablevantaba\u00bb juicios y una quiebra.<\/p>\n<p>En el \u00b483, con la demolici\u00f3n de la cancha, la firma francesa Carrefour pagaba el equivalente a 8 millones de d\u00f3lares, por las dos manzanas que ocupaba el estadio desde 1916.<\/p>\n","protected":false},"excerpt":{"rendered":"<p>Una operaci\u00f3n fraudulenta en tiempos de la dictadura hab\u00eda privado al club de Boedo de su templo. Entre los recuerdos, varios grandes futbolistas fueron protagonistas del inolvidable Gas\u00f3metro de Avenida La Plata. Escenario tambi\u00e9n de la selecci\u00f3n nacional, en los \u00b440.<\/p>\n","protected":false},"author":4,"featured_media":0,"comment_status":"open","ping_status":"open","sticky":false,"template":"","format":"standard","meta":{"_jetpack_newsletter_access":"","_jetpack_dont_email_post_to_subs":false,"_jetpack_newsletter_tier_id":0,"_jetpack_memberships_contains_paywalled_content":false,"_jetpack_memberships_contains_paid_content":false,"footnotes":""},"categories":[1],"tags":[],"class_list":["post-5863","post","type-post","status-publish","format-standard","hentry","category-sociedad"],"jetpack_featured_media_url":"","jetpack_shortlink":"https:\/\/wp.me\/p2JWE0-1wz","jetpack-related-posts":[{"id":76815,"url":"https:\/\/www.24baires.com\/?p=76815","url_meta":{"origin":5863,"position":0},"title":"Carrefour acept\u00f3 la propuesta y San Lorenzo volver\u00e1 a Boedo","author":"GB","date":"23\/12\/2015","format":false,"excerpt":"La empresa acept\u00f3 finalmente la propuesta de San Lorenzo para venderle los terrenos de Avenida La Plata, donde el Cicl\u00f3n ten\u00eda la \"El Gas\u00f3metro\", por lo que el club y sus hinchas concretar\u00e1n la vuelta a Boedo. Celebran desde las 18 en el estadio Pedro Bidegain. \"Carrefour acept\u00f3 la propuesta\u2026","rel":"","context":"En \u00abSociedad\u00bb","block_context":{"text":"Sociedad","link":"https:\/\/www.24baires.com\/?cat=1"},"img":{"alt_text":"caslda","src":"https:\/\/i0.wp.com\/www.24baires.com\/wp-content\/uploads\/2015\/12\/caslda.jpg?resize=350%2C200","width":350,"height":200,"srcset":"https:\/\/i0.wp.com\/www.24baires.com\/wp-content\/uploads\/2015\/12\/caslda.jpg?resize=350%2C200 1x, https:\/\/i0.wp.com\/www.24baires.com\/wp-content\/uploads\/2015\/12\/caslda.jpg?resize=525%2C300 1.5x"},"classes":[]},{"id":42568,"url":"https:\/\/www.24baires.com\/?p=42568","url_meta":{"origin":5863,"position":1},"title":"San Lorenzo cada vez m\u00e1s cerca del Viejo Gas\u00f3metro","author":"Grupo Sierra","date":"21\/03\/2014","format":false,"excerpt":"El vicepresidente primero de San Lorenzo, Marcelo Tinelli, anunci\u00f3 que el club est\u00e1 \"cerca de firmar el acuerdo con Carrefour\", que le permitir\u00e1 iniciar el proyecto conjunto para la construcci\u00f3n del estadio en el predio de Avenida La Plata 1700, donde se mont\u00f3 el Viejo Gas\u00f3metro hasta 1979. El convenio\u2026","rel":"","context":"En \u00abDeportes\u00bb","block_context":{"text":"Deportes","link":"https:\/\/www.24baires.com\/?cat=12"},"img":{"alt_text":"san lorenzo lobo","src":"https:\/\/i0.wp.com\/www.24baires.com\/wp-content\/uploads\/2013\/09\/san-lorenzo-lobo.jpg?resize=350%2C200","width":350,"height":200,"srcset":"https:\/\/i0.wp.com\/www.24baires.com\/wp-content\/uploads\/2013\/09\/san-lorenzo-lobo.jpg?resize=350%2C200 1x, https:\/\/i0.wp.com\/www.24baires.com\/wp-content\/uploads\/2013\/09\/san-lorenzo-lobo.jpg?resize=525%2C300 1.5x"},"classes":[]},{"id":69898,"url":"https:\/\/www.24baires.com\/?p=69898","url_meta":{"origin":5863,"position":2},"title":"\u00abLos porte\u00f1os se han transformado en gurkas al borde del debate hasta por un canil\u00bb","author":"AF","date":"02\/08\/2015","format":false,"excerpt":"El jefe de Gobierno y candidato a presidente del PRO, Mauricio Macri, habl\u00f3 as\u00ed durante una charla con vecinos de Boedo, cuando fue consultado sobre la chance de San Lorenzo de volver a Boedo. El jefe de Gobierno porte\u00f1o y candidato a presidente del PRO, Mauricio Macri,asegur\u00f3 durante una charla\u2026","rel":"","context":"En \u00abSociedad\u00bb","block_context":{"text":"Sociedad","link":"https:\/\/www.24baires.com\/?cat=1"},"img":{"alt_text":"macri 4","src":"https:\/\/i0.wp.com\/www.24baires.com\/wp-content\/uploads\/2014\/09\/macri-41.jpg?resize=350%2C200","width":350,"height":200,"srcset":"https:\/\/i0.wp.com\/www.24baires.com\/wp-content\/uploads\/2014\/09\/macri-41.jpg?resize=350%2C200 1x, https:\/\/i0.wp.com\/www.24baires.com\/wp-content\/uploads\/2014\/09\/macri-41.jpg?resize=525%2C300 1.5x"},"classes":[]},{"id":41968,"url":"https:\/\/www.24baires.com\/?p=41968","url_meta":{"origin":5863,"position":3},"title":"San Lorenzo va por todo ante Uni\u00f3n Espa\u00f1ola de Chile por la Libertadores","author":"Grupo Sierra","date":"12\/03\/2014","format":false,"excerpt":"San Lorenzo recibir\u00e1 hoy a Uni\u00f3n Espa\u00f1ola, de Chile, con la impostergable necesidad de vencer para acrecentar sus posibilidades de avanzar a los octavos de final de la Copa Libertadores de Am\u00e9rica, en un partido por el Grupo 2 del m\u00e1ximo certamen continental. El encuentro se jugar\u00e1 en el estadio\u2026","rel":"","context":"En \u00abDeportes\u00bb","block_context":{"text":"Deportes","link":"https:\/\/www.24baires.com\/?cat=12"},"img":{"alt_text":"san lorenzo lobo","src":"https:\/\/i0.wp.com\/www.24baires.com\/wp-content\/uploads\/2013\/09\/san-lorenzo-lobo.jpg?resize=350%2C200","width":350,"height":200,"srcset":"https:\/\/i0.wp.com\/www.24baires.com\/wp-content\/uploads\/2013\/09\/san-lorenzo-lobo.jpg?resize=350%2C200 1x, https:\/\/i0.wp.com\/www.24baires.com\/wp-content\/uploads\/2013\/09\/san-lorenzo-lobo.jpg?resize=525%2C300 1.5x"},"classes":[]},{"id":51767,"url":"https:\/\/www.24baires.com\/?p=51767","url_meta":{"origin":5863,"position":4},"title":"San Lorenzo campe\u00f3n de la Copa Libertadores de Am\u00e9rica","author":"Grupo Sierra","date":"13\/08\/2014","format":false,"excerpt":"Con gol de N\u00e9stor Ortigoza de penal a los 36 minutos del primer tiempo, el equipo de Bauza derrot\u00f3 1 a 0 al de Morinigo y por primerta vez consigui\u00f3 el ansiado torneo contiental. San Lorenzo venci\u00f3 1-0 a Nacional de Paraguay en la final de la Libertadores en el\u2026","rel":"","context":"En \u00abDeportes\u00bb","block_context":{"text":"Deportes","link":"https:\/\/www.24baires.com\/?cat=12"},"img":{"alt_text":"san lorenzo","src":"https:\/\/i0.wp.com\/www.24baires.com\/wp-content\/uploads\/2014\/08\/san-lorenzo.jpg?resize=350%2C200","width":350,"height":200,"srcset":"https:\/\/i0.wp.com\/www.24baires.com\/wp-content\/uploads\/2014\/08\/san-lorenzo.jpg?resize=350%2C200 1x, https:\/\/i0.wp.com\/www.24baires.com\/wp-content\/uploads\/2014\/08\/san-lorenzo.jpg?resize=525%2C300 1.5x"},"classes":[]},{"id":7138,"url":"https:\/\/www.24baires.com\/?p=7138","url_meta":{"origin":5863,"position":5},"title":"\u00abNo s\u00e9 qu\u00e9 m\u00e1s hacer para ganar\u00bb solloz\u00f3 el &#8216;Tolo&#8217;","author":"Grupo Sierra","date":"28\/11\/2012","format":false,"excerpt":"El entrenador de Independiente, Am\u00e9rico 'Tolo' \u00a0Gallego, afirm\u00f3 este mi\u00e9rcoles que su equipo jug\u00f3 \"bien\" a pesar de la derrota ante Belgrano (1-2) y por tal motivo expres\u00f3 su incredulidad por el resultado. \"No s\u00e9 m\u00e1s qu\u00e9 hacer para ganar\", indic\u00f3 Gallego en rueda de prensa una vez finalizado el\u2026","rel":"","context":"En \u00abDeportes\u00bb","block_context":{"text":"Deportes","link":"https:\/\/www.24baires.com\/?cat=12"},"img":{"alt_text":"","src":"https:\/\/i0.wp.com\/www.24baires.com\/wp-content\/uploads\/2012\/11\/tolo.jpg?resize=350%2C200","width":350,"height":200,"srcset":"https:\/\/i0.wp.com\/www.24baires.com\/wp-content\/uploads\/2012\/11\/tolo.jpg?resize=350%2C200 1x, https:\/\/i0.wp.com\/www.24baires.com\/wp-content\/uploads\/2012\/11\/tolo.jpg?resize=525%2C300 1.5x"},"classes":[]}],"jetpack_sharing_enabled":true,"jetpack_likes_enabled":true,"_links":{"self":[{"href":"https:\/\/www.24baires.com\/index.php?rest_route=\/wp\/v2\/posts\/5863","targetHints":{"allow":["GET"]}}],"collection":[{"href":"https:\/\/www.24baires.com\/index.php?rest_route=\/wp\/v2\/posts"}],"about":[{"href":"https:\/\/www.24baires.com\/index.php?rest_route=\/wp\/v2\/types\/post"}],"author":[{"embeddable":true,"href":"https:\/\/www.24baires.com\/index.php?rest_route=\/wp\/v2\/users\/4"}],"replies":[{"embeddable":true,"href":"https:\/\/www.24baires.com\/index.php?rest_route=%2Fwp%2Fv2%2Fcomments&post=5863"}],"version-history":[{"count":2,"href":"https:\/\/www.24baires.com\/index.php?rest_route=\/wp\/v2\/posts\/5863\/revisions"}],"predecessor-version":[{"id":5866,"href":"https:\/\/www.24baires.com\/index.php?rest_route=\/wp\/v2\/posts\/5863\/revisions\/5866"}],"wp:attachment":[{"href":"https:\/\/www.24baires.com\/index.php?rest_route=%2Fwp%2Fv2%2Fmedia&parent=5863"}],"wp:term":[{"taxonomy":"category","embeddable":true,"href":"https:\/\/www.24baires.com\/index.php?rest_route=%2Fwp%2Fv2%2Fcategories&post=5863"},{"taxonomy":"post_tag","embeddable":true,"href":"https:\/\/www.24baires.com\/index.php?rest_route=%2Fwp%2Fv2%2Ftags&post=5863"}],"curies":[{"name":"wp","href":"https:\/\/api.w.org\/{rel}","templated":true}]}}