{"id":58483,"date":"2014-12-11T17:43:59","date_gmt":"2014-12-11T20:43:59","guid":{"rendered":"http:\/\/www.24baires.com\/?p=58483"},"modified":"2014-12-11T17:43:59","modified_gmt":"2014-12-11T20:43:59","slug":"la-valentia-de-margarita","status":"publish","type":"post","link":"https:\/\/www.24baires.com\/?p=58483","title":{"rendered":"La valent\u00eda de Margarita"},"content":{"rendered":"<p><img data-recalc-dims=\"1\" loading=\"lazy\" decoding=\"async\" class=\"aligncenter size-full wp-image-52048\" src=\"https:\/\/i0.wp.com\/www.24baires.com\/wp-content\/uploads\/2014\/08\/Stolbizer2.jpg?resize=560%2C336\" alt=\"Stolbizer2\" width=\"560\" height=\"336\" srcset=\"https:\/\/i0.wp.com\/www.24baires.com\/wp-content\/uploads\/2014\/08\/Stolbizer2.jpg?w=560&amp;ssl=1 560w, https:\/\/i0.wp.com\/www.24baires.com\/wp-content\/uploads\/2014\/08\/Stolbizer2.jpg?resize=300%2C180&amp;ssl=1 300w\" sizes=\"auto, (max-width: 560px) 100vw, 560px\" \/>Me fui de vacaciones. Todo muy lindo, si, gracias. La cosa es que estuve ausente dos semanas en las que fui leyendo, como a trav\u00e9s de un vidrio empa\u00f1ado, los temas m\u00e1s trascendentes de la pol\u00edtica nacional. Porque aunque nos tomemos unos d\u00edas, hay cosas que no estamos acostumbrados a dejar de hacer, somos esclavos de nuestros intereses, de nuestra curiosidad y, -es la vida que nos toca- de la informaci\u00f3n. Por eso es f\u00e1cil para algunos intentar manipularnos, pero ese es otro tema, para otro momento.<!--more--><\/p>\n<p>En fin, le\u00ed algunas cosas, escuch\u00e9 bastante Radio Nacional, que dicho sea de paso era la que mejor se\u00f1al ten\u00eda en la monta\u00f1a. Me enter\u00e9 de todo lo que hizo el Ministro de Econom\u00eda, que estuvo representando al pa\u00eds en importantes reuniones internacionales, por ejemplo. Tambi\u00e9n supe de la denuncia de Stolbizer por la no presentaci\u00f3n de unos papeles en un s\u00f3lo mostrador de una empresa heredada en parte por nuestra Presidenta. Pero, aunque entend\u00ed al instante la intencionalidad pol\u00edtica de esto, me llam\u00f3 mucho la atenci\u00f3n como el Juez Bonad\u00edo, de la mano de Margarita, se ubicaba como actor principal de la escena. Tambi\u00e9n fue interesante como la Jefa del GEN despu\u00e9s quiso desembarazarse de este hombre eternamente cuestionado en los medios y lo mal que esto le sali\u00f3. Pasa que es complicado intentar defender al Juez que figuraba en la famosa servilleta, all\u00e1 por los \u201990, donde se dec\u00eda que era \u201cf\u00e1cil de comprar\u201d su forma de impartir justicia. Esto \u00faltimo en sentido figurado, claro.<\/p>\n<p>De hecho, tambi\u00e9n me enter\u00e9 que el Consejo de la Magistratura lo sancion\u00f3 con una quita del 30% de su salario por las causas que acumula en su contra (y est\u00e1 denunciado por la Asociaci\u00f3n Civil por la Igualdad y la Justicia por mal desempe\u00f1o en sus funciones porque ya tiene demoras de m\u00e1s de diez a\u00f1os en casos de corrupci\u00f3n contra el Estado como el astillero Tandanor y la curtiembre Yoma). Ahora fue recusado como consecuencia de las irregularidades cometidas al ordenar sin ning\u00fan tipo de justificativo allanamientos en organismos p\u00fablicos en la causa que se investiga a la empresa Hotesur, la de la denuncia de Stolbizer. Pero como CFK forma parte del directorio, Bonad\u00edo no esper\u00f3 d\u00e9cadas como con el menemismo y accion\u00f3 r\u00e1pido y mal.<\/p>\n<p>Del hecho de que Eduardo Amadeo, el saltar\u00edn ex diputado que en julio dej\u00f3 el massismo para \u201cmilitar por Macri\u201d, haya dicho que hab\u00eda que hacer una colecta para juntar ese 30% que el Consejo de la Magistratura le recort\u00f3 en el sueldo a Bonad\u00edo, no merece mayor an\u00e1lisis porque los chistes no se explican, dicen.<\/p>\n<p>Pero lo m\u00e1s loco fue que cuando llegu\u00e9 a Mar del Plata encontr\u00e9 muchos afiches de Stolbizer, de esos m\u00e1s peque\u00f1os que luego las empresas due\u00f1as de carteleras cruzan con la banda de publicidad ilegal. Una sola palabra acapara la atenci\u00f3n en esos carteles: Valent\u00eda. Llamativo. Desconcertante, dir\u00eda. \u00bfCu\u00e1nto valor se necesita para exponer a un Juez que fue denunciado penalmente por la Oficina Anticorrupci\u00f3n como si fuera la paloma blanca de la justicia? Quiz\u00e1 mucho. No lo s\u00e9, siempre me figuro a la valent\u00eda fluyendo de personas embarcadas en causas nobles, no de cosas as\u00ed. \u00bfSe necesita mucho valor para hacerse la olvidadiza con lo que Bonad\u00edo hizo con la causa AMIA? Evidentemente. Porque aunque despu\u00e9s haya querido despegarse de \u00e9l, dijo que \u201cBonad\u00edo investiga delitos que al poder le molestan\u201d. No Marga. Bonad\u00edo s\u00f3lo investiga lo que le conviene al poder que lo sostiene, que se evidencia no es el oficialismo. Lo que molesta es que hombres como \u00e9l sean parte de la Justicia. Mejor junt\u00e1 toda esa valent\u00eda desparramada en miles de afiches y animate a decir eso.<\/p>\n<p>&nbsp;<\/p>\n<p>&nbsp;<\/p>\n<p>&nbsp;<\/p>\n","protected":false},"excerpt":{"rendered":"<p>Me fui de vacaciones. Todo muy lindo, si, gracias. La cosa es que estuve ausente dos semanas en las que fui leyendo, como a trav\u00e9s de un vidrio empa\u00f1ado, los temas m\u00e1s trascendentes de la pol\u00edtica nacional. Porque aunque nos tomemos unos d\u00edas, hay cosas que no estamos acostumbrados a dejar de hacer, somos esclavos de nuestros intereses, de nuestra [&#8230;]<\/p>\n","protected":false},"author":8,"featured_media":0,"comment_status":"open","ping_status":"open","sticky":false,"template":"","format":"standard","meta":{"_jetpack_newsletter_access":"","_jetpack_dont_email_post_to_subs":false,"_jetpack_newsletter_tier_id":0,"_jetpack_memberships_contains_paywalled_content":false,"_jetpack_memberships_contains_paid_content":false,"footnotes":""},"categories":[64],"tags":[],"class_list":["post-58483","post","type-post","status-publish","format-standard","hentry","category-opinion"],"jetpack_featured_media_url":"","jetpack_shortlink":"https:\/\/wp.me\/p2JWE0-fdh","jetpack-related-posts":[{"id":47937,"url":"https:\/\/www.24baires.com\/?p=47937","url_meta":{"origin":58483,"position":0},"title":"Una banda de rock de Pergamino le escribi\u00f3 un tema a la Selecci\u00f3n","author":"GB","date":"13\/06\/2014","format":false,"excerpt":"Siempre pasa algo compuso \u201cLas cosas que yo dar\u00eda\u201d, un hit que alienta al equipo nacional y pide volver a ganar un Mundial. En exclusiva con InfoGEI, Franco di Benedetto, cantante y guitarrista, coment\u00f3 c\u00f3mo surgi\u00f3 la iniciativa y, adem\u00e1s, adelant\u00f3 los futuros proyectos del grupo. Siempre pasa algo es\u2026","rel":"","context":"En \u00abCultura\u00bb","block_context":{"text":"Cultura","link":"https:\/\/www.24baires.com\/?cat=66"},"img":{"alt_text":"rock","src":"https:\/\/i0.wp.com\/www.24baires.com\/wp-content\/uploads\/2014\/06\/rock.jpg?resize=350%2C200","width":350,"height":200,"srcset":"https:\/\/i0.wp.com\/www.24baires.com\/wp-content\/uploads\/2014\/06\/rock.jpg?resize=350%2C200 1x, https:\/\/i0.wp.com\/www.24baires.com\/wp-content\/uploads\/2014\/06\/rock.jpg?resize=525%2C300 1.5x"},"classes":[]},{"id":96165,"url":"https:\/\/www.24baires.com\/?p=96165","url_meta":{"origin":58483,"position":1},"title":"Randazzo advirti\u00f3 que se est\u00e1 haciendo \u00abmarketing con el tema de la corrupci\u00f3n\u00bb","author":"Grupo Sierra","date":"25\/07\/2017","format":false,"excerpt":"El precandidato a senador nacional por la provincia de Buenos Aires del frente \"Cumplir\" Florencio Randazzo volvi\u00f3 a defender hoy su gesti\u00f3n como ministro durante el kirchnerismo y advirti\u00f3 que se hace \"marketing con el tema de la corrupci\u00f3n\"y agreg\u00f3 \"la idea de generalizar es perversa y no conduce a\u2026","rel":"","context":"En \u00abELECCIONES 2017\u00bb","block_context":{"text":"ELECCIONES 2017","link":"https:\/\/www.24baires.com\/?cat=325"},"img":{"alt_text":"","src":"https:\/\/i0.wp.com\/www.24baires.com\/wp-content\/uploads\/2015\/08\/randazzo-v.jpg?resize=350%2C200","width":350,"height":200,"srcset":"https:\/\/i0.wp.com\/www.24baires.com\/wp-content\/uploads\/2015\/08\/randazzo-v.jpg?resize=350%2C200 1x, https:\/\/i0.wp.com\/www.24baires.com\/wp-content\/uploads\/2015\/08\/randazzo-v.jpg?resize=525%2C300 1.5x"},"classes":[]},{"id":73269,"url":"https:\/\/www.24baires.com\/?p=73269","url_meta":{"origin":58483,"position":2},"title":"La ministra \u00c1lvarez Rodr\u00edguez se manifest\u00f3 a favor de discutir la despenalizaci\u00f3n del aborto","author":"AF","date":"07\/10\/2015","format":false,"excerpt":"La ministra de Gobierno bonaerense y candidata a diputada nacional, Cristina \u00c1lvarez Rodr\u00edguez, llam\u00f3 a discutir la despenalizaci\u00f3n del aborto y denunci\u00f3 que \"existe una doble moral con el tema\". La funcionaria aclar\u00f3 que esa es \"su posici\u00f3n personal\", y record\u00f3 que tanto Cristina Fern\u00e1ndez de Kirchner como el gobernador\u2026","rel":"","context":"En \u00abSociedad\u00bb","block_context":{"text":"Sociedad","link":"https:\/\/www.24baires.com\/?cat=1"},"img":{"alt_text":"alvarez-rodriguez - cristina","src":"https:\/\/i0.wp.com\/www.24baires.com\/wp-content\/uploads\/2012\/10\/alvarez-rodriguez-cristina.jpg?resize=350%2C200","width":350,"height":200,"srcset":"https:\/\/i0.wp.com\/www.24baires.com\/wp-content\/uploads\/2012\/10\/alvarez-rodriguez-cristina.jpg?resize=350%2C200 1x, https:\/\/i0.wp.com\/www.24baires.com\/wp-content\/uploads\/2012\/10\/alvarez-rodriguez-cristina.jpg?resize=525%2C300 1.5x"},"classes":[]},{"id":31359,"url":"https:\/\/www.24baires.com\/?p=31359","url_meta":{"origin":58483,"position":3},"title":"\u00abEs un G20 en el cual se est\u00e1n hablando de las cosas que se tienen que hablar\u00bb","author":"GB","date":"05\/09\/2013","format":false,"excerpt":"La presidenta Cristina Fern\u00e1ndez de Kirchner manifest\u00f3 su satisfacci\u00f3n por el contenido del documento final de la cumbre del G-20 y resalt\u00f3 como \"un logro\" la inclusi\u00f3n de pronunciamientos sobre los para\u00edsos fiscales, denominados desde ahora \"guaridas\" por iniciativa argentina, la sustentabilidad para el pago de la deuda y la\u2026","rel":"","context":"En \u00abPol\u00edtica\u00bb","block_context":{"text":"Pol\u00edtica","link":"https:\/\/www.24baires.com\/?cat=51"},"img":{"alt_text":"Cristina G20","src":"https:\/\/i0.wp.com\/www.24baires.com\/wp-content\/uploads\/2013\/09\/Cristina-G20.jpg?resize=350%2C200","width":350,"height":200},"classes":[]},{"id":74162,"url":"https:\/\/www.24baires.com\/?p=74162","url_meta":{"origin":58483,"position":4},"title":"An\u00edbal Fern\u00e1ndez felicit\u00f3 a Vidal por el triunfo en la Provincia","author":"AF","date":"26\/10\/2015","format":false,"excerpt":"El Jefe de Gabinete, An\u00edbal Fern\u00e1ndez, reconoci\u00f3 esta ma\u00f1ana la derrota electoral y felicit\u00f3 a la gobernadora electa por Cambiemos, Mar\u00eda Eugenia Vidal, a quien le dese\u00f3 \"que le vaya excelentemente bien\" en su gesti\u00f3n. En su habitual encuentro matutino con los periodistas al ingresar a la Casa Rosada, el\u2026","rel":"","context":"En \u00abElecciones 2015\u00bb","block_context":{"text":"Elecciones 2015","link":"https:\/\/www.24baires.com\/?cat=74"},"img":{"alt_text":"anibal conferencia","src":"https:\/\/i0.wp.com\/www.24baires.com\/wp-content\/uploads\/2015\/04\/anibal-conferencia.jpg?resize=350%2C200","width":350,"height":200,"srcset":"https:\/\/i0.wp.com\/www.24baires.com\/wp-content\/uploads\/2015\/04\/anibal-conferencia.jpg?resize=350%2C200 1x, https:\/\/i0.wp.com\/www.24baires.com\/wp-content\/uploads\/2015\/04\/anibal-conferencia.jpg?resize=525%2C300 1.5x"},"classes":[]},{"id":51557,"url":"https:\/\/www.24baires.com\/?p=51557","url_meta":{"origin":58483,"position":5},"title":"Cabandi\u00e9: \u00abMuchos nietos buscan su identidad impulsados por la pol\u00edtica de DDHH\u00bb","author":"Grupo Sierra","date":"10\/08\/2014","format":false,"excerpt":"El diputado nacional del Frente para la Victoria (FPV) por la ciudad de Buenos Aires y nieto recuperado, Juan Cabandi\u00e9, consider\u00f3 que la pol\u00edtica de derechos humanos desarrollada por el kirchnerismo desde 2003 \u201cinfluye much\u00edsimo para que los nietos busquen sus verdaderas identidades\u201d. \u201cDesde 2003, la recuperaci\u00f3n de la identidad\u2026","rel":"","context":"En \u00abMemoria\u00bb","block_context":{"text":"Memoria","link":"https:\/\/www.24baires.com\/?cat=50"},"img":{"alt_text":"cabandi\u00e9","src":"https:\/\/i0.wp.com\/www.24baires.com\/wp-content\/uploads\/2013\/10\/cabandi%C3%A9.jpg?resize=350%2C200","width":350,"height":200,"srcset":"https:\/\/i0.wp.com\/www.24baires.com\/wp-content\/uploads\/2013\/10\/cabandi%C3%A9.jpg?resize=350%2C200 1x, https:\/\/i0.wp.com\/www.24baires.com\/wp-content\/uploads\/2013\/10\/cabandi%C3%A9.jpg?resize=525%2C300 1.5x"},"classes":[]}],"jetpack_sharing_enabled":true,"jetpack_likes_enabled":true,"_links":{"self":[{"href":"https:\/\/www.24baires.com\/index.php?rest_route=\/wp\/v2\/posts\/58483","targetHints":{"allow":["GET"]}}],"collection":[{"href":"https:\/\/www.24baires.com\/index.php?rest_route=\/wp\/v2\/posts"}],"about":[{"href":"https:\/\/www.24baires.com\/index.php?rest_route=\/wp\/v2\/types\/post"}],"author":[{"embeddable":true,"href":"https:\/\/www.24baires.com\/index.php?rest_route=\/wp\/v2\/users\/8"}],"replies":[{"embeddable":true,"href":"https:\/\/www.24baires.com\/index.php?rest_route=%2Fwp%2Fv2%2Fcomments&post=58483"}],"version-history":[{"count":1,"href":"https:\/\/www.24baires.com\/index.php?rest_route=\/wp\/v2\/posts\/58483\/revisions"}],"predecessor-version":[{"id":58484,"href":"https:\/\/www.24baires.com\/index.php?rest_route=\/wp\/v2\/posts\/58483\/revisions\/58484"}],"wp:attachment":[{"href":"https:\/\/www.24baires.com\/index.php?rest_route=%2Fwp%2Fv2%2Fmedia&parent=58483"}],"wp:term":[{"taxonomy":"category","embeddable":true,"href":"https:\/\/www.24baires.com\/index.php?rest_route=%2Fwp%2Fv2%2Fcategories&post=58483"},{"taxonomy":"post_tag","embeddable":true,"href":"https:\/\/www.24baires.com\/index.php?rest_route=%2Fwp%2Fv2%2Ftags&post=58483"}],"curies":[{"name":"wp","href":"https:\/\/api.w.org\/{rel}","templated":true}]}}