{"id":5847,"date":"2012-11-17T21:33:29","date_gmt":"2012-11-18T00:33:29","guid":{"rendered":"http:\/\/www.24baires.com\/?p=5847"},"modified":"2012-11-17T21:33:29","modified_gmt":"2012-11-18T00:33:29","slug":"se-realiza-la-fiesta-provincial-del-dulce-de-leche-en-canuelas","status":"publish","type":"post","link":"https:\/\/www.24baires.com\/?p=5847","title":{"rendered":"Se realiza la Fiesta Provincial del Dulce de Leche en Ca\u00f1uelas"},"content":{"rendered":"<p><img data-recalc-dims=\"1\" loading=\"lazy\" decoding=\"async\" class=\"alignleft size-medium wp-image-4854\" title=\"dleche_ca\u00f1uelas\" src=\"https:\/\/i0.wp.com\/www.24baires.com\/wp-content\/uploads\/2012\/11\/dleche_ca%C3%B1uelas.jpg?resize=300%2C184\" alt=\"\" width=\"300\" height=\"184\" srcset=\"https:\/\/i0.wp.com\/www.24baires.com\/wp-content\/uploads\/2012\/11\/dleche_ca%C3%B1uelas.jpg?resize=300%2C184&amp;ssl=1 300w, https:\/\/i0.wp.com\/www.24baires.com\/wp-content\/uploads\/2012\/11\/dleche_ca%C3%B1uelas.jpg?w=560&amp;ssl=1 560w\" sizes=\"auto, (max-width: 300px) 100vw, 300px\" \/>Productores de la provincia y el pa\u00eds exponen su trabajo en un evento que adem\u00e1s tiene ribetes culturales. Esta noche se presenta Le\u00f3n Gieco. Anoche cerraron la jornada Soledad Pastorutti y Los Aut\u00e9nticos Decadentes con m\u00e1s de 30 mil personas en el predio. \u201cFue una fiesta inclusiva y popular\u201d, manifest\u00f3 la coordinadora del evento, Evangelina Donad\u00edo.<!--more--><\/p>\n<p>Durante este fin de semana se realiza en el Centro de Exposiciones de Ca\u00f1uelas una nueva edici\u00f3n de la Fiesta Provincia del Dulce Leche. La coordinadora del evento, Evangelina Donad\u00edo, inform\u00f3 que \u201cabrimos las puertas a las 10:30 hasta las 21 cuando tenemos los show m\u00e1s importantes\u201d. Sostuvo que anoche cerraron la jornada Soledad Pastorutti y Los Aut\u00e9nticos Decadentes con m\u00e1s de 30 mil personas en el predio. \u201cFue una fiesta inclusiva y popular\u201d, manifest\u00f3. En tanto, hoy estar\u00e1 Le\u00f3n Gieco y se har\u00e1 la elecci\u00f3n de la Reina del Dulce de Leche, mientras que ma\u00f1ana finalizar\u00e1 la celebraci\u00f3n el grupo La Bersuit.<\/p>\n<p>En declaraciones a Radio Provincia, Donad\u00edo dijo que \u201cen Ca\u00f1uelas tenemos un espacio para los tamberos\u201d quienes \u201chacen dulce de leche, tenemos a la empresa Mayol, la Escuela Agrotecnica Don Bosco, algunos peque\u00f1os productores\u201d. En tanto, indic\u00f3 que \u201cesta fiesta provincial tiene cerca de 30 productores de toda la provincia y de la Argentina\u201d.<\/p>\n<p>Por \u00faltimo, expres\u00f3 que tambi\u00e9n tienen su espacio \u201cm\u00e1s de 60 artesanos, productores de ferias rural, familias productoras, gastron\u00f3micos y a esto se le suma todo el comercio y la industria de Ca\u00f1uelas, superando los 300 stands\u201d.<\/p>\n<p>&nbsp;<\/p>\n<p>&nbsp;<\/p>\n<p>&nbsp;<\/p>\n<p>&nbsp;<\/p>\n","protected":false},"excerpt":{"rendered":"<p>Productores de la provincia y el pa\u00eds exponen su trabajo en un evento que adem\u00e1s tiene ribetes culturales. Esta noche se presenta Le\u00f3n Gieco. Anoche cerraron la jornada Soledad Pastorutti y Los Aut\u00e9nticos Decadentes con m\u00e1s de 30 mil personas en el predio. \u201cFue una fiesta inclusiva y popular\u201d, manifest\u00f3 la coordinadora del evento, Evangelina Donad\u00edo.<\/p>\n","protected":false},"author":11,"featured_media":0,"comment_status":"open","ping_status":"open","sticky":false,"template":"","format":"standard","meta":{"_jetpack_newsletter_access":"","_jetpack_dont_email_post_to_subs":false,"_jetpack_newsletter_tier_id":0,"_jetpack_memberships_contains_paywalled_content":false,"_jetpack_memberships_contains_paid_content":false,"footnotes":""},"categories":[38],"tags":[],"class_list":["post-5847","post","type-post","status-publish","format-standard","hentry","category-locales"],"jetpack_featured_media_url":"","jetpack_shortlink":"https:\/\/wp.me\/p2JWE0-1wj","jetpack-related-posts":[{"id":4853,"url":"https:\/\/www.24baires.com\/?p=4853","url_meta":{"origin":5847,"position":0},"title":"Se viene la Expo-Fiesta del Dulce de Leche en Ca\u00f1uelas","author":"Grupo Sierra","date":"09\/11\/2012","format":false,"excerpt":"Este s\u00e1bado 10 y domingo 11, se realizar\u00e1 la 18\u00aa edici\u00f3n \u201cExpo Ca\u00f1uelas 2012\u201d y la \u00a0XVI Fiesta Provincial del Dulce de Leche, dos encuentros de los m\u00e1s importantes de la provincia. La jornada comienza oficialmente con un acto de apertura que se desarrollar\u00e1 hacia las 11 horas del d\u00eda\u2026","rel":"","context":"En \u00abLocales\u00bb","block_context":{"text":"Locales","link":"https:\/\/www.24baires.com\/?cat=38"},"img":{"alt_text":"","src":"https:\/\/i0.wp.com\/www.24baires.com\/wp-content\/uploads\/2012\/11\/dleche_ca%C3%B1uelas.jpg?resize=350%2C200","width":350,"height":200,"srcset":"https:\/\/i0.wp.com\/www.24baires.com\/wp-content\/uploads\/2012\/11\/dleche_ca%C3%B1uelas.jpg?resize=350%2C200 1x, https:\/\/i0.wp.com\/www.24baires.com\/wp-content\/uploads\/2012\/11\/dleche_ca%C3%B1uelas.jpg?resize=525%2C300 1.5x"},"classes":[]},{"id":35239,"url":"https:\/\/www.24baires.com\/?p=35239","url_meta":{"origin":5847,"position":1},"title":"Comenz\u00f3 en Ca\u00f1uelas la 17\u00aa Fiesta del Dulce de Leche","author":"AF","date":"16\/11\/2013","format":false,"excerpt":"Uno de los organizadores, Mariano Pitarch, expres\u00f3 que cuenta con la presencia de numerosos microproductores de todo el pa\u00eds. El organizador, mencion\u00f3 que arranca este fin de semana con actividades como esta noche el recital del Chaque\u00f1o Palavecino con entrada popular de diez pesos. Tambi\u00e9n cont\u00f3 que la localidad de\u2026","rel":"","context":"En \u00abLocales\u00bb","block_context":{"text":"Locales","link":"https:\/\/www.24baires.com\/?cat=38"},"img":{"alt_text":"fiesta ddk","src":"https:\/\/i0.wp.com\/www.24baires.com\/wp-content\/uploads\/2013\/11\/fiesta-ddk.jpg?resize=350%2C200","width":350,"height":200},"classes":[]},{"id":36828,"url":"https:\/\/www.24baires.com\/?p=36828","url_meta":{"origin":5847,"position":2},"title":"La Plata detr\u00e1s del mejor pan dulce","author":"Grupo Sierra","date":"14\/12\/2013","format":false,"excerpt":"Hoy y ma\u00f1ana la Plaza Moreno ser\u00e1 el punto de encuentro de las distintas panader\u00edas y confiter\u00edas de la ciudad, que celebrar\u00e1n en el horario de 16 a 22, la 3\u00ba Edici\u00f3n de la Fiesta Nacional del Pan Dulce. \u00a0 El evento, organizado por la Municipalidad de La Plata en\u2026","rel":"","context":"En \u00abLocales\u00bb","block_context":{"text":"Locales","link":"https:\/\/www.24baires.com\/?cat=38"},"img":{"alt_text":"pan-dulce-2","src":"https:\/\/i0.wp.com\/www.24baires.com\/wp-content\/uploads\/2013\/12\/pan-dulce-2.jpg?resize=350%2C200","width":350,"height":200},"classes":[]},{"id":7751,"url":"https:\/\/www.24baires.com\/?p=7751","url_meta":{"origin":5847,"position":3},"title":"M\u00e1s de 80 mil personas vibraron con el Chaque\u00f1o Palavecino en Laferrere","author":"Grupo Sierra","date":"03\/12\/2012","format":false,"excerpt":"LA MATANZA - \u201cEsta es la fiesta de la cultura en La Matanza, aqu\u00ed en Gregorio de Laferrere, un d\u00eda que esperamos durante todo el a\u00f1o en un mega evento, con la presencia de un artista popular, el mejor de la Argentina, nuestro querido Chaque\u00f1o Palavecino\u201d, dijo el Intendente Fernando\u2026","rel":"","context":"En \u00abLocales\u00bb","block_context":{"text":"Locales","link":"https:\/\/www.24baires.com\/?cat=38"},"img":{"alt_text":"","src":"https:\/\/i0.wp.com\/www.24baires.com\/wp-content\/uploads\/2012\/12\/chaque%C3%B1o-matanza.jpg?resize=350%2C200","width":350,"height":200,"srcset":"https:\/\/i0.wp.com\/www.24baires.com\/wp-content\/uploads\/2012\/12\/chaque%C3%B1o-matanza.jpg?resize=350%2C200 1x, https:\/\/i0.wp.com\/www.24baires.com\/wp-content\/uploads\/2012\/12\/chaque%C3%B1o-matanza.jpg?resize=525%2C300 1.5x"},"classes":[]},{"id":58874,"url":"https:\/\/www.24baires.com\/?p=58874","url_meta":{"origin":5847,"position":4},"title":"Lanzaron la 41\u00b0 edici\u00f3n del Festival Nacional de M\u00fasica Popular argentina Baradero 2015","author":"GB","date":"19\/12\/2014","format":false,"excerpt":"Con las actuaciones principales de Valeria Lynch, Patricia Sosa, el Chaque\u00f1o Palavecino, Vitillo Abalos, Los Aut\u00e9nticos Decadentes, Peteco Carabajal, Los Alonsitos y Facundo Toro entre otros, se desarrollar\u00e1 entre el 11 y el 15 de febrero la 41 edici\u00f3n del Festival Nacional de M\u00fasica Popular Argentina de Baradero 2015, que\u2026","rel":"","context":"En \u00abEspectaculos\u00bb","block_context":{"text":"Espectaculos","link":"https:\/\/www.24baires.com\/?cat=41"},"img":{"alt_text":"baile  pepular","src":"https:\/\/i0.wp.com\/www.24baires.com\/wp-content\/uploads\/2014\/12\/baile-pepular.jpg?resize=350%2C200","width":350,"height":200,"srcset":"https:\/\/i0.wp.com\/www.24baires.com\/wp-content\/uploads\/2014\/12\/baile-pepular.jpg?resize=350%2C200 1x, https:\/\/i0.wp.com\/www.24baires.com\/wp-content\/uploads\/2014\/12\/baile-pepular.jpg?resize=525%2C300 1.5x"},"classes":[]},{"id":44228,"url":"https:\/\/www.24baires.com\/?p=44228","url_meta":{"origin":5847,"position":5},"title":"Llega a Ingeniero White la 26\u00aa \u00abFiesta Nacional del Camar\u00f3n y el Langostino\u00bb","author":"AF","date":"19\/04\/2014","format":false,"excerpt":"La fiesta se\u00a0realizar\u00e1 hasta el Domingo y contar\u00e1 con la participaci\u00f3n de importantes artistas nacionales y una carpa para degustaciones con especialistas de la cocina. La 26\u00aa edici\u00f3n de la Fiesta Nacional del Camar\u00f3n y el Langostino comenz\u00f3 este Jueves con 4 d\u00edas en los que se podr\u00e1 disfrutar de\u2026","rel":"","context":"En \u00abLocales\u00bb","block_context":{"text":"Locales","link":"https:\/\/www.24baires.com\/?cat=38"},"img":{"alt_text":"langostinos","src":"https:\/\/i0.wp.com\/www.24baires.com\/wp-content\/uploads\/2014\/04\/langostinos.jpg?resize=350%2C200","width":350,"height":200,"srcset":"https:\/\/i0.wp.com\/www.24baires.com\/wp-content\/uploads\/2014\/04\/langostinos.jpg?resize=350%2C200 1x, https:\/\/i0.wp.com\/www.24baires.com\/wp-content\/uploads\/2014\/04\/langostinos.jpg?resize=525%2C300 1.5x"},"classes":[]}],"jetpack_sharing_enabled":true,"jetpack_likes_enabled":true,"_links":{"self":[{"href":"https:\/\/www.24baires.com\/index.php?rest_route=\/wp\/v2\/posts\/5847","targetHints":{"allow":["GET"]}}],"collection":[{"href":"https:\/\/www.24baires.com\/index.php?rest_route=\/wp\/v2\/posts"}],"about":[{"href":"https:\/\/www.24baires.com\/index.php?rest_route=\/wp\/v2\/types\/post"}],"author":[{"embeddable":true,"href":"https:\/\/www.24baires.com\/index.php?rest_route=\/wp\/v2\/users\/11"}],"replies":[{"embeddable":true,"href":"https:\/\/www.24baires.com\/index.php?rest_route=%2Fwp%2Fv2%2Fcomments&post=5847"}],"version-history":[{"count":4,"href":"https:\/\/www.24baires.com\/index.php?rest_route=\/wp\/v2\/posts\/5847\/revisions"}],"predecessor-version":[{"id":5851,"href":"https:\/\/www.24baires.com\/index.php?rest_route=\/wp\/v2\/posts\/5847\/revisions\/5851"}],"wp:attachment":[{"href":"https:\/\/www.24baires.com\/index.php?rest_route=%2Fwp%2Fv2%2Fmedia&parent=5847"}],"wp:term":[{"taxonomy":"category","embeddable":true,"href":"https:\/\/www.24baires.com\/index.php?rest_route=%2Fwp%2Fv2%2Fcategories&post=5847"},{"taxonomy":"post_tag","embeddable":true,"href":"https:\/\/www.24baires.com\/index.php?rest_route=%2Fwp%2Fv2%2Ftags&post=5847"}],"curies":[{"name":"wp","href":"https:\/\/api.w.org\/{rel}","templated":true}]}}