{"id":5844,"date":"2012-11-17T21:09:04","date_gmt":"2012-11-18T00:09:04","guid":{"rendered":"http:\/\/www.24baires.com\/?p=5844"},"modified":"2012-11-17T21:09:05","modified_gmt":"2012-11-18T00:09:05","slug":"realizaron-un-ejercicio-sobre-un-eventual-ataque-cibernetico","status":"publish","type":"post","link":"https:\/\/www.24baires.com\/?p=5844","title":{"rendered":"Realizaron un ejercicio sobre un eventual ataque cibern\u00e9tico"},"content":{"rendered":"<p>El director de la ONTI, Pedro Janices, hizo referencia al simulacro hecho la semana pasada. Explic\u00f3 que \u00abtodos los pa\u00edses tienen que estar preparados para un evento de ese tipo\u00bb. El operativo se realiz\u00f3 en forma conjunta con la OEA.\u00a0<!--more--><\/p>\n<p>El director de la Oficina Nacional de Tecnolog\u00eda de la Informaci\u00f3n, Pedro Janices, hizo referencia al trabajo que se realiza con la OEA para mejorar el ecosistema de Internet.<\/p>\n<p>Destac\u00f3 que \u201ctodos los pa\u00edses tienen que estar preparados para un posible ataque cibern\u00e9tico\u201d y detall\u00f3 el ejercicio que se realiz\u00f3 para tratar de graficar un eventual problema en las redes de un pa\u00eds.<\/p>\n<p>Janices sostuvo que \u201cla idea es ver cu\u00e1les son los errores que se pueden dar en las cadenas de informaci\u00f3n\u201d y se\u00f1al\u00f3 que este ejercicio ya se hizo en Colombia y el a\u00f1o que viene se desarrollar\u00e1 en M\u00e9xico.<\/p>\n<p>A\u00f1adi\u00f3 que \u201chay cosas a\u00fan por aprender, hay lecciones que tomar y terminamos todos los participantes de este evento muy contentos\u201d.<\/p>\n<p>&nbsp;<\/p>\n<p>&nbsp;<\/p>\n<p>&nbsp;<\/p>\n<p>&nbsp;<\/p>\n","protected":false},"excerpt":{"rendered":"<p>El director de la ONTI, Pedro Janices, hizo referencia al simulacro hecho la semana pasada. Explic\u00f3 que \u00abtodos los pa\u00edses tienen que estar preparados para un evento de ese tipo\u00bb. El operativo se realiz\u00f3 en forma conjunta con la OEA.\u00a0<\/p>\n","protected":false},"author":11,"featured_media":0,"comment_status":"open","ping_status":"open","sticky":false,"template":"","format":"standard","meta":{"_jetpack_newsletter_access":"","_jetpack_dont_email_post_to_subs":false,"_jetpack_newsletter_tier_id":0,"_jetpack_memberships_contains_paywalled_content":false,"_jetpack_memberships_contains_paid_content":false,"footnotes":""},"categories":[46],"tags":[],"class_list":["post-5844","post","type-post","status-publish","format-standard","hentry","category-tecnologia"],"jetpack_featured_media_url":"","jetpack_shortlink":"https:\/\/wp.me\/p2JWE0-1wg","jetpack-related-posts":[{"id":112942,"url":"https:\/\/www.24baires.com\/?p=112942","url_meta":{"origin":5844,"position":0},"title":"Lipovetsky toma distancia del Gobierno y pide a la OEA intervenga en Bolivia","author":"GB","date":"11\/11\/2019","format":false,"excerpt":"Preocupado por la situaci\u00f3n que atraviesa el pa\u00eds vecino, el diputado nacional adelant\u00f3 que pidi\u00f3 una sesi\u00f3n especial, en la C\u00e1mara baja, para abordar el hecho. \u201cCuando uno ve que las fuerzas armadas de un pa\u00eds hermano sugieren la renuncia del presidente, estamos hablando de un golpe de un golpe\u2026","rel":"","context":"En \u00abPol\u00edtica\u00bb","block_context":{"text":"Pol\u00edtica","link":"https:\/\/www.24baires.com\/?cat=51"},"img":{"alt_text":"","src":"https:\/\/i0.wp.com\/www.24baires.com\/wp-content\/uploads\/2019\/11\/lipovetsky.jpg?resize=350%2C200","width":350,"height":200,"srcset":"https:\/\/i0.wp.com\/www.24baires.com\/wp-content\/uploads\/2019\/11\/lipovetsky.jpg?resize=350%2C200 1x, https:\/\/i0.wp.com\/www.24baires.com\/wp-content\/uploads\/2019\/11\/lipovetsky.jpg?resize=525%2C300 1.5x"},"classes":[]},{"id":107656,"url":"https:\/\/www.24baires.com\/?p=107656","url_meta":{"origin":5844,"position":1},"title":"EEUU entreg\u00f3 documentos desclasificados sobre la dictadura en Argentina","author":"GB","date":"14\/04\/2019","format":false,"excerpt":"En total se entregaron m\u00e1s de 50 mil p\u00e1ginas entre las que figuran comunicaciones entre la embajada y el Departamento de Estado El Gobierno argentino recibi\u00f3 este viernes en Washington la cuarta entrega de documentos desclasificados por los Estados Unidos relacionados con abusos a los derechos humanos cometidos antes y\u2026","rel":"","context":"En \u00abMemoria\u00bb","block_context":{"text":"Memoria","link":"https:\/\/www.24baires.com\/?cat=50"},"img":{"alt_text":"","src":"https:\/\/i0.wp.com\/www.24baires.com\/wp-content\/uploads\/2019\/04\/eeuu-garavagno.jpg?resize=350%2C200","width":350,"height":200,"srcset":"https:\/\/i0.wp.com\/www.24baires.com\/wp-content\/uploads\/2019\/04\/eeuu-garavagno.jpg?resize=350%2C200 1x, https:\/\/i0.wp.com\/www.24baires.com\/wp-content\/uploads\/2019\/04\/eeuu-garavagno.jpg?resize=525%2C300 1.5x"},"classes":[]},{"id":112966,"url":"https:\/\/www.24baires.com\/?p=112966","url_meta":{"origin":5844,"position":2},"title":"Ahora s\u00ed Macri repudi\u00f3 la \u201cviolencia\u201d en Bolivia y pidi\u00f3 elecciones \u201clibres y justas\u201d","author":"GB","date":"12\/11\/2019","format":false,"excerpt":"El presidente rompi\u00f3 el silencio que lo ven\u00eda acompa\u00f1ando desde que Evo Morales denunci\u00f3 un golpe de Estado el pasado domingo. \"Quiero dejar claro que repudiamos la violencia de cualquier tipo y bajo cualquier circunstancia\u201d, expres\u00f3 en l\u00ednea con el discurso de la OEA. Dos d\u00edas despu\u00e9s de que se\u2026","rel":"","context":"En \u00abPol\u00edtica\u00bb","block_context":{"text":"Pol\u00edtica","link":"https:\/\/www.24baires.com\/?cat=51"},"img":{"alt_text":"","src":"https:\/\/i0.wp.com\/www.24baires.com\/wp-content\/uploads\/2019\/11\/macri-evo.jpg?resize=350%2C200","width":350,"height":200,"srcset":"https:\/\/i0.wp.com\/www.24baires.com\/wp-content\/uploads\/2019\/11\/macri-evo.jpg?resize=350%2C200 1x, https:\/\/i0.wp.com\/www.24baires.com\/wp-content\/uploads\/2019\/11\/macri-evo.jpg?resize=525%2C300 1.5x"},"classes":[]},{"id":119858,"url":"https:\/\/www.24baires.com\/?p=119858","url_meta":{"origin":5844,"position":3},"title":"Cristina Fern\u00e1ndez denunci\u00f3 que es v\u00edctima de una \u201cescalada de violencia\u201d","author":"AF","date":"03\/03\/2023","format":false,"excerpt":"La Vicepresidenta se\u00f1al\u00f3 ante una comitiva de expertas de la OEA que los ataques son \u201cpor motivos pol\u00edticos y de g\u00e9nero\u201d, y que la situaci\u00f3n se profundiz\u00f3 a lo largo de los mandatos que ejerci\u00f3 hasta llegar al intento de magnicidio del 1\u00ba de septiembre pasado. Cristina Fern\u00e1ndez de Kirchner\u2026","rel":"","context":"En \u00abSociedad\u00bb","block_context":{"text":"Sociedad","link":"https:\/\/www.24baires.com\/?cat=1"},"img":{"alt_text":"","src":"https:\/\/i0.wp.com\/www.24baires.com\/wp-content\/uploads\/2022\/09\/cristinakirchnerjpg.jpg?resize=350%2C200","width":350,"height":200,"srcset":"https:\/\/i0.wp.com\/www.24baires.com\/wp-content\/uploads\/2022\/09\/cristinakirchnerjpg.jpg?resize=350%2C200 1x, https:\/\/i0.wp.com\/www.24baires.com\/wp-content\/uploads\/2022\/09\/cristinakirchnerjpg.jpg?resize=525%2C300 1.5x, https:\/\/i0.wp.com\/www.24baires.com\/wp-content\/uploads\/2022\/09\/cristinakirchnerjpg.jpg?resize=700%2C400 2x"},"classes":[]},{"id":104148,"url":"https:\/\/www.24baires.com\/?p=104148","url_meta":{"origin":5844,"position":4},"title":"\u00abEl pa\u00eds est\u00e1 sometido a un estado de excepci\u00f3n permanente\u00bb","author":"AF","date":"28\/08\/2018","format":false,"excerpt":"Durante una conferencia de prensa encabezada por Abuelas de Plaza de Mayo, Madres L\u00ednea Fundadora y Familiares, los organismos convocantes denunciaron que la pol\u00edtica econ\u00f3mica vigente, que perjudica a las grandes mayor\u00edas, solo se sostiene con \"persecuci\u00f3n y represi\u00f3n\". Adem\u00e1s, alertaron que \"es el propio Estado de derecho el que\u2026","rel":"","context":"En \u00abSociedad\u00bb","block_context":{"text":"Sociedad","link":"https:\/\/www.24baires.com\/?cat=1"},"img":{"alt_text":"","src":"https:\/\/i0.wp.com\/www.24baires.com\/wp-content\/uploads\/2017\/10\/carlotto-maldonado.jpg?resize=350%2C200","width":350,"height":200,"srcset":"https:\/\/i0.wp.com\/www.24baires.com\/wp-content\/uploads\/2017\/10\/carlotto-maldonado.jpg?resize=350%2C200 1x, https:\/\/i0.wp.com\/www.24baires.com\/wp-content\/uploads\/2017\/10\/carlotto-maldonado.jpg?resize=525%2C300 1.5x"},"classes":[]},{"id":56884,"url":"https:\/\/www.24baires.com\/?p=56884","url_meta":{"origin":5844,"position":5},"title":"Timerman asegur\u00f3 que la causa Malvinas \u00abes una cuesti\u00f3n regional\u00bb","author":"GB","date":"10\/11\/2014","format":false,"excerpt":"El canciller asegur\u00f3 al participar en la sesi\u00f3n extraordinaria del Parlamento del Mercosur que \"cuando la corona brit\u00e1nica ocup\u00f3 las islas lo hizo para controlar el \u00fanico paso natural entre el Pac\u00edfico y el Atl\u00e1ntico\". \"Cuando la corona brit\u00e1nica ocup\u00f3 las Islas Malvinas a sabiendas de que no tenia t\u00edtulo\u2026","rel":"","context":"En \u00abPol\u00edtica\u00bb","block_context":{"text":"Pol\u00edtica","link":"https:\/\/www.24baires.com\/?cat=51"},"img":{"alt_text":"timerman","src":"https:\/\/i0.wp.com\/www.24baires.com\/wp-content\/uploads\/2014\/08\/timerman.jpg?resize=350%2C200","width":350,"height":200,"srcset":"https:\/\/i0.wp.com\/www.24baires.com\/wp-content\/uploads\/2014\/08\/timerman.jpg?resize=350%2C200 1x, https:\/\/i0.wp.com\/www.24baires.com\/wp-content\/uploads\/2014\/08\/timerman.jpg?resize=525%2C300 1.5x"},"classes":[]}],"jetpack_sharing_enabled":true,"jetpack_likes_enabled":true,"_links":{"self":[{"href":"https:\/\/www.24baires.com\/index.php?rest_route=\/wp\/v2\/posts\/5844","targetHints":{"allow":["GET"]}}],"collection":[{"href":"https:\/\/www.24baires.com\/index.php?rest_route=\/wp\/v2\/posts"}],"about":[{"href":"https:\/\/www.24baires.com\/index.php?rest_route=\/wp\/v2\/types\/post"}],"author":[{"embeddable":true,"href":"https:\/\/www.24baires.com\/index.php?rest_route=\/wp\/v2\/users\/11"}],"replies":[{"embeddable":true,"href":"https:\/\/www.24baires.com\/index.php?rest_route=%2Fwp%2Fv2%2Fcomments&post=5844"}],"version-history":[{"count":2,"href":"https:\/\/www.24baires.com\/index.php?rest_route=\/wp\/v2\/posts\/5844\/revisions"}],"predecessor-version":[{"id":5846,"href":"https:\/\/www.24baires.com\/index.php?rest_route=\/wp\/v2\/posts\/5844\/revisions\/5846"}],"wp:attachment":[{"href":"https:\/\/www.24baires.com\/index.php?rest_route=%2Fwp%2Fv2%2Fmedia&parent=5844"}],"wp:term":[{"taxonomy":"category","embeddable":true,"href":"https:\/\/www.24baires.com\/index.php?rest_route=%2Fwp%2Fv2%2Fcategories&post=5844"},{"taxonomy":"post_tag","embeddable":true,"href":"https:\/\/www.24baires.com\/index.php?rest_route=%2Fwp%2Fv2%2Ftags&post=5844"}],"curies":[{"name":"wp","href":"https:\/\/api.w.org\/{rel}","templated":true}]}}